{"id":110,"date":"2021-03-26T00:00:00","date_gmt":"2021-03-25T23:00:00","guid":{"rendered":"https:\/\/blogs.uni-siegen.de\/architekturlehre1zu1\/?p=110"},"modified":"2024-02-04T21:58:40","modified_gmt":"2024-02-04T20:58:40","slug":"konstruktion-raum-material","status":"publish","type":"post","link":"https:\/\/blogs.uni-siegen.de\/architekturlehre1zu1\/2021\/03\/26\/konstruktion-raum-material\/","title":{"rendered":"Konstruktion &#8211; Raum  -Material"},"content":{"rendered":"\n<h5 class=\"wp-block-heading\">Baukonstruktion WS 20\/21<\/h5>\n\n\n\n<p class=\"has-small-font-size\">Die Konstruktion ist eine der wesentlichen Grundlagen der Architektur, nicht zuletzt weil Architektur nicht abstrakt, sondern immer konkret ist und es keine Architektur ohne Konstruktion gibt. So wie der Raum dem Zweck, die Form dem Raum, so geht die Konstruktion der Form nach und das Material der Konstruktion. Der Annahme nach steht Konstruktion in unmittelbarer und korrelativer Beziehung zu Form, also Raum und Material.<\/p>\n\n\n\n<p class=\"has-small-font-size\">In Ihrem 1.Semester sollen Sie sich mit genau diesen drei wesentlichen Grundlagen der Architektur besch\u00e4ftigen. Wir werden Sie innerhalb des Semster an die Themen Konstruktionen, Raumeigenschaften, Bauteile, F\u00fcgungen etc. heranf\u00fchren und an Hand von \u00dcbungen ihr Grundlagenwissen aufbauen.&nbsp;<\/p>\n\n\n\n<p class=\"has-small-font-size\">Nebst der theoretischen Herangehensweise, werden wir auch die fundamentalen praktischen F\u00e4higkeiten \u201eEntwerfen, Zeichnen und Bauen\u201c in Angriff nehmen.<\/p>\n\n\n\n<p class=\"has-small-font-size\">Am Ende des Semesters sollten Sie in der Lage sein, die Bedeutung der Konstruktion f\u00fcr die architektonische Gestalt des Baus zu verstehen und auch zu hinterfragen. Sie werden die unterschiedlichen Materialen in Theorie und Praxis kennenlernen und ihr Gesp\u00fcr im Hinblick auf Konstruktion, F\u00fcgung, und Haptik sch\u00e4rfen.<\/p>\n\n\n\n<p class=\"has-small-font-size\">Das gesamte Semester ist aufgeteilt in drei Ebenen der inhaltlichen Vermittlung. Dies geschieht in Form von Lehrtutorials, Seminaren und der \u00dcbungsbetreuung seitens des Lehrstuhls.<\/p>\n\n\n\n<p class=\"has-small-font-size\">Wir werden uns mit den Prim\u00e4rkonstruktionen von 3 unterschiedlichen Materialien besch\u00e4ftigen (Stein &amp; Beton, Holz und Stahl). Zu jedem dieser drei Themenbl\u00f6cke wird es Teilaufgaben geben die innerhalb des Semesters bearbeitet werden. Dazu geh\u00f6ren Rechercheaufgaben, Zeichnerische und textliche Bearbeitung, sowie letzlich auch das bauen und haptische kennenlernen der Materialien.<\/p>\n\n\n\n<p><\/p>\n\n\n\n<h5 class=\"wp-block-heading\">Teil\u00fcbung 1.3\u23aeStein &amp; Beton<\/h5>\n\n\n\n<div class=\"wp-block-group\"><div class=\"wp-block-group__inner-container is-layout-flow wp-block-group-is-layout-flow\">\n<div class=\"wp-block-group\"><div class=\"wp-block-group__inner-container is-layout-flow wp-block-group-is-layout-flow\">\n<div class=\"wp-block-group\"><div class=\"wp-block-group__inner-container is-layout-flow wp-block-group-is-layout-flow\">\n<figure class=\"wp-block-gallery has-nested-images columns-3 is-cropped wp-block-gallery-1 is-layout-flex wp-block-gallery-is-layout-flex\">\n<figure class=\"wp-block-image size-medium\"><a href=\"https:\/\/blogs.uni-siegen.de\/architekturlehre1zu1\/files\/2021\/02\/1564897_Walbr\u00f6l_Teil\u00fcbung-1.3-verschoben-scaled.jpg\"><img loading=\"lazy\" decoding=\"async\" width=\"212\" height=\"300\" data-id=\"164\" src=\"https:\/\/blogs.uni-siegen.de\/architekturlehre1zu1\/files\/2021\/02\/1564897_Walbr\u00f6l_Teil\u00fcbung-1.3-verschoben-212x300.jpg\" alt=\"\" class=\"wp-image-164\" srcset=\"https:\/\/blogs.uni-siegen.de\/architekturlehre1zu1\/files\/2021\/02\/1564897_Walbr\u00f6l_Teil\u00fcbung-1.3-verschoben-212x300.jpg 212w, https:\/\/blogs.uni-siegen.de\/architekturlehre1zu1\/files\/2021\/02\/1564897_Walbr\u00f6l_Teil\u00fcbung-1.3-verschoben-724x1024.jpg 724w, https:\/\/blogs.uni-siegen.de\/architekturlehre1zu1\/files\/2021\/02\/1564897_Walbr\u00f6l_Teil\u00fcbung-1.3-verschoben-768x1086.jpg 768w, https:\/\/blogs.uni-siegen.de\/architekturlehre1zu1\/files\/2021\/02\/1564897_Walbr\u00f6l_Teil\u00fcbung-1.3-verschoben-1086x1536.jpg 1086w, https:\/\/blogs.uni-siegen.de\/architekturlehre1zu1\/files\/2021\/02\/1564897_Walbr\u00f6l_Teil\u00fcbung-1.3-verschoben-1448x2048.jpg 1448w, https:\/\/blogs.uni-siegen.de\/architekturlehre1zu1\/files\/2021\/02\/1564897_Walbr\u00f6l_Teil\u00fcbung-1.3-verschoben-1200x1697.jpg 1200w, https:\/\/blogs.uni-siegen.de\/architekturlehre1zu1\/files\/2021\/02\/1564897_Walbr\u00f6l_Teil\u00fcbung-1.3-verschoben-1980x2800.jpg 1980w, https:\/\/blogs.uni-siegen.de\/architekturlehre1zu1\/files\/2021\/02\/1564897_Walbr\u00f6l_Teil\u00fcbung-1.3-verschoben-scaled.jpg 1810w\" sizes=\"auto, (max-width: 212px) 100vw, 212px\" \/><\/a><\/figure>\n\n\n\n<figure class=\"wp-block-image size-medium\"><a href=\"https:\/\/blogs.uni-siegen.de\/architekturlehre1zu1\/files\/2021\/03\/1564897_Walbr\u00f6l_Teil\u00fcbung-1.3-verschoben-3-scaled.jpg\"><img loading=\"lazy\" decoding=\"async\" width=\"212\" height=\"300\" data-id=\"403\" src=\"https:\/\/blogs.uni-siegen.de\/architekturlehre1zu1\/files\/2021\/03\/1564897_Walbr\u00f6l_Teil\u00fcbung-1.3-verschoben-3-212x300.jpg\" alt=\"\" class=\"wp-image-403\" srcset=\"https:\/\/blogs.uni-siegen.de\/architekturlehre1zu1\/files\/2021\/03\/1564897_Walbr\u00f6l_Teil\u00fcbung-1.3-verschoben-3-212x300.jpg 212w, https:\/\/blogs.uni-siegen.de\/architekturlehre1zu1\/files\/2021\/03\/1564897_Walbr\u00f6l_Teil\u00fcbung-1.3-verschoben-3-724x1024.jpg 724w, https:\/\/blogs.uni-siegen.de\/architekturlehre1zu1\/files\/2021\/03\/1564897_Walbr\u00f6l_Teil\u00fcbung-1.3-verschoben-3-768x1086.jpg 768w, https:\/\/blogs.uni-siegen.de\/architekturlehre1zu1\/files\/2021\/03\/1564897_Walbr\u00f6l_Teil\u00fcbung-1.3-verschoben-3-1086x1536.jpg 1086w, https:\/\/blogs.uni-siegen.de\/architekturlehre1zu1\/files\/2021\/03\/1564897_Walbr\u00f6l_Teil\u00fcbung-1.3-verschoben-3-1448x2048.jpg 1448w, https:\/\/blogs.uni-siegen.de\/architekturlehre1zu1\/files\/2021\/03\/1564897_Walbr\u00f6l_Teil\u00fcbung-1.3-verschoben-3-1200x1697.jpg 1200w, https:\/\/blogs.uni-siegen.de\/architekturlehre1zu1\/files\/2021\/03\/1564897_Walbr\u00f6l_Teil\u00fcbung-1.3-verschoben-3-1980x2800.jpg 1980w, https:\/\/blogs.uni-siegen.de\/architekturlehre1zu1\/files\/2021\/03\/1564897_Walbr\u00f6l_Teil\u00fcbung-1.3-verschoben-3-scaled.jpg 1810w\" sizes=\"auto, (max-width: 212px) 100vw, 212px\" \/><\/a><\/figure>\n\n\n\n<figure class=\"wp-block-image size-medium\"><a href=\"https:\/\/blogs.uni-siegen.de\/architekturlehre1zu1\/files\/2021\/03\/1581412_Becker_Teil\u00fcbung1.3-verschoben-2-scaled.jpg\"><img loading=\"lazy\" decoding=\"async\" width=\"300\" height=\"211\" data-id=\"425\" src=\"https:\/\/blogs.uni-siegen.de\/architekturlehre1zu1\/files\/2021\/03\/1581412_Becker_Teil\u00fcbung1.3-verschoben-2-300x211.jpg\" alt=\"\" class=\"wp-image-425\" srcset=\"https:\/\/blogs.uni-siegen.de\/architekturlehre1zu1\/files\/2021\/03\/1581412_Becker_Teil\u00fcbung1.3-verschoben-2-300x211.jpg 300w, https:\/\/blogs.uni-siegen.de\/architekturlehre1zu1\/files\/2021\/03\/1581412_Becker_Teil\u00fcbung1.3-verschoben-2-1024x721.jpg 1024w, https:\/\/blogs.uni-siegen.de\/architekturlehre1zu1\/files\/2021\/03\/1581412_Becker_Teil\u00fcbung1.3-verschoben-2-768x541.jpg 768w, https:\/\/blogs.uni-siegen.de\/architekturlehre1zu1\/files\/2021\/03\/1581412_Becker_Teil\u00fcbung1.3-verschoben-2-1536x1081.jpg 1536w, https:\/\/blogs.uni-siegen.de\/architekturlehre1zu1\/files\/2021\/03\/1581412_Becker_Teil\u00fcbung1.3-verschoben-2-2048x1442.jpg 2048w, https:\/\/blogs.uni-siegen.de\/architekturlehre1zu1\/files\/2021\/03\/1581412_Becker_Teil\u00fcbung1.3-verschoben-2-1200x845.jpg 1200w, https:\/\/blogs.uni-siegen.de\/architekturlehre1zu1\/files\/2021\/03\/1581412_Becker_Teil\u00fcbung1.3-verschoben-2-1980x1394.jpg 1980w\" sizes=\"auto, (max-width: 300px) 100vw, 300px\" \/><\/a><\/figure>\n<\/figure>\n<\/div><\/div>\n<\/div><\/div>\n<\/div><\/div>\n\n\n\n<p><\/p>\n\n\n\n<h5 class=\"wp-block-heading\">Teil\u00fcbung 2.3\u23aeHolz<\/h5>\n\n\n\n<figure class=\"wp-block-gallery has-nested-images columns-2 is-cropped wp-block-gallery-2 is-layout-flex wp-block-gallery-is-layout-flex\">\n<figure class=\"wp-block-image size-medium\"><a href=\"https:\/\/blogs.uni-siegen.de\/architekturlehre1zu1\/files\/2021\/03\/1571154_Arens_Teil\u00fcbung2.3.pdf-1-1-scaled.jpg\"><img loading=\"lazy\" decoding=\"async\" width=\"200\" height=\"300\" data-id=\"411\" src=\"https:\/\/blogs.uni-siegen.de\/architekturlehre1zu1\/files\/2021\/03\/1571154_Arens_Teil\u00fcbung2.3.pdf-1-1-200x300.jpg\" alt=\"\" class=\"wp-image-411\" srcset=\"https:\/\/blogs.uni-siegen.de\/architekturlehre1zu1\/files\/2021\/03\/1571154_Arens_Teil\u00fcbung2.3.pdf-1-1-200x300.jpg 200w, https:\/\/blogs.uni-siegen.de\/architekturlehre1zu1\/files\/2021\/03\/1571154_Arens_Teil\u00fcbung2.3.pdf-1-1-682x1024.jpg 682w, https:\/\/blogs.uni-siegen.de\/architekturlehre1zu1\/files\/2021\/03\/1571154_Arens_Teil\u00fcbung2.3.pdf-1-1-768x1153.jpg 768w, https:\/\/blogs.uni-siegen.de\/architekturlehre1zu1\/files\/2021\/03\/1571154_Arens_Teil\u00fcbung2.3.pdf-1-1-1023x1536.jpg 1023w, https:\/\/blogs.uni-siegen.de\/architekturlehre1zu1\/files\/2021\/03\/1571154_Arens_Teil\u00fcbung2.3.pdf-1-1-1364x2048.jpg 1364w, https:\/\/blogs.uni-siegen.de\/architekturlehre1zu1\/files\/2021\/03\/1571154_Arens_Teil\u00fcbung2.3.pdf-1-1-1200x1801.jpg 1200w, https:\/\/blogs.uni-siegen.de\/architekturlehre1zu1\/files\/2021\/03\/1571154_Arens_Teil\u00fcbung2.3.pdf-1-1-1980x2972.jpg 1980w, https:\/\/blogs.uni-siegen.de\/architekturlehre1zu1\/files\/2021\/03\/1571154_Arens_Teil\u00fcbung2.3.pdf-1-1-scaled.jpg 1705w\" sizes=\"auto, (max-width: 200px) 100vw, 200px\" \/><\/a><\/figure>\n\n\n\n<figure class=\"wp-block-image size-medium\"><a href=\"https:\/\/blogs.uni-siegen.de\/architekturlehre1zu1\/files\/2021\/03\/1571154_Arens_Teil\u00fcbung2.3.pdf-2-2-scaled.jpg\"><img loading=\"lazy\" decoding=\"async\" width=\"210\" height=\"300\" data-id=\"412\" src=\"https:\/\/blogs.uni-siegen.de\/architekturlehre1zu1\/files\/2021\/03\/1571154_Arens_Teil\u00fcbung2.3.pdf-2-2-210x300.jpg\" alt=\"\" class=\"wp-image-412\" srcset=\"https:\/\/blogs.uni-siegen.de\/architekturlehre1zu1\/files\/2021\/03\/1571154_Arens_Teil\u00fcbung2.3.pdf-2-2-210x300.jpg 210w, https:\/\/blogs.uni-siegen.de\/architekturlehre1zu1\/files\/2021\/03\/1571154_Arens_Teil\u00fcbung2.3.pdf-2-2-715x1024.jpg 715w, https:\/\/blogs.uni-siegen.de\/architekturlehre1zu1\/files\/2021\/03\/1571154_Arens_Teil\u00fcbung2.3.pdf-2-2-768x1100.jpg 768w, https:\/\/blogs.uni-siegen.de\/architekturlehre1zu1\/files\/2021\/03\/1571154_Arens_Teil\u00fcbung2.3.pdf-2-2-1073x1536.jpg 1073w, https:\/\/blogs.uni-siegen.de\/architekturlehre1zu1\/files\/2021\/03\/1571154_Arens_Teil\u00fcbung2.3.pdf-2-2-1430x2048.jpg 1430w, https:\/\/blogs.uni-siegen.de\/architekturlehre1zu1\/files\/2021\/03\/1571154_Arens_Teil\u00fcbung2.3.pdf-2-2-1200x1718.jpg 1200w, https:\/\/blogs.uni-siegen.de\/architekturlehre1zu1\/files\/2021\/03\/1571154_Arens_Teil\u00fcbung2.3.pdf-2-2-1980x2835.jpg 1980w, https:\/\/blogs.uni-siegen.de\/architekturlehre1zu1\/files\/2021\/03\/1571154_Arens_Teil\u00fcbung2.3.pdf-2-2-scaled.jpg 1788w\" sizes=\"auto, (max-width: 210px) 100vw, 210px\" \/><\/a><\/figure>\n\n\n\n<figure class=\"wp-block-image size-medium\"><a href=\"https:\/\/blogs.uni-siegen.de\/architekturlehre1zu1\/files\/2021\/03\/1574874_Reinschmidt_Teil\u00fcbung-2.3-1.jpg\"><img loading=\"lazy\" decoding=\"async\" width=\"300\" height=\"210\" data-id=\"413\" src=\"https:\/\/blogs.uni-siegen.de\/architekturlehre1zu1\/files\/2021\/03\/1574874_Reinschmidt_Teil\u00fcbung-2.3-1-300x210.jpg\" alt=\"\" class=\"wp-image-413\" srcset=\"https:\/\/blogs.uni-siegen.de\/architekturlehre1zu1\/files\/2021\/03\/1574874_Reinschmidt_Teil\u00fcbung-2.3-1-300x210.jpg 300w, https:\/\/blogs.uni-siegen.de\/architekturlehre1zu1\/files\/2021\/03\/1574874_Reinschmidt_Teil\u00fcbung-2.3-1-1024x716.jpg 1024w, https:\/\/blogs.uni-siegen.de\/architekturlehre1zu1\/files\/2021\/03\/1574874_Reinschmidt_Teil\u00fcbung-2.3-1-768x537.jpg 768w, https:\/\/blogs.uni-siegen.de\/architekturlehre1zu1\/files\/2021\/03\/1574874_Reinschmidt_Teil\u00fcbung-2.3-1-1536x1074.jpg 1536w, https:\/\/blogs.uni-siegen.de\/architekturlehre1zu1\/files\/2021\/03\/1574874_Reinschmidt_Teil\u00fcbung-2.3-1-2048x1432.jpg 2048w, https:\/\/blogs.uni-siegen.de\/architekturlehre1zu1\/files\/2021\/03\/1574874_Reinschmidt_Teil\u00fcbung-2.3-1-1200x839.jpg 1200w, https:\/\/blogs.uni-siegen.de\/architekturlehre1zu1\/files\/2021\/03\/1574874_Reinschmidt_Teil\u00fcbung-2.3-1-1980x1385.jpg 1980w\" sizes=\"auto, (max-width: 300px) 100vw, 300px\" \/><\/a><\/figure>\n<\/figure>\n\n\n\n<p><\/p>\n\n\n\n<h5 class=\"wp-block-heading\">Teil\u00fcbung 3.3\u23aeStahl<\/h5>\n\n\n\n<figure class=\"wp-block-gallery has-nested-images columns-2 is-cropped wp-block-gallery-3 is-layout-flex wp-block-gallery-is-layout-flex\">\n<figure class=\"wp-block-image size-medium\"><a href=\"https:\/\/blogs.uni-siegen.de\/architekturlehre1zu1\/files\/2021\/03\/1571154_Arens_Teil\u00fcbung3.3.pdf-1-scaled.jpg\"><img loading=\"lazy\" decoding=\"async\" width=\"210\" height=\"300\" data-id=\"419\" src=\"https:\/\/blogs.uni-siegen.de\/architekturlehre1zu1\/files\/2021\/03\/1571154_Arens_Teil\u00fcbung3.3.pdf-1-210x300.jpg\" alt=\"\" class=\"wp-image-419\" srcset=\"https:\/\/blogs.uni-siegen.de\/architekturlehre1zu1\/files\/2021\/03\/1571154_Arens_Teil\u00fcbung3.3.pdf-1-210x300.jpg 210w, https:\/\/blogs.uni-siegen.de\/architekturlehre1zu1\/files\/2021\/03\/1571154_Arens_Teil\u00fcbung3.3.pdf-1-717x1024.jpg 717w, https:\/\/blogs.uni-siegen.de\/architekturlehre1zu1\/files\/2021\/03\/1571154_Arens_Teil\u00fcbung3.3.pdf-1-768x1098.jpg 768w, https:\/\/blogs.uni-siegen.de\/architekturlehre1zu1\/files\/2021\/03\/1571154_Arens_Teil\u00fcbung3.3.pdf-1-1075x1536.jpg 1075w, https:\/\/blogs.uni-siegen.de\/architekturlehre1zu1\/files\/2021\/03\/1571154_Arens_Teil\u00fcbung3.3.pdf-1-1433x2048.jpg 1433w, https:\/\/blogs.uni-siegen.de\/architekturlehre1zu1\/files\/2021\/03\/1571154_Arens_Teil\u00fcbung3.3.pdf-1-1200x1715.jpg 1200w, https:\/\/blogs.uni-siegen.de\/architekturlehre1zu1\/files\/2021\/03\/1571154_Arens_Teil\u00fcbung3.3.pdf-1-1980x2830.jpg 1980w, https:\/\/blogs.uni-siegen.de\/architekturlehre1zu1\/files\/2021\/03\/1571154_Arens_Teil\u00fcbung3.3.pdf-1-scaled.jpg 1791w\" sizes=\"auto, (max-width: 210px) 100vw, 210px\" \/><\/a><\/figure>\n\n\n\n<figure class=\"wp-block-image size-medium\"><a href=\"https:\/\/blogs.uni-siegen.de\/architekturlehre1zu1\/files\/2021\/03\/1571154_Arens_Teil\u00fcbung3.3.pdf-2-scaled.jpg\"><img loading=\"lazy\" decoding=\"async\" width=\"195\" height=\"300\" data-id=\"420\" src=\"https:\/\/blogs.uni-siegen.de\/architekturlehre1zu1\/files\/2021\/03\/1571154_Arens_Teil\u00fcbung3.3.pdf-2-195x300.jpg\" alt=\"\" class=\"wp-image-420\" srcset=\"https:\/\/blogs.uni-siegen.de\/architekturlehre1zu1\/files\/2021\/03\/1571154_Arens_Teil\u00fcbung3.3.pdf-2-195x300.jpg 195w, https:\/\/blogs.uni-siegen.de\/architekturlehre1zu1\/files\/2021\/03\/1571154_Arens_Teil\u00fcbung3.3.pdf-2-666x1024.jpg 666w, https:\/\/blogs.uni-siegen.de\/architekturlehre1zu1\/files\/2021\/03\/1571154_Arens_Teil\u00fcbung3.3.pdf-2-768x1181.jpg 768w, https:\/\/blogs.uni-siegen.de\/architekturlehre1zu1\/files\/2021\/03\/1571154_Arens_Teil\u00fcbung3.3.pdf-2-999x1536.jpg 999w, https:\/\/blogs.uni-siegen.de\/architekturlehre1zu1\/files\/2021\/03\/1571154_Arens_Teil\u00fcbung3.3.pdf-2-1332x2048.jpg 1332w, https:\/\/blogs.uni-siegen.de\/architekturlehre1zu1\/files\/2021\/03\/1571154_Arens_Teil\u00fcbung3.3.pdf-2-1200x1846.jpg 1200w, https:\/\/blogs.uni-siegen.de\/architekturlehre1zu1\/files\/2021\/03\/1571154_Arens_Teil\u00fcbung3.3.pdf-2-1980x3045.jpg 1980w, https:\/\/blogs.uni-siegen.de\/architekturlehre1zu1\/files\/2021\/03\/1571154_Arens_Teil\u00fcbung3.3.pdf-2-scaled.jpg 1665w\" sizes=\"auto, (max-width: 195px) 100vw, 195px\" \/><\/a><\/figure>\n\n\n\n<figure class=\"wp-block-image size-medium\"><a href=\"https:\/\/blogs.uni-siegen.de\/architekturlehre1zu1\/files\/2021\/03\/1574874_Reinschmidt_Teil\u00fcbung-3.3.jpg\"><img loading=\"lazy\" decoding=\"async\" width=\"300\" height=\"200\" data-id=\"421\" src=\"https:\/\/blogs.uni-siegen.de\/architekturlehre1zu1\/files\/2021\/03\/1574874_Reinschmidt_Teil\u00fcbung-3.3-300x200.jpg\" alt=\"\" class=\"wp-image-421\" srcset=\"https:\/\/blogs.uni-siegen.de\/architekturlehre1zu1\/files\/2021\/03\/1574874_Reinschmidt_Teil\u00fcbung-3.3-300x200.jpg 300w, https:\/\/blogs.uni-siegen.de\/architekturlehre1zu1\/files\/2021\/03\/1574874_Reinschmidt_Teil\u00fcbung-3.3-1024x683.jpg 1024w, https:\/\/blogs.uni-siegen.de\/architekturlehre1zu1\/files\/2021\/03\/1574874_Reinschmidt_Teil\u00fcbung-3.3-768x512.jpg 768w, https:\/\/blogs.uni-siegen.de\/architekturlehre1zu1\/files\/2021\/03\/1574874_Reinschmidt_Teil\u00fcbung-3.3-1536x1024.jpg 1536w, https:\/\/blogs.uni-siegen.de\/architekturlehre1zu1\/files\/2021\/03\/1574874_Reinschmidt_Teil\u00fcbung-3.3-2048x1366.jpg 2048w, https:\/\/blogs.uni-siegen.de\/architekturlehre1zu1\/files\/2021\/03\/1574874_Reinschmidt_Teil\u00fcbung-3.3-1200x800.jpg 1200w, https:\/\/blogs.uni-siegen.de\/architekturlehre1zu1\/files\/2021\/03\/1574874_Reinschmidt_Teil\u00fcbung-3.3-1980x1320.jpg 1980w\" sizes=\"auto, (max-width: 300px) 100vw, 300px\" \/><\/a><\/figure>\n<\/figure>\n","protected":false},"excerpt":{"rendered":"<p>Baukonstruktion WS 20\/21 Die Konstruktion ist eine der wesentlichen Grundlagen der Architektur, nicht zuletzt weil Architektur nicht abstrakt, sondern immer konkret ist und es keine Architektur ohne Konstruktion gibt. So wie der Raum dem Zweck, die Form dem Raum, so geht die Konstruktion der Form nach und das Material der Konstruktion. Der Annahme nach steht [&hellip;]<\/p>\n","protected":false},"author":474,"featured_media":610,"comment_status":"closed","ping_status":"closed","sticky":false,"template":"","format":"standard","meta":{"footnotes":""},"categories":[57,118349],"tags":[],"class_list":["post-110","post","type-post","status-publish","format-standard","has-post-thumbnail","hentry","category-allgemein","category-entwurf"],"yoast_head":"<!-- This site is optimized with the Yoast SEO plugin v27.5 - https:\/\/yoast.com\/product\/yoast-seo-wordpress\/ -->\n<title>Konstruktion - Raum -Material - Architekturlehre 1zu1<\/title>\n<meta name=\"robots\" content=\"index, follow, max-snippet:-1, max-image-preview:large, max-video-preview:-1\" \/>\n<link rel=\"canonical\" href=\"https:\/\/blogs.uni-siegen.de\/architekturlehre1zu1\/2021\/03\/26\/konstruktion-raum-material\/\" \/>\n<meta property=\"og:locale\" content=\"de_DE\" \/>\n<meta property=\"og:type\" content=\"article\" \/>\n<meta property=\"og:title\" content=\"Konstruktion - Raum -Material - Architekturlehre 1zu1\" \/>\n<meta property=\"og:description\" content=\"Baukonstruktion WS 20\/21 Die Konstruktion ist eine der wesentlichen Grundlagen der Architektur, nicht zuletzt weil Architektur nicht abstrakt, sondern immer konkret ist und es keine Architektur ohne Konstruktion gibt. So wie der Raum dem Zweck, die Form dem Raum, so geht die Konstruktion der Form nach und das Material der Konstruktion. Der Annahme nach steht [&hellip;]\" \/>\n<meta property=\"og:url\" content=\"https:\/\/blogs.uni-siegen.de\/architekturlehre1zu1\/2021\/03\/26\/konstruktion-raum-material\/\" \/>\n<meta property=\"og:site_name\" content=\"Architekturlehre 1zu1\" \/>\n<meta property=\"article:published_time\" content=\"2021-03-25T23:00:00+00:00\" \/>\n<meta property=\"article:modified_time\" content=\"2024-02-04T20:58:40+00:00\" \/>\n<meta property=\"og:image\" content=\"http:\/\/blogs.uni-siegen.de\/architekturlehre1zu1\/files\/2021\/04\/1564897_Walbroel_Teiluebung-2.3-verschoben-2-Kopie.jpg\" \/>\n\t<meta property=\"og:image:width\" content=\"900\" \/>\n\t<meta property=\"og:image:height\" content=\"1026\" \/>\n\t<meta property=\"og:image:type\" content=\"image\/jpeg\" \/>\n<meta name=\"author\" content=\"Alexandra Glaesner\" \/>\n<meta name=\"twitter:card\" content=\"summary_large_image\" \/>\n<meta name=\"twitter:label1\" content=\"Verfasst von\" \/>\n\t<meta name=\"twitter:data1\" content=\"Alexandra Glaesner\" \/>\n\t<meta name=\"twitter:label2\" content=\"Gesch\u00e4tzte Lesezeit\" \/>\n\t<meta name=\"twitter:data2\" content=\"4\u00a0Minuten\" \/>\n<script type=\"application\/ld+json\" class=\"yoast-schema-graph\">{\"@context\":\"https:\\\/\\\/schema.org\",\"@graph\":[{\"@type\":\"Article\",\"@id\":\"https:\\\/\\\/blogs.uni-siegen.de\\\/architekturlehre1zu1\\\/2021\\\/03\\\/26\\\/konstruktion-raum-material\\\/#article\",\"isPartOf\":{\"@id\":\"https:\\\/\\\/blogs.uni-siegen.de\\\/architekturlehre1zu1\\\/2021\\\/03\\\/26\\\/konstruktion-raum-material\\\/\"},\"author\":{\"name\":\"Alexandra Glaesner\",\"@id\":\"https:\\\/\\\/blogs.uni-siegen.de\\\/architekturlehre1zu1\\\/#\\\/schema\\\/person\\\/055671063a13f46272e7ac2f48eb5196\"},\"headline\":\"Konstruktion &#8211; Raum -Material\",\"datePublished\":\"2021-03-25T23:00:00+00:00\",\"dateModified\":\"2024-02-04T20:58:40+00:00\",\"mainEntityOfPage\":{\"@id\":\"https:\\\/\\\/blogs.uni-siegen.de\\\/architekturlehre1zu1\\\/2021\\\/03\\\/26\\\/konstruktion-raum-material\\\/\"},\"wordCount\":269,\"publisher\":{\"@id\":\"https:\\\/\\\/blogs.uni-siegen.de\\\/architekturlehre1zu1\\\/#organization\"},\"image\":{\"@id\":\"https:\\\/\\\/blogs.uni-siegen.de\\\/architekturlehre1zu1\\\/2021\\\/03\\\/26\\\/konstruktion-raum-material\\\/#primaryimage\"},\"thumbnailUrl\":\"https:\\\/\\\/blogs.uni-siegen.de\\\/architekturlehre1zu1\\\/files\\\/2021\\\/04\\\/1564897_Walbroel_Teiluebung-2.3-verschoben-2-Kopie.jpg\",\"articleSection\":[\"Baukonstruktion\",\"Entwurf\"],\"inLanguage\":\"de\"},{\"@type\":\"WebPage\",\"@id\":\"https:\\\/\\\/blogs.uni-siegen.de\\\/architekturlehre1zu1\\\/2021\\\/03\\\/26\\\/konstruktion-raum-material\\\/\",\"url\":\"https:\\\/\\\/blogs.uni-siegen.de\\\/architekturlehre1zu1\\\/2021\\\/03\\\/26\\\/konstruktion-raum-material\\\/\",\"name\":\"Konstruktion - Raum -Material - Architekturlehre 1zu1\",\"isPartOf\":{\"@id\":\"https:\\\/\\\/blogs.uni-siegen.de\\\/architekturlehre1zu1\\\/#website\"},\"primaryImageOfPage\":{\"@id\":\"https:\\\/\\\/blogs.uni-siegen.de\\\/architekturlehre1zu1\\\/2021\\\/03\\\/26\\\/konstruktion-raum-material\\\/#primaryimage\"},\"image\":{\"@id\":\"https:\\\/\\\/blogs.uni-siegen.de\\\/architekturlehre1zu1\\\/2021\\\/03\\\/26\\\/konstruktion-raum-material\\\/#primaryimage\"},\"thumbnailUrl\":\"https:\\\/\\\/blogs.uni-siegen.de\\\/architekturlehre1zu1\\\/files\\\/2021\\\/04\\\/1564897_Walbroel_Teiluebung-2.3-verschoben-2-Kopie.jpg\",\"datePublished\":\"2021-03-25T23:00:00+00:00\",\"dateModified\":\"2024-02-04T20:58:40+00:00\",\"breadcrumb\":{\"@id\":\"https:\\\/\\\/blogs.uni-siegen.de\\\/architekturlehre1zu1\\\/2021\\\/03\\\/26\\\/konstruktion-raum-material\\\/#breadcrumb\"},\"inLanguage\":\"de\",\"potentialAction\":[{\"@type\":\"ReadAction\",\"target\":[\"https:\\\/\\\/blogs.uni-siegen.de\\\/architekturlehre1zu1\\\/2021\\\/03\\\/26\\\/konstruktion-raum-material\\\/\"]}]},{\"@type\":\"ImageObject\",\"inLanguage\":\"de\",\"@id\":\"https:\\\/\\\/blogs.uni-siegen.de\\\/architekturlehre1zu1\\\/2021\\\/03\\\/26\\\/konstruktion-raum-material\\\/#primaryimage\",\"url\":\"https:\\\/\\\/blogs.uni-siegen.de\\\/architekturlehre1zu1\\\/files\\\/2021\\\/04\\\/1564897_Walbroel_Teiluebung-2.3-verschoben-2-Kopie.jpg\",\"contentUrl\":\"https:\\\/\\\/blogs.uni-siegen.de\\\/architekturlehre1zu1\\\/files\\\/2021\\\/04\\\/1564897_Walbroel_Teiluebung-2.3-verschoben-2-Kopie.jpg\",\"width\":900,\"height\":1026},{\"@type\":\"BreadcrumbList\",\"@id\":\"https:\\\/\\\/blogs.uni-siegen.de\\\/architekturlehre1zu1\\\/2021\\\/03\\\/26\\\/konstruktion-raum-material\\\/#breadcrumb\",\"itemListElement\":[{\"@type\":\"ListItem\",\"position\":1,\"name\":\"Startseite\",\"item\":\"https:\\\/\\\/blogs.uni-siegen.de\\\/architekturlehre1zu1\\\/\"},{\"@type\":\"ListItem\",\"position\":2,\"name\":\"Konstruktion &#8211; Raum -Material\"}]},{\"@type\":\"WebSite\",\"@id\":\"https:\\\/\\\/blogs.uni-siegen.de\\\/architekturlehre1zu1\\\/#website\",\"url\":\"https:\\\/\\\/blogs.uni-siegen.de\\\/architekturlehre1zu1\\\/\",\"name\":\"Architekturlehre 1zu1\",\"description\":\"\",\"publisher\":{\"@id\":\"https:\\\/\\\/blogs.uni-siegen.de\\\/architekturlehre1zu1\\\/#organization\"},\"potentialAction\":[{\"@type\":\"SearchAction\",\"target\":{\"@type\":\"EntryPoint\",\"urlTemplate\":\"https:\\\/\\\/blogs.uni-siegen.de\\\/architekturlehre1zu1\\\/?s={search_term_string}\"},\"query-input\":{\"@type\":\"PropertyValueSpecification\",\"valueRequired\":true,\"valueName\":\"search_term_string\"}}],\"inLanguage\":\"de\"},{\"@type\":\"Organization\",\"@id\":\"https:\\\/\\\/blogs.uni-siegen.de\\\/architekturlehre1zu1\\\/#organization\",\"name\":\"Architekturlehre 1zu1\",\"url\":\"https:\\\/\\\/blogs.uni-siegen.de\\\/architekturlehre1zu1\\\/\",\"logo\":{\"@type\":\"ImageObject\",\"inLanguage\":\"de\",\"@id\":\"https:\\\/\\\/blogs.uni-siegen.de\\\/architekturlehre1zu1\\\/#\\\/schema\\\/logo\\\/image\\\/\",\"url\":\"https:\\\/\\\/blogs.uni-siegen.de\\\/architekturlehre1zu1\\\/files\\\/2021\\\/03\\\/cropped-Logo_\u00dcberarbeitet-3.png\",\"contentUrl\":\"https:\\\/\\\/blogs.uni-siegen.de\\\/architekturlehre1zu1\\\/files\\\/2021\\\/03\\\/cropped-Logo_\u00dcberarbeitet-3.png\",\"width\":3475,\"height\":1232,\"caption\":\"Architekturlehre 1zu1\"},\"image\":{\"@id\":\"https:\\\/\\\/blogs.uni-siegen.de\\\/architekturlehre1zu1\\\/#\\\/schema\\\/logo\\\/image\\\/\"}},{\"@type\":\"Person\",\"@id\":\"https:\\\/\\\/blogs.uni-siegen.de\\\/architekturlehre1zu1\\\/#\\\/schema\\\/person\\\/055671063a13f46272e7ac2f48eb5196\",\"name\":\"Alexandra Glaesner\",\"image\":{\"@type\":\"ImageObject\",\"inLanguage\":\"de\",\"@id\":\"https:\\\/\\\/secure.gravatar.com\\\/avatar\\\/7ba4473dddffa85deccd5f21f66e21ec6e2b5238075ed6efb4dfb2cb4984178c?s=96&d=mm&r=g\",\"url\":\"https:\\\/\\\/secure.gravatar.com\\\/avatar\\\/7ba4473dddffa85deccd5f21f66e21ec6e2b5238075ed6efb4dfb2cb4984178c?s=96&d=mm&r=g\",\"contentUrl\":\"https:\\\/\\\/secure.gravatar.com\\\/avatar\\\/7ba4473dddffa85deccd5f21f66e21ec6e2b5238075ed6efb4dfb2cb4984178c?s=96&d=mm&r=g\",\"caption\":\"Alexandra Glaesner\"},\"url\":\"https:\\\/\\\/blogs.uni-siegen.de\\\/architekturlehre1zu1\\\/author\\\/g022853\\\/\"}]}<\/script>\n<!-- \/ Yoast SEO plugin. -->","yoast_head_json":{"title":"Konstruktion - Raum -Material - Architekturlehre 1zu1","robots":{"index":"index","follow":"follow","max-snippet":"max-snippet:-1","max-image-preview":"max-image-preview:large","max-video-preview":"max-video-preview:-1"},"canonical":"https:\/\/blogs.uni-siegen.de\/architekturlehre1zu1\/2021\/03\/26\/konstruktion-raum-material\/","og_locale":"de_DE","og_type":"article","og_title":"Konstruktion - Raum -Material - Architekturlehre 1zu1","og_description":"Baukonstruktion WS 20\/21 Die Konstruktion ist eine der wesentlichen Grundlagen der Architektur, nicht zuletzt weil Architektur nicht abstrakt, sondern immer konkret ist und es keine Architektur ohne Konstruktion gibt. So wie der Raum dem Zweck, die Form dem Raum, so geht die Konstruktion der Form nach und das Material der Konstruktion. Der Annahme nach steht [&hellip;]","og_url":"https:\/\/blogs.uni-siegen.de\/architekturlehre1zu1\/2021\/03\/26\/konstruktion-raum-material\/","og_site_name":"Architekturlehre 1zu1","article_published_time":"2021-03-25T23:00:00+00:00","article_modified_time":"2024-02-04T20:58:40+00:00","og_image":[{"width":900,"height":1026,"url":"http:\/\/blogs.uni-siegen.de\/architekturlehre1zu1\/files\/2021\/04\/1564897_Walbroel_Teiluebung-2.3-verschoben-2-Kopie.jpg","type":"image\/jpeg"}],"author":"Alexandra Glaesner","twitter_card":"summary_large_image","twitter_misc":{"Verfasst von":"Alexandra Glaesner","Gesch\u00e4tzte Lesezeit":"4\u00a0Minuten"},"schema":{"@context":"https:\/\/schema.org","@graph":[{"@type":"Article","@id":"https:\/\/blogs.uni-siegen.de\/architekturlehre1zu1\/2021\/03\/26\/konstruktion-raum-material\/#article","isPartOf":{"@id":"https:\/\/blogs.uni-siegen.de\/architekturlehre1zu1\/2021\/03\/26\/konstruktion-raum-material\/"},"author":{"name":"Alexandra Glaesner","@id":"https:\/\/blogs.uni-siegen.de\/architekturlehre1zu1\/#\/schema\/person\/055671063a13f46272e7ac2f48eb5196"},"headline":"Konstruktion &#8211; Raum -Material","datePublished":"2021-03-25T23:00:00+00:00","dateModified":"2024-02-04T20:58:40+00:00","mainEntityOfPage":{"@id":"https:\/\/blogs.uni-siegen.de\/architekturlehre1zu1\/2021\/03\/26\/konstruktion-raum-material\/"},"wordCount":269,"publisher":{"@id":"https:\/\/blogs.uni-siegen.de\/architekturlehre1zu1\/#organization"},"image":{"@id":"https:\/\/blogs.uni-siegen.de\/architekturlehre1zu1\/2021\/03\/26\/konstruktion-raum-material\/#primaryimage"},"thumbnailUrl":"https:\/\/blogs.uni-siegen.de\/architekturlehre1zu1\/files\/2021\/04\/1564897_Walbroel_Teiluebung-2.3-verschoben-2-Kopie.jpg","articleSection":["Baukonstruktion","Entwurf"],"inLanguage":"de"},{"@type":"WebPage","@id":"https:\/\/blogs.uni-siegen.de\/architekturlehre1zu1\/2021\/03\/26\/konstruktion-raum-material\/","url":"https:\/\/blogs.uni-siegen.de\/architekturlehre1zu1\/2021\/03\/26\/konstruktion-raum-material\/","name":"Konstruktion - Raum -Material - Architekturlehre 1zu1","isPartOf":{"@id":"https:\/\/blogs.uni-siegen.de\/architekturlehre1zu1\/#website"},"primaryImageOfPage":{"@id":"https:\/\/blogs.uni-siegen.de\/architekturlehre1zu1\/2021\/03\/26\/konstruktion-raum-material\/#primaryimage"},"image":{"@id":"https:\/\/blogs.uni-siegen.de\/architekturlehre1zu1\/2021\/03\/26\/konstruktion-raum-material\/#primaryimage"},"thumbnailUrl":"https:\/\/blogs.uni-siegen.de\/architekturlehre1zu1\/files\/2021\/04\/1564897_Walbroel_Teiluebung-2.3-verschoben-2-Kopie.jpg","datePublished":"2021-03-25T23:00:00+00:00","dateModified":"2024-02-04T20:58:40+00:00","breadcrumb":{"@id":"https:\/\/blogs.uni-siegen.de\/architekturlehre1zu1\/2021\/03\/26\/konstruktion-raum-material\/#breadcrumb"},"inLanguage":"de","potentialAction":[{"@type":"ReadAction","target":["https:\/\/blogs.uni-siegen.de\/architekturlehre1zu1\/2021\/03\/26\/konstruktion-raum-material\/"]}]},{"@type":"ImageObject","inLanguage":"de","@id":"https:\/\/blogs.uni-siegen.de\/architekturlehre1zu1\/2021\/03\/26\/konstruktion-raum-material\/#primaryimage","url":"https:\/\/blogs.uni-siegen.de\/architekturlehre1zu1\/files\/2021\/04\/1564897_Walbroel_Teiluebung-2.3-verschoben-2-Kopie.jpg","contentUrl":"https:\/\/blogs.uni-siegen.de\/architekturlehre1zu1\/files\/2021\/04\/1564897_Walbroel_Teiluebung-2.3-verschoben-2-Kopie.jpg","width":900,"height":1026},{"@type":"BreadcrumbList","@id":"https:\/\/blogs.uni-siegen.de\/architekturlehre1zu1\/2021\/03\/26\/konstruktion-raum-material\/#breadcrumb","itemListElement":[{"@type":"ListItem","position":1,"name":"Startseite","item":"https:\/\/blogs.uni-siegen.de\/architekturlehre1zu1\/"},{"@type":"ListItem","position":2,"name":"Konstruktion &#8211; Raum -Material"}]},{"@type":"WebSite","@id":"https:\/\/blogs.uni-siegen.de\/architekturlehre1zu1\/#website","url":"https:\/\/blogs.uni-siegen.de\/architekturlehre1zu1\/","name":"Architekturlehre 1zu1","description":"","publisher":{"@id":"https:\/\/blogs.uni-siegen.de\/architekturlehre1zu1\/#organization"},"potentialAction":[{"@type":"SearchAction","target":{"@type":"EntryPoint","urlTemplate":"https:\/\/blogs.uni-siegen.de\/architekturlehre1zu1\/?s={search_term_string}"},"query-input":{"@type":"PropertyValueSpecification","valueRequired":true,"valueName":"search_term_string"}}],"inLanguage":"de"},{"@type":"Organization","@id":"https:\/\/blogs.uni-siegen.de\/architekturlehre1zu1\/#organization","name":"Architekturlehre 1zu1","url":"https:\/\/blogs.uni-siegen.de\/architekturlehre1zu1\/","logo":{"@type":"ImageObject","inLanguage":"de","@id":"https:\/\/blogs.uni-siegen.de\/architekturlehre1zu1\/#\/schema\/logo\/image\/","url":"https:\/\/blogs.uni-siegen.de\/architekturlehre1zu1\/files\/2021\/03\/cropped-Logo_\u00dcberarbeitet-3.png","contentUrl":"https:\/\/blogs.uni-siegen.de\/architekturlehre1zu1\/files\/2021\/03\/cropped-Logo_\u00dcberarbeitet-3.png","width":3475,"height":1232,"caption":"Architekturlehre 1zu1"},"image":{"@id":"https:\/\/blogs.uni-siegen.de\/architekturlehre1zu1\/#\/schema\/logo\/image\/"}},{"@type":"Person","@id":"https:\/\/blogs.uni-siegen.de\/architekturlehre1zu1\/#\/schema\/person\/055671063a13f46272e7ac2f48eb5196","name":"Alexandra Glaesner","image":{"@type":"ImageObject","inLanguage":"de","@id":"https:\/\/secure.gravatar.com\/avatar\/7ba4473dddffa85deccd5f21f66e21ec6e2b5238075ed6efb4dfb2cb4984178c?s=96&d=mm&r=g","url":"https:\/\/secure.gravatar.com\/avatar\/7ba4473dddffa85deccd5f21f66e21ec6e2b5238075ed6efb4dfb2cb4984178c?s=96&d=mm&r=g","contentUrl":"https:\/\/secure.gravatar.com\/avatar\/7ba4473dddffa85deccd5f21f66e21ec6e2b5238075ed6efb4dfb2cb4984178c?s=96&d=mm&r=g","caption":"Alexandra Glaesner"},"url":"https:\/\/blogs.uni-siegen.de\/architekturlehre1zu1\/author\/g022853\/"}]}},"_links":{"self":[{"href":"https:\/\/blogs.uni-siegen.de\/architekturlehre1zu1\/wp-json\/wp\/v2\/posts\/110","targetHints":{"allow":["GET"]}}],"collection":[{"href":"https:\/\/blogs.uni-siegen.de\/architekturlehre1zu1\/wp-json\/wp\/v2\/posts"}],"about":[{"href":"https:\/\/blogs.uni-siegen.de\/architekturlehre1zu1\/wp-json\/wp\/v2\/types\/post"}],"author":[{"embeddable":true,"href":"https:\/\/blogs.uni-siegen.de\/architekturlehre1zu1\/wp-json\/wp\/v2\/users\/474"}],"replies":[{"embeddable":true,"href":"https:\/\/blogs.uni-siegen.de\/architekturlehre1zu1\/wp-json\/wp\/v2\/comments?post=110"}],"version-history":[{"count":34,"href":"https:\/\/blogs.uni-siegen.de\/architekturlehre1zu1\/wp-json\/wp\/v2\/posts\/110\/revisions"}],"predecessor-version":[{"id":2723,"href":"https:\/\/blogs.uni-siegen.de\/architekturlehre1zu1\/wp-json\/wp\/v2\/posts\/110\/revisions\/2723"}],"wp:featuredmedia":[{"embeddable":true,"href":"https:\/\/blogs.uni-siegen.de\/architekturlehre1zu1\/wp-json\/wp\/v2\/media\/610"}],"wp:attachment":[{"href":"https:\/\/blogs.uni-siegen.de\/architekturlehre1zu1\/wp-json\/wp\/v2\/media?parent=110"}],"wp:term":[{"taxonomy":"category","embeddable":true,"href":"https:\/\/blogs.uni-siegen.de\/architekturlehre1zu1\/wp-json\/wp\/v2\/categories?post=110"},{"taxonomy":"post_tag","embeddable":true,"href":"https:\/\/blogs.uni-siegen.de\/architekturlehre1zu1\/wp-json\/wp\/v2\/tags?post=110"}],"curies":[{"name":"wp","href":"https:\/\/api.w.org\/{rel}","templated":true}]}}