{"id":1545,"date":"2021-06-07T00:00:00","date_gmt":"2021-06-06T22:00:00","guid":{"rendered":"https:\/\/blogs.uni-siegen.de\/architekturlehre1zu1\/?p=1545"},"modified":"2022-01-14T20:27:44","modified_gmt":"2022-01-14T19:27:44","slug":"lehrtutorial-primaerkonstruktion-und-grundriss","status":"publish","type":"post","link":"https:\/\/blogs.uni-siegen.de\/architekturlehre1zu1\/2021\/06\/07\/lehrtutorial-primaerkonstruktion-und-grundriss\/","title":{"rendered":"Lehrtutorial Prim\u00e4rkonstruktion und Grundriss"},"content":{"rendered":"\n<p>Das neue Lehrtutorial &#8220;Prim\u00e4rkonstruktion und Grundriss&#8221; zeigt die Abh\u00e4ngigkeiten von Konstruktion und Raum zueinander. Bei der Planung sollte m\u00f6glichst fr\u00fch darauf geachtet werden, dass die dem Entwurf zu Grunde liegende Konstruktion auch in Korrelation zu den R\u00e4umen\/Nutzungen steht. Beispielsweise hat eine massive Bauweise als Prim\u00e4rkonstruktion durchaus andere Auswirkungen auf den Raum, als eine offenere Skelettbauweise.Im Tutorial wird an Hand von unterschiedlichen Beispielen auf eben diese Auswirkungen eingegangen.<\/p>\n\n\n\n<p><a href=\"https:\/\/video.zimt.uni-siegen.de\/paella\/ui\/watch.html?id=4fc27b7d-8a12-4ea1-b0ab-ee5b2da7794e\">Hier geht es zum Lehrtutorial<\/a><\/p>\n","protected":false},"excerpt":{"rendered":"<p>Das neue Lehrtutorial &#8220;Prim\u00e4rkonstruktion und Grundriss&#8221; zeigt die Abh\u00e4ngigkeiten von Konstruktion und Raum zueinander. Bei der Planung sollte m\u00f6glichst fr\u00fch darauf geachtet werden, dass die dem Entwurf zu Grunde liegende Konstruktion auch in Korrelation zu den R\u00e4umen\/Nutzungen steht. Beispielsweise hat eine massive Bauweise als Prim\u00e4rkonstruktion durchaus andere Auswirkungen auf den Raum, als eine offenere Skelettbauweise.Im [&hellip;]<\/p>\n","protected":false},"author":488,"featured_media":1559,"comment_status":"closed","ping_status":"closed","sticky":false,"template":"","format":"standard","meta":{"footnotes":""},"categories":[57],"tags":[],"class_list":["post-1545","post","type-post","status-publish","format-standard","has-post-thumbnail","hentry","category-allgemein"],"yoast_head":"<!-- This site is optimized with the Yoast SEO plugin v27.5 - https:\/\/yoast.com\/product\/yoast-seo-wordpress\/ -->\n<title>Lehrtutorial Prim\u00e4rkonstruktion und Grundriss - Architekturlehre 1zu1<\/title>\n<meta name=\"robots\" content=\"index, follow, max-snippet:-1, max-image-preview:large, max-video-preview:-1\" \/>\n<link rel=\"canonical\" href=\"https:\/\/blogs.uni-siegen.de\/architekturlehre1zu1\/2021\/06\/07\/lehrtutorial-primaerkonstruktion-und-grundriss\/\" \/>\n<meta property=\"og:locale\" content=\"de_DE\" \/>\n<meta property=\"og:type\" content=\"article\" \/>\n<meta property=\"og:title\" content=\"Lehrtutorial Prim\u00e4rkonstruktion und Grundriss - Architekturlehre 1zu1\" \/>\n<meta property=\"og:description\" content=\"Das neue Lehrtutorial &#8220;Prim\u00e4rkonstruktion und Grundriss&#8221; zeigt die Abh\u00e4ngigkeiten von Konstruktion und Raum zueinander. Bei der Planung sollte m\u00f6glichst fr\u00fch darauf geachtet werden, dass die dem Entwurf zu Grunde liegende Konstruktion auch in Korrelation zu den R\u00e4umen\/Nutzungen steht. Beispielsweise hat eine massive Bauweise als Prim\u00e4rkonstruktion durchaus andere Auswirkungen auf den Raum, als eine offenere Skelettbauweise.Im [&hellip;]\" \/>\n<meta property=\"og:url\" content=\"https:\/\/blogs.uni-siegen.de\/architekturlehre1zu1\/2021\/06\/07\/lehrtutorial-primaerkonstruktion-und-grundriss\/\" \/>\n<meta property=\"og:site_name\" content=\"Architekturlehre 1zu1\" \/>\n<meta property=\"article:published_time\" content=\"2021-06-06T22:00:00+00:00\" \/>\n<meta property=\"article:modified_time\" content=\"2022-01-14T19:27:44+00:00\" \/>\n<meta property=\"og:image\" content=\"https:\/\/blogs.uni-siegen.de\/architekturlehre1zu1\/files\/2021\/06\/Primaerkonstruktion-und-Grundriss_Beitragsbild-3-e1623053759888.png\" \/>\n\t<meta property=\"og:image:width\" content=\"900\" \/>\n\t<meta property=\"og:image:height\" content=\"505\" \/>\n\t<meta property=\"og:image:type\" content=\"image\/png\" \/>\n<meta name=\"author\" content=\"Julia Nikesch\" \/>\n<meta name=\"twitter:card\" content=\"summary_large_image\" \/>\n<meta name=\"twitter:label1\" content=\"Verfasst von\" \/>\n\t<meta name=\"twitter:data1\" content=\"Julia Nikesch\" \/>\n<script type=\"application\/ld+json\" class=\"yoast-schema-graph\">{\"@context\":\"https:\\\/\\\/schema.org\",\"@graph\":[{\"@type\":\"Article\",\"@id\":\"https:\\\/\\\/blogs.uni-siegen.de\\\/architekturlehre1zu1\\\/2021\\\/06\\\/07\\\/lehrtutorial-primaerkonstruktion-und-grundriss\\\/#article\",\"isPartOf\":{\"@id\":\"https:\\\/\\\/blogs.uni-siegen.de\\\/architekturlehre1zu1\\\/2021\\\/06\\\/07\\\/lehrtutorial-primaerkonstruktion-und-grundriss\\\/\"},\"author\":{\"name\":\"Julia Nikesch\",\"@id\":\"https:\\\/\\\/blogs.uni-siegen.de\\\/architekturlehre1zu1\\\/#\\\/schema\\\/person\\\/b9ea87272b3cf412226d043df2c4c702\"},\"headline\":\"Lehrtutorial Prim\u00e4rkonstruktion und Grundriss\",\"datePublished\":\"2021-06-06T22:00:00+00:00\",\"dateModified\":\"2022-01-14T19:27:44+00:00\",\"mainEntityOfPage\":{\"@id\":\"https:\\\/\\\/blogs.uni-siegen.de\\\/architekturlehre1zu1\\\/2021\\\/06\\\/07\\\/lehrtutorial-primaerkonstruktion-und-grundriss\\\/\"},\"wordCount\":85,\"publisher\":{\"@id\":\"https:\\\/\\\/blogs.uni-siegen.de\\\/architekturlehre1zu1\\\/#organization\"},\"image\":{\"@id\":\"https:\\\/\\\/blogs.uni-siegen.de\\\/architekturlehre1zu1\\\/2021\\\/06\\\/07\\\/lehrtutorial-primaerkonstruktion-und-grundriss\\\/#primaryimage\"},\"thumbnailUrl\":\"https:\\\/\\\/blogs.uni-siegen.de\\\/architekturlehre1zu1\\\/files\\\/2021\\\/06\\\/Primaerkonstruktion-und-Grundriss_Beitragsbild-3-e1623053759888.png\",\"articleSection\":[\"Baukonstruktion\"],\"inLanguage\":\"de\"},{\"@type\":\"WebPage\",\"@id\":\"https:\\\/\\\/blogs.uni-siegen.de\\\/architekturlehre1zu1\\\/2021\\\/06\\\/07\\\/lehrtutorial-primaerkonstruktion-und-grundriss\\\/\",\"url\":\"https:\\\/\\\/blogs.uni-siegen.de\\\/architekturlehre1zu1\\\/2021\\\/06\\\/07\\\/lehrtutorial-primaerkonstruktion-und-grundriss\\\/\",\"name\":\"Lehrtutorial Prim\u00e4rkonstruktion und Grundriss - Architekturlehre 1zu1\",\"isPartOf\":{\"@id\":\"https:\\\/\\\/blogs.uni-siegen.de\\\/architekturlehre1zu1\\\/#website\"},\"primaryImageOfPage\":{\"@id\":\"https:\\\/\\\/blogs.uni-siegen.de\\\/architekturlehre1zu1\\\/2021\\\/06\\\/07\\\/lehrtutorial-primaerkonstruktion-und-grundriss\\\/#primaryimage\"},\"image\":{\"@id\":\"https:\\\/\\\/blogs.uni-siegen.de\\\/architekturlehre1zu1\\\/2021\\\/06\\\/07\\\/lehrtutorial-primaerkonstruktion-und-grundriss\\\/#primaryimage\"},\"thumbnailUrl\":\"https:\\\/\\\/blogs.uni-siegen.de\\\/architekturlehre1zu1\\\/files\\\/2021\\\/06\\\/Primaerkonstruktion-und-Grundriss_Beitragsbild-3-e1623053759888.png\",\"datePublished\":\"2021-06-06T22:00:00+00:00\",\"dateModified\":\"2022-01-14T19:27:44+00:00\",\"breadcrumb\":{\"@id\":\"https:\\\/\\\/blogs.uni-siegen.de\\\/architekturlehre1zu1\\\/2021\\\/06\\\/07\\\/lehrtutorial-primaerkonstruktion-und-grundriss\\\/#breadcrumb\"},\"inLanguage\":\"de\",\"potentialAction\":[{\"@type\":\"ReadAction\",\"target\":[\"https:\\\/\\\/blogs.uni-siegen.de\\\/architekturlehre1zu1\\\/2021\\\/06\\\/07\\\/lehrtutorial-primaerkonstruktion-und-grundriss\\\/\"]}]},{\"@type\":\"ImageObject\",\"inLanguage\":\"de\",\"@id\":\"https:\\\/\\\/blogs.uni-siegen.de\\\/architekturlehre1zu1\\\/2021\\\/06\\\/07\\\/lehrtutorial-primaerkonstruktion-und-grundriss\\\/#primaryimage\",\"url\":\"https:\\\/\\\/blogs.uni-siegen.de\\\/architekturlehre1zu1\\\/files\\\/2021\\\/06\\\/Primaerkonstruktion-und-Grundriss_Beitragsbild-3-e1623053759888.png\",\"contentUrl\":\"https:\\\/\\\/blogs.uni-siegen.de\\\/architekturlehre1zu1\\\/files\\\/2021\\\/06\\\/Primaerkonstruktion-und-Grundriss_Beitragsbild-3-e1623053759888.png\",\"width\":900,\"height\":505},{\"@type\":\"BreadcrumbList\",\"@id\":\"https:\\\/\\\/blogs.uni-siegen.de\\\/architekturlehre1zu1\\\/2021\\\/06\\\/07\\\/lehrtutorial-primaerkonstruktion-und-grundriss\\\/#breadcrumb\",\"itemListElement\":[{\"@type\":\"ListItem\",\"position\":1,\"name\":\"Startseite\",\"item\":\"https:\\\/\\\/blogs.uni-siegen.de\\\/architekturlehre1zu1\\\/\"},{\"@type\":\"ListItem\",\"position\":2,\"name\":\"Lehrtutorial Prim\u00e4rkonstruktion und Grundriss\"}]},{\"@type\":\"WebSite\",\"@id\":\"https:\\\/\\\/blogs.uni-siegen.de\\\/architekturlehre1zu1\\\/#website\",\"url\":\"https:\\\/\\\/blogs.uni-siegen.de\\\/architekturlehre1zu1\\\/\",\"name\":\"Architekturlehre 1zu1\",\"description\":\"\",\"publisher\":{\"@id\":\"https:\\\/\\\/blogs.uni-siegen.de\\\/architekturlehre1zu1\\\/#organization\"},\"potentialAction\":[{\"@type\":\"SearchAction\",\"target\":{\"@type\":\"EntryPoint\",\"urlTemplate\":\"https:\\\/\\\/blogs.uni-siegen.de\\\/architekturlehre1zu1\\\/?s={search_term_string}\"},\"query-input\":{\"@type\":\"PropertyValueSpecification\",\"valueRequired\":true,\"valueName\":\"search_term_string\"}}],\"inLanguage\":\"de\"},{\"@type\":\"Organization\",\"@id\":\"https:\\\/\\\/blogs.uni-siegen.de\\\/architekturlehre1zu1\\\/#organization\",\"name\":\"Architekturlehre 1zu1\",\"url\":\"https:\\\/\\\/blogs.uni-siegen.de\\\/architekturlehre1zu1\\\/\",\"logo\":{\"@type\":\"ImageObject\",\"inLanguage\":\"de\",\"@id\":\"https:\\\/\\\/blogs.uni-siegen.de\\\/architekturlehre1zu1\\\/#\\\/schema\\\/logo\\\/image\\\/\",\"url\":\"https:\\\/\\\/blogs.uni-siegen.de\\\/architekturlehre1zu1\\\/files\\\/2021\\\/03\\\/cropped-Logo_\u00dcberarbeitet-3.png\",\"contentUrl\":\"https:\\\/\\\/blogs.uni-siegen.de\\\/architekturlehre1zu1\\\/files\\\/2021\\\/03\\\/cropped-Logo_\u00dcberarbeitet-3.png\",\"width\":3475,\"height\":1232,\"caption\":\"Architekturlehre 1zu1\"},\"image\":{\"@id\":\"https:\\\/\\\/blogs.uni-siegen.de\\\/architekturlehre1zu1\\\/#\\\/schema\\\/logo\\\/image\\\/\"}},{\"@type\":\"Person\",\"@id\":\"https:\\\/\\\/blogs.uni-siegen.de\\\/architekturlehre1zu1\\\/#\\\/schema\\\/person\\\/b9ea87272b3cf412226d043df2c4c702\",\"name\":\"Julia Nikesch\",\"image\":{\"@type\":\"ImageObject\",\"inLanguage\":\"de\",\"@id\":\"https:\\\/\\\/secure.gravatar.com\\\/avatar\\\/97baf7dbae43089bab15c21d2497906940d29929af43d8ca3ef939cee6ee6e54?s=96&d=mm&r=g\",\"url\":\"https:\\\/\\\/secure.gravatar.com\\\/avatar\\\/97baf7dbae43089bab15c21d2497906940d29929af43d8ca3ef939cee6ee6e54?s=96&d=mm&r=g\",\"contentUrl\":\"https:\\\/\\\/secure.gravatar.com\\\/avatar\\\/97baf7dbae43089bab15c21d2497906940d29929af43d8ca3ef939cee6ee6e54?s=96&d=mm&r=g\",\"caption\":\"Julia Nikesch\"},\"url\":\"https:\\\/\\\/blogs.uni-siegen.de\\\/architekturlehre1zu1\\\/author\\\/g045560\\\/\"}]}<\/script>\n<!-- \/ Yoast SEO plugin. -->","yoast_head_json":{"title":"Lehrtutorial Prim\u00e4rkonstruktion und Grundriss - Architekturlehre 1zu1","robots":{"index":"index","follow":"follow","max-snippet":"max-snippet:-1","max-image-preview":"max-image-preview:large","max-video-preview":"max-video-preview:-1"},"canonical":"https:\/\/blogs.uni-siegen.de\/architekturlehre1zu1\/2021\/06\/07\/lehrtutorial-primaerkonstruktion-und-grundriss\/","og_locale":"de_DE","og_type":"article","og_title":"Lehrtutorial Prim\u00e4rkonstruktion und Grundriss - Architekturlehre 1zu1","og_description":"Das neue Lehrtutorial &#8220;Prim\u00e4rkonstruktion und Grundriss&#8221; zeigt die Abh\u00e4ngigkeiten von Konstruktion und Raum zueinander. Bei der Planung sollte m\u00f6glichst fr\u00fch darauf geachtet werden, dass die dem Entwurf zu Grunde liegende Konstruktion auch in Korrelation zu den R\u00e4umen\/Nutzungen steht. Beispielsweise hat eine massive Bauweise als Prim\u00e4rkonstruktion durchaus andere Auswirkungen auf den Raum, als eine offenere Skelettbauweise.Im [&hellip;]","og_url":"https:\/\/blogs.uni-siegen.de\/architekturlehre1zu1\/2021\/06\/07\/lehrtutorial-primaerkonstruktion-und-grundriss\/","og_site_name":"Architekturlehre 1zu1","article_published_time":"2021-06-06T22:00:00+00:00","article_modified_time":"2022-01-14T19:27:44+00:00","og_image":[{"width":900,"height":505,"url":"https:\/\/blogs.uni-siegen.de\/architekturlehre1zu1\/files\/2021\/06\/Primaerkonstruktion-und-Grundriss_Beitragsbild-3-e1623053759888.png","type":"image\/png"}],"author":"Julia Nikesch","twitter_card":"summary_large_image","twitter_misc":{"Verfasst von":"Julia Nikesch"},"schema":{"@context":"https:\/\/schema.org","@graph":[{"@type":"Article","@id":"https:\/\/blogs.uni-siegen.de\/architekturlehre1zu1\/2021\/06\/07\/lehrtutorial-primaerkonstruktion-und-grundriss\/#article","isPartOf":{"@id":"https:\/\/blogs.uni-siegen.de\/architekturlehre1zu1\/2021\/06\/07\/lehrtutorial-primaerkonstruktion-und-grundriss\/"},"author":{"name":"Julia Nikesch","@id":"https:\/\/blogs.uni-siegen.de\/architekturlehre1zu1\/#\/schema\/person\/b9ea87272b3cf412226d043df2c4c702"},"headline":"Lehrtutorial Prim\u00e4rkonstruktion und Grundriss","datePublished":"2021-06-06T22:00:00+00:00","dateModified":"2022-01-14T19:27:44+00:00","mainEntityOfPage":{"@id":"https:\/\/blogs.uni-siegen.de\/architekturlehre1zu1\/2021\/06\/07\/lehrtutorial-primaerkonstruktion-und-grundriss\/"},"wordCount":85,"publisher":{"@id":"https:\/\/blogs.uni-siegen.de\/architekturlehre1zu1\/#organization"},"image":{"@id":"https:\/\/blogs.uni-siegen.de\/architekturlehre1zu1\/2021\/06\/07\/lehrtutorial-primaerkonstruktion-und-grundriss\/#primaryimage"},"thumbnailUrl":"https:\/\/blogs.uni-siegen.de\/architekturlehre1zu1\/files\/2021\/06\/Primaerkonstruktion-und-Grundriss_Beitragsbild-3-e1623053759888.png","articleSection":["Baukonstruktion"],"inLanguage":"de"},{"@type":"WebPage","@id":"https:\/\/blogs.uni-siegen.de\/architekturlehre1zu1\/2021\/06\/07\/lehrtutorial-primaerkonstruktion-und-grundriss\/","url":"https:\/\/blogs.uni-siegen.de\/architekturlehre1zu1\/2021\/06\/07\/lehrtutorial-primaerkonstruktion-und-grundriss\/","name":"Lehrtutorial Prim\u00e4rkonstruktion und Grundriss - Architekturlehre 1zu1","isPartOf":{"@id":"https:\/\/blogs.uni-siegen.de\/architekturlehre1zu1\/#website"},"primaryImageOfPage":{"@id":"https:\/\/blogs.uni-siegen.de\/architekturlehre1zu1\/2021\/06\/07\/lehrtutorial-primaerkonstruktion-und-grundriss\/#primaryimage"},"image":{"@id":"https:\/\/blogs.uni-siegen.de\/architekturlehre1zu1\/2021\/06\/07\/lehrtutorial-primaerkonstruktion-und-grundriss\/#primaryimage"},"thumbnailUrl":"https:\/\/blogs.uni-siegen.de\/architekturlehre1zu1\/files\/2021\/06\/Primaerkonstruktion-und-Grundriss_Beitragsbild-3-e1623053759888.png","datePublished":"2021-06-06T22:00:00+00:00","dateModified":"2022-01-14T19:27:44+00:00","breadcrumb":{"@id":"https:\/\/blogs.uni-siegen.de\/architekturlehre1zu1\/2021\/06\/07\/lehrtutorial-primaerkonstruktion-und-grundriss\/#breadcrumb"},"inLanguage":"de","potentialAction":[{"@type":"ReadAction","target":["https:\/\/blogs.uni-siegen.de\/architekturlehre1zu1\/2021\/06\/07\/lehrtutorial-primaerkonstruktion-und-grundriss\/"]}]},{"@type":"ImageObject","inLanguage":"de","@id":"https:\/\/blogs.uni-siegen.de\/architekturlehre1zu1\/2021\/06\/07\/lehrtutorial-primaerkonstruktion-und-grundriss\/#primaryimage","url":"https:\/\/blogs.uni-siegen.de\/architekturlehre1zu1\/files\/2021\/06\/Primaerkonstruktion-und-Grundriss_Beitragsbild-3-e1623053759888.png","contentUrl":"https:\/\/blogs.uni-siegen.de\/architekturlehre1zu1\/files\/2021\/06\/Primaerkonstruktion-und-Grundriss_Beitragsbild-3-e1623053759888.png","width":900,"height":505},{"@type":"BreadcrumbList","@id":"https:\/\/blogs.uni-siegen.de\/architekturlehre1zu1\/2021\/06\/07\/lehrtutorial-primaerkonstruktion-und-grundriss\/#breadcrumb","itemListElement":[{"@type":"ListItem","position":1,"name":"Startseite","item":"https:\/\/blogs.uni-siegen.de\/architekturlehre1zu1\/"},{"@type":"ListItem","position":2,"name":"Lehrtutorial Prim\u00e4rkonstruktion und Grundriss"}]},{"@type":"WebSite","@id":"https:\/\/blogs.uni-siegen.de\/architekturlehre1zu1\/#website","url":"https:\/\/blogs.uni-siegen.de\/architekturlehre1zu1\/","name":"Architekturlehre 1zu1","description":"","publisher":{"@id":"https:\/\/blogs.uni-siegen.de\/architekturlehre1zu1\/#organization"},"potentialAction":[{"@type":"SearchAction","target":{"@type":"EntryPoint","urlTemplate":"https:\/\/blogs.uni-siegen.de\/architekturlehre1zu1\/?s={search_term_string}"},"query-input":{"@type":"PropertyValueSpecification","valueRequired":true,"valueName":"search_term_string"}}],"inLanguage":"de"},{"@type":"Organization","@id":"https:\/\/blogs.uni-siegen.de\/architekturlehre1zu1\/#organization","name":"Architekturlehre 1zu1","url":"https:\/\/blogs.uni-siegen.de\/architekturlehre1zu1\/","logo":{"@type":"ImageObject","inLanguage":"de","@id":"https:\/\/blogs.uni-siegen.de\/architekturlehre1zu1\/#\/schema\/logo\/image\/","url":"https:\/\/blogs.uni-siegen.de\/architekturlehre1zu1\/files\/2021\/03\/cropped-Logo_\u00dcberarbeitet-3.png","contentUrl":"https:\/\/blogs.uni-siegen.de\/architekturlehre1zu1\/files\/2021\/03\/cropped-Logo_\u00dcberarbeitet-3.png","width":3475,"height":1232,"caption":"Architekturlehre 1zu1"},"image":{"@id":"https:\/\/blogs.uni-siegen.de\/architekturlehre1zu1\/#\/schema\/logo\/image\/"}},{"@type":"Person","@id":"https:\/\/blogs.uni-siegen.de\/architekturlehre1zu1\/#\/schema\/person\/b9ea87272b3cf412226d043df2c4c702","name":"Julia Nikesch","image":{"@type":"ImageObject","inLanguage":"de","@id":"https:\/\/secure.gravatar.com\/avatar\/97baf7dbae43089bab15c21d2497906940d29929af43d8ca3ef939cee6ee6e54?s=96&d=mm&r=g","url":"https:\/\/secure.gravatar.com\/avatar\/97baf7dbae43089bab15c21d2497906940d29929af43d8ca3ef939cee6ee6e54?s=96&d=mm&r=g","contentUrl":"https:\/\/secure.gravatar.com\/avatar\/97baf7dbae43089bab15c21d2497906940d29929af43d8ca3ef939cee6ee6e54?s=96&d=mm&r=g","caption":"Julia Nikesch"},"url":"https:\/\/blogs.uni-siegen.de\/architekturlehre1zu1\/author\/g045560\/"}]}},"_links":{"self":[{"href":"https:\/\/blogs.uni-siegen.de\/architekturlehre1zu1\/wp-json\/wp\/v2\/posts\/1545","targetHints":{"allow":["GET"]}}],"collection":[{"href":"https:\/\/blogs.uni-siegen.de\/architekturlehre1zu1\/wp-json\/wp\/v2\/posts"}],"about":[{"href":"https:\/\/blogs.uni-siegen.de\/architekturlehre1zu1\/wp-json\/wp\/v2\/types\/post"}],"author":[{"embeddable":true,"href":"https:\/\/blogs.uni-siegen.de\/architekturlehre1zu1\/wp-json\/wp\/v2\/users\/488"}],"replies":[{"embeddable":true,"href":"https:\/\/blogs.uni-siegen.de\/architekturlehre1zu1\/wp-json\/wp\/v2\/comments?post=1545"}],"version-history":[{"count":5,"href":"https:\/\/blogs.uni-siegen.de\/architekturlehre1zu1\/wp-json\/wp\/v2\/posts\/1545\/revisions"}],"predecessor-version":[{"id":1945,"href":"https:\/\/blogs.uni-siegen.de\/architekturlehre1zu1\/wp-json\/wp\/v2\/posts\/1545\/revisions\/1945"}],"wp:featuredmedia":[{"embeddable":true,"href":"https:\/\/blogs.uni-siegen.de\/architekturlehre1zu1\/wp-json\/wp\/v2\/media\/1559"}],"wp:attachment":[{"href":"https:\/\/blogs.uni-siegen.de\/architekturlehre1zu1\/wp-json\/wp\/v2\/media?parent=1545"}],"wp:term":[{"taxonomy":"category","embeddable":true,"href":"https:\/\/blogs.uni-siegen.de\/architekturlehre1zu1\/wp-json\/wp\/v2\/categories?post=1545"},{"taxonomy":"post_tag","embeddable":true,"href":"https:\/\/blogs.uni-siegen.de\/architekturlehre1zu1\/wp-json\/wp\/v2\/tags?post=1545"}],"curies":[{"name":"wp","href":"https:\/\/api.w.org\/{rel}","templated":true}]}}