{"id":1797,"date":"2021-10-06T00:00:00","date_gmt":"2021-10-05T22:00:00","guid":{"rendered":"https:\/\/blogs.uni-siegen.de\/architekturlehre1zu1\/?p=1797"},"modified":"2024-03-05T16:31:09","modified_gmt":"2024-03-05T15:31:09","slug":"master-entwuerfe-3","status":"publish","type":"post","link":"https:\/\/blogs.uni-siegen.de\/architekturlehre1zu1\/2021\/10\/06\/master-entwuerfe-3\/","title":{"rendered":"Master Entw\u00fcrfe"},"content":{"rendered":"\n<h4 class=\"wp-block-heading\">Eine neue Architekturfakult\u00e4t f\u00fcr K\u00f6ln<\/h4>\n\n\n\n<h5 class=\"wp-block-heading\">Intention<\/h5>\n\n\n\n<p>Mit der Er\u00f6ffnung eines Mehrabteilungs-Warenhauses nach franz\u00f6sischem Vorbild gr\u00fcndete Leonhard Tietz 1891 in K\u00f6ln an der Hohe Stra\u00dfe ein gro\u00dfes Gesch\u00e4ft, aus dem die heutige GALERIA Kaufhof GmbH hervorging. 1956 bis 1957 wurde das 1913\/1914 von Wilhelm Kreis errichtete Geb\u00e4ude um Ausstellungsraum und ein Parkhaus erweitert. Vor allem der Garagenbau fand auch international gro\u00dfe Beachtung. Planung und Ausf\u00fchrung der Architektur lagen bei Hermann Wunderlich und Reinhold Kl\u00fcser, beide aus der Bauabteilung des Unternehmens.&nbsp;<\/p>\n\n\n\n<p>Die Nachfrage an st\u00e4dtischen Fl\u00e4chen ist riesig und wird auch in Zukunft nicht geringer werden. Ein Abriss des bestehenden Parkhauses w\u00e4re einerseits extrem un\u00f6kologisch, andererseits w\u00fcrden die Abbruchkosten samt Entsorgung mehrere Millionen Euro betragen. Zudem steht es au\u00dfer Frage, dass eine Konversion bzw. Umnutzung st\u00e4dtebaulich, nutzerspezifisch und letzlich auch wirtschaftlich Sinn machen w\u00fcrde.<\/p>\n\n\n\n<p>Bedingt durch die Tiefe des Parkhauses, k\u00f6nnen die Geschosse schwer in Wohnraum umfunktioniert werden. Jedoch lassen sich die weitestgehend st\u00fctzenfreien und somit frei bespielbaren Fl\u00e4chen, ideal f\u00fcr gro\u00dffl\u00e4chige Atelier- und Lernlandschaften nutzen.<\/p>\n\n\n\n<p>Ziel der Aufgabe ist es, sich die offenen und flexiblen Strukturen des Parkhauses zu Nutze zu machen und eine Architekturfakult\u00e4t f\u00fcr K\u00f6ln zu entwerfen, welche nicht nur zeitgem\u00e4\u00df, sondern vor allem nutzerspezifisch ist. Stellen Sie sich die Frage, was Architekturstudenten zum arbeiten und lernen ben\u00f6tigen und wie die Anforderungen auf das rationale Raumger\u00fcst angepasst werden k\u00f6nnen.<\/p>\n\n\n\n<p><\/p>\n\n\n\n<h5 class=\"wp-block-heading\">Aufgabe<\/h5>\n\n\n\n<p>Entwerfen Sie auf Grundlage Ihrer Analyse und Erfahrungen einen Ort f\u00fcr architektonisches Denken und Experimentieren. Die Architekturfakult\u00e4t soll den Autausch von Wissen zwischen Professoren, Studenten und Verwaltungspersonal erleichtern. Die Fl\u00e4chen m\u00fcssen frei skalierbar sein und auch die M\u00f6glichkeit anbieten, gewisse Fl\u00e4chen f\u00fcr andere Nutzungen vermieten zu k\u00f6nnen.<\/p>\n\n\n\n<p>Beachten Sie die \u00d6ffentlichen und Intimeren, weniger publikumsintensiven Bereiche und ordnen Sie diese ihrem jeweiligen Charakter entsprechend an. Machen Sie sich Gedanken \u00fcber die Umnutzung der bestehenden Rampe und bestimmen Sie die vertikale Erschlie\u00dfung des Parkhauses neu.<\/p>\n\n\n\n<p>Ferner sollen neben den rein funktionalen Abl\u00e4ufen der Architekturfakult\u00e4t, auch ein atmosph\u00e4risches Arbeiten und Lernen gebildet werden. Galerien, \u00d6ffnungen, Blickbeziehungen, Lichtf\u00fchrung, Raumbildung und Identit\u00e4t erzeugen in der Summe einen \u201eGeist des Ortes\u201c, dessen Formulierung ein wesentlicher Teil der Entwurfsaufgabe ist.<\/p>\n\n\n\n<h5 class=\"wp-block-heading\">Ergebnisse<\/h5>\n\n\n\n<h6 class=\"wp-block-heading\">Annika Slenzka<\/h6>\n\n\n\n<figure class=\"wp-block-gallery has-nested-images columns-default is-cropped wp-block-gallery-1 is-layout-flex wp-block-gallery-is-layout-flex\">\n<figure class=\"wp-block-image size-large\"><a href=\"https:\/\/blogs.uni-siegen.de\/architekturlehre1zu1\/files\/2021\/10\/AnnikaSlenzka_01_Konzept-e1666028563287.jpg\"><img loading=\"lazy\" decoding=\"async\" width=\"900\" height=\"636\" data-id=\"1799\" src=\"https:\/\/blogs.uni-siegen.de\/architekturlehre1zu1\/files\/2021\/10\/AnnikaSlenzka_01_Konzept-e1666028563287.jpg\" alt=\"\" class=\"wp-image-1799\" \/><\/a><\/figure>\n\n\n\n<figure class=\"wp-block-image size-large\"><a href=\"https:\/\/blogs.uni-siegen.de\/architekturlehre1zu1\/files\/2021\/10\/AnnikaSlenzka_02_LP-e1666028550117.jpg\"><img loading=\"lazy\" decoding=\"async\" width=\"900\" height=\"636\" data-id=\"1800\" src=\"https:\/\/blogs.uni-siegen.de\/architekturlehre1zu1\/files\/2021\/10\/AnnikaSlenzka_02_LP-e1666028550117.jpg\" alt=\"\" class=\"wp-image-1800\" \/><\/a><\/figure>\n\n\n\n<figure class=\"wp-block-image size-large\"><a href=\"https:\/\/blogs.uni-siegen.de\/architekturlehre1zu1\/files\/2021\/10\/AnnikaSlenzka_03_EG-e1666028534640.jpg\"><img loading=\"lazy\" decoding=\"async\" width=\"900\" height=\"636\" data-id=\"1801\" src=\"https:\/\/blogs.uni-siegen.de\/architekturlehre1zu1\/files\/2021\/10\/AnnikaSlenzka_03_EG-e1666028534640.jpg\" alt=\"\" class=\"wp-image-1801\" \/><\/a><\/figure>\n\n\n\n<figure class=\"wp-block-image size-large\"><a href=\"https:\/\/blogs.uni-siegen.de\/architekturlehre1zu1\/files\/2021\/10\/AnnikaSlenzka_04-e1666028525792.jpg\"><img loading=\"lazy\" decoding=\"async\" width=\"900\" height=\"636\" data-id=\"1802\" src=\"https:\/\/blogs.uni-siegen.de\/architekturlehre1zu1\/files\/2021\/10\/AnnikaSlenzka_04-e1666028525792.jpg\" alt=\"\" class=\"wp-image-1802\" \/><\/a><\/figure>\n\n\n\n<figure class=\"wp-block-image size-large\"><a href=\"https:\/\/blogs.uni-siegen.de\/architekturlehre1zu1\/files\/2021\/10\/AnnikaSlenzka_05-e1666028512532.jpg\"><img loading=\"lazy\" decoding=\"async\" width=\"900\" height=\"636\" data-id=\"1803\" src=\"https:\/\/blogs.uni-siegen.de\/architekturlehre1zu1\/files\/2021\/10\/AnnikaSlenzka_05-e1666028512532.jpg\" alt=\"\" class=\"wp-image-1803\" \/><\/a><\/figure>\n\n\n\n<figure class=\"wp-block-image size-large\"><a href=\"https:\/\/blogs.uni-siegen.de\/architekturlehre1zu1\/files\/2021\/10\/AnnikaSlenzka_06-e1666028494508.jpg\"><img loading=\"lazy\" decoding=\"async\" width=\"900\" height=\"636\" data-id=\"1804\" src=\"https:\/\/blogs.uni-siegen.de\/architekturlehre1zu1\/files\/2021\/10\/AnnikaSlenzka_06-e1666028494508.jpg\" alt=\"\" class=\"wp-image-1804\" \/><\/a><\/figure>\n\n\n\n<figure class=\"wp-block-image size-large\"><a href=\"https:\/\/blogs.uni-siegen.de\/architekturlehre1zu1\/files\/2021\/10\/AnnikaSlenzka_07-e1666028485525.jpg\"><img loading=\"lazy\" decoding=\"async\" width=\"900\" height=\"636\" data-id=\"1805\" src=\"https:\/\/blogs.uni-siegen.de\/architekturlehre1zu1\/files\/2021\/10\/AnnikaSlenzka_07-e1666028485525.jpg\" alt=\"\" class=\"wp-image-1805\" \/><\/a><\/figure>\n\n\n\n<figure class=\"wp-block-image size-large\"><a href=\"https:\/\/blogs.uni-siegen.de\/architekturlehre1zu1\/files\/2021\/10\/AnnikaSlenzka_08-e1666028479754.jpg\"><img loading=\"lazy\" decoding=\"async\" width=\"900\" height=\"636\" data-id=\"1806\" src=\"https:\/\/blogs.uni-siegen.de\/architekturlehre1zu1\/files\/2021\/10\/AnnikaSlenzka_08-e1666028479754.jpg\" alt=\"\" class=\"wp-image-1806\" \/><\/a><\/figure>\n\n\n\n<figure class=\"wp-block-image size-large\"><a href=\"https:\/\/blogs.uni-siegen.de\/architekturlehre1zu1\/files\/2021\/10\/AnnikaSlenzka_09-e1666028463623.jpg\"><img loading=\"lazy\" decoding=\"async\" width=\"900\" height=\"636\" data-id=\"1807\" src=\"https:\/\/blogs.uni-siegen.de\/architekturlehre1zu1\/files\/2021\/10\/AnnikaSlenzka_09-e1666028463623.jpg\" alt=\"\" class=\"wp-image-1807\" \/><\/a><\/figure>\n<\/figure>\n\n\n\n<h6 class=\"wp-block-heading\">Franziska Grafender<\/h6>\n\n\n\n<figure class=\"wp-block-gallery has-nested-images columns-default is-cropped wp-block-gallery-2 is-layout-flex wp-block-gallery-is-layout-flex\">\n<figure class=\"wp-block-image size-medium\"><a href=\"https:\/\/blogs.uni-siegen.de\/architekturlehre1zu1\/files\/2021\/10\/Franziska-Grafender-1-e1666028450461.jpeg\"><img loading=\"lazy\" decoding=\"async\" width=\"300\" height=\"212\" data-id=\"1808\" src=\"https:\/\/blogs.uni-siegen.de\/architekturlehre1zu1\/files\/2021\/10\/Franziska-Grafender-1-300x212.jpeg\" alt=\"\" class=\"wp-image-1808\" \/><\/a><\/figure>\n\n\n\n<figure class=\"wp-block-image size-medium\"><a href=\"https:\/\/blogs.uni-siegen.de\/architekturlehre1zu1\/files\/2021\/10\/Franziska-Grafender-2-e1666028443711.jpeg\"><img loading=\"lazy\" decoding=\"async\" width=\"300\" height=\"209\" data-id=\"1809\" src=\"https:\/\/blogs.uni-siegen.de\/architekturlehre1zu1\/files\/2021\/10\/Franziska-Grafender-2-300x209.jpeg\" alt=\"\" class=\"wp-image-1809\" \/><\/a><\/figure>\n\n\n\n<figure class=\"wp-block-image size-medium\"><a href=\"https:\/\/blogs.uni-siegen.de\/architekturlehre1zu1\/files\/2021\/10\/Franziska-Grafender-3-e1666028438672.jpeg\"><img loading=\"lazy\" decoding=\"async\" width=\"300\" height=\"209\" data-id=\"1810\" src=\"https:\/\/blogs.uni-siegen.de\/architekturlehre1zu1\/files\/2021\/10\/Franziska-Grafender-3-300x209.jpeg\" alt=\"\" class=\"wp-image-1810\" \/><\/a><\/figure>\n\n\n\n<figure class=\"wp-block-image size-medium\"><a href=\"https:\/\/blogs.uni-siegen.de\/architekturlehre1zu1\/files\/2021\/10\/Franziska-Grafender-4-e1666028431978.jpeg\"><img loading=\"lazy\" decoding=\"async\" width=\"300\" height=\"209\" data-id=\"1811\" src=\"https:\/\/blogs.uni-siegen.de\/architekturlehre1zu1\/files\/2021\/10\/Franziska-Grafender-4-300x209.jpeg\" alt=\"\" class=\"wp-image-1811\" \/><\/a><\/figure>\n\n\n\n<figure class=\"wp-block-image size-medium\"><a href=\"https:\/\/blogs.uni-siegen.de\/architekturlehre1zu1\/files\/2021\/10\/Franziska-Grafender-5-e1666028425104.jpeg\"><img loading=\"lazy\" decoding=\"async\" width=\"300\" height=\"209\" data-id=\"1812\" src=\"https:\/\/blogs.uni-siegen.de\/architekturlehre1zu1\/files\/2021\/10\/Franziska-Grafender-5-300x209.jpeg\" alt=\"\" class=\"wp-image-1812\" \/><\/a><\/figure>\n\n\n\n<figure class=\"wp-block-image size-medium\"><a href=\"https:\/\/blogs.uni-siegen.de\/architekturlehre1zu1\/files\/2021\/10\/Franziska-Grafender-6-e1666028419913.jpeg\"><img loading=\"lazy\" decoding=\"async\" width=\"300\" height=\"209\" data-id=\"1813\" src=\"https:\/\/blogs.uni-siegen.de\/architekturlehre1zu1\/files\/2021\/10\/Franziska-Grafender-6-300x209.jpeg\" alt=\"\" class=\"wp-image-1813\" \/><\/a><\/figure>\n\n\n\n<figure class=\"wp-block-image size-medium\"><a href=\"https:\/\/blogs.uni-siegen.de\/architekturlehre1zu1\/files\/2021\/10\/Franziska-Grafender-7-e1666028412240.jpeg\"><img loading=\"lazy\" decoding=\"async\" width=\"300\" height=\"209\" data-id=\"1814\" src=\"https:\/\/blogs.uni-siegen.de\/architekturlehre1zu1\/files\/2021\/10\/Franziska-Grafender-7-300x209.jpeg\" alt=\"\" class=\"wp-image-1814\" \/><\/a><\/figure>\n\n\n\n<figure class=\"wp-block-image size-medium\"><a href=\"https:\/\/blogs.uni-siegen.de\/architekturlehre1zu1\/files\/2021\/10\/Franziska-Grafender-8-e1666028404448.jpeg\"><img loading=\"lazy\" decoding=\"async\" width=\"300\" height=\"209\" data-id=\"1815\" src=\"https:\/\/blogs.uni-siegen.de\/architekturlehre1zu1\/files\/2021\/10\/Franziska-Grafender-8-300x209.jpeg\" alt=\"\" class=\"wp-image-1815\" \/><\/a><\/figure>\n\n\n\n<figure class=\"wp-block-image size-medium\"><a href=\"https:\/\/blogs.uni-siegen.de\/architekturlehre1zu1\/files\/2021\/10\/Franziska-Grafender-9-e1666028390683.jpeg\"><img loading=\"lazy\" decoding=\"async\" width=\"300\" height=\"209\" data-id=\"1816\" src=\"https:\/\/blogs.uni-siegen.de\/architekturlehre1zu1\/files\/2021\/10\/Franziska-Grafender-9-300x209.jpeg\" alt=\"\" class=\"wp-image-1816\" \/><\/a><\/figure>\n<\/figure>\n","protected":false},"excerpt":{"rendered":"<p>Eine neue Architekturfakult\u00e4t f\u00fcr K\u00f6ln Intention Mit der Er\u00f6ffnung eines Mehrabteilungs-Warenhauses nach franz\u00f6sischem Vorbild gr\u00fcndete Leonhard Tietz 1891 in K\u00f6ln an der Hohe Stra\u00dfe ein gro\u00dfes Gesch\u00e4ft, aus dem die heutige GALERIA Kaufhof GmbH hervorging. 1956 bis 1957 wurde das 1913\/1914 von Wilhelm Kreis errichtete Geb\u00e4ude um Ausstellungsraum und ein Parkhaus erweitert. Vor allem der [&hellip;]<\/p>\n","protected":false},"author":488,"featured_media":541,"comment_status":"closed","ping_status":"closed","sticky":false,"template":"","format":"standard","meta":{"footnotes":""},"categories":[57],"tags":[],"class_list":["post-1797","post","type-post","status-publish","format-standard","has-post-thumbnail","hentry","category-allgemein"],"yoast_head":"<!-- This site is optimized with the Yoast SEO plugin v27.5 - https:\/\/yoast.com\/product\/yoast-seo-wordpress\/ -->\n<title>Master Entw\u00fcrfe - Architekturlehre 1zu1<\/title>\n<meta name=\"robots\" content=\"index, follow, max-snippet:-1, max-image-preview:large, max-video-preview:-1\" \/>\n<link rel=\"canonical\" href=\"https:\/\/blogs.uni-siegen.de\/architekturlehre1zu1\/2021\/10\/06\/master-entwuerfe-3\/\" \/>\n<meta property=\"og:locale\" content=\"de_DE\" \/>\n<meta property=\"og:type\" content=\"article\" \/>\n<meta property=\"og:title\" content=\"Master Entw\u00fcrfe - Architekturlehre 1zu1\" \/>\n<meta property=\"og:description\" content=\"Eine neue Architekturfakult\u00e4t f\u00fcr K\u00f6ln Intention Mit der Er\u00f6ffnung eines Mehrabteilungs-Warenhauses nach franz\u00f6sischem Vorbild gr\u00fcndete Leonhard Tietz 1891 in K\u00f6ln an der Hohe Stra\u00dfe ein gro\u00dfes Gesch\u00e4ft, aus dem die heutige GALERIA Kaufhof GmbH hervorging. 1956 bis 1957 wurde das 1913\/1914 von Wilhelm Kreis errichtete Geb\u00e4ude um Ausstellungsraum und ein Parkhaus erweitert. Vor allem der [&hellip;]\" \/>\n<meta property=\"og:url\" content=\"https:\/\/blogs.uni-siegen.de\/architekturlehre1zu1\/2021\/10\/06\/master-entwuerfe-3\/\" \/>\n<meta property=\"og:site_name\" content=\"Architekturlehre 1zu1\" \/>\n<meta property=\"article:published_time\" content=\"2021-10-05T22:00:00+00:00\" \/>\n<meta property=\"article:modified_time\" content=\"2024-03-05T15:31:09+00:00\" \/>\n<meta property=\"og:image\" content=\"http:\/\/blogs.uni-siegen.de\/architekturlehre1zu1\/files\/2021\/03\/Kaufhof-Parkhaus_K\u00f6ln_3427-292-1.jpg\" \/>\n\t<meta property=\"og:image:width\" content=\"900\" \/>\n\t<meta property=\"og:image:height\" content=\"692\" \/>\n\t<meta property=\"og:image:type\" content=\"image\/jpeg\" \/>\n<meta name=\"author\" content=\"Julia Nikesch\" \/>\n<meta name=\"twitter:card\" content=\"summary_large_image\" \/>\n<meta name=\"twitter:label1\" content=\"Verfasst von\" \/>\n\t<meta name=\"twitter:data1\" content=\"Julia Nikesch\" \/>\n\t<meta name=\"twitter:label2\" content=\"Gesch\u00e4tzte Lesezeit\" \/>\n\t<meta name=\"twitter:data2\" content=\"6\u00a0Minuten\" \/>\n<script type=\"application\/ld+json\" class=\"yoast-schema-graph\">{\"@context\":\"https:\\\/\\\/schema.org\",\"@graph\":[{\"@type\":\"Article\",\"@id\":\"https:\\\/\\\/blogs.uni-siegen.de\\\/architekturlehre1zu1\\\/2021\\\/10\\\/06\\\/master-entwuerfe-3\\\/#article\",\"isPartOf\":{\"@id\":\"https:\\\/\\\/blogs.uni-siegen.de\\\/architekturlehre1zu1\\\/2021\\\/10\\\/06\\\/master-entwuerfe-3\\\/\"},\"author\":{\"name\":\"Julia Nikesch\",\"@id\":\"https:\\\/\\\/blogs.uni-siegen.de\\\/architekturlehre1zu1\\\/#\\\/schema\\\/person\\\/b9ea87272b3cf412226d043df2c4c702\"},\"headline\":\"Master Entw\u00fcrfe\",\"datePublished\":\"2021-10-05T22:00:00+00:00\",\"dateModified\":\"2024-03-05T15:31:09+00:00\",\"mainEntityOfPage\":{\"@id\":\"https:\\\/\\\/blogs.uni-siegen.de\\\/architekturlehre1zu1\\\/2021\\\/10\\\/06\\\/master-entwuerfe-3\\\/\"},\"wordCount\":398,\"publisher\":{\"@id\":\"https:\\\/\\\/blogs.uni-siegen.de\\\/architekturlehre1zu1\\\/#organization\"},\"image\":{\"@id\":\"https:\\\/\\\/blogs.uni-siegen.de\\\/architekturlehre1zu1\\\/2021\\\/10\\\/06\\\/master-entwuerfe-3\\\/#primaryimage\"},\"thumbnailUrl\":\"https:\\\/\\\/blogs.uni-siegen.de\\\/architekturlehre1zu1\\\/files\\\/2021\\\/03\\\/Kaufhof-Parkhaus_K\u00f6ln_3427-292-1.jpg\",\"articleSection\":[\"Baukonstruktion\"],\"inLanguage\":\"de\"},{\"@type\":\"WebPage\",\"@id\":\"https:\\\/\\\/blogs.uni-siegen.de\\\/architekturlehre1zu1\\\/2021\\\/10\\\/06\\\/master-entwuerfe-3\\\/\",\"url\":\"https:\\\/\\\/blogs.uni-siegen.de\\\/architekturlehre1zu1\\\/2021\\\/10\\\/06\\\/master-entwuerfe-3\\\/\",\"name\":\"Master Entw\u00fcrfe - Architekturlehre 1zu1\",\"isPartOf\":{\"@id\":\"https:\\\/\\\/blogs.uni-siegen.de\\\/architekturlehre1zu1\\\/#website\"},\"primaryImageOfPage\":{\"@id\":\"https:\\\/\\\/blogs.uni-siegen.de\\\/architekturlehre1zu1\\\/2021\\\/10\\\/06\\\/master-entwuerfe-3\\\/#primaryimage\"},\"image\":{\"@id\":\"https:\\\/\\\/blogs.uni-siegen.de\\\/architekturlehre1zu1\\\/2021\\\/10\\\/06\\\/master-entwuerfe-3\\\/#primaryimage\"},\"thumbnailUrl\":\"https:\\\/\\\/blogs.uni-siegen.de\\\/architekturlehre1zu1\\\/files\\\/2021\\\/03\\\/Kaufhof-Parkhaus_K\u00f6ln_3427-292-1.jpg\",\"datePublished\":\"2021-10-05T22:00:00+00:00\",\"dateModified\":\"2024-03-05T15:31:09+00:00\",\"breadcrumb\":{\"@id\":\"https:\\\/\\\/blogs.uni-siegen.de\\\/architekturlehre1zu1\\\/2021\\\/10\\\/06\\\/master-entwuerfe-3\\\/#breadcrumb\"},\"inLanguage\":\"de\",\"potentialAction\":[{\"@type\":\"ReadAction\",\"target\":[\"https:\\\/\\\/blogs.uni-siegen.de\\\/architekturlehre1zu1\\\/2021\\\/10\\\/06\\\/master-entwuerfe-3\\\/\"]}]},{\"@type\":\"ImageObject\",\"inLanguage\":\"de\",\"@id\":\"https:\\\/\\\/blogs.uni-siegen.de\\\/architekturlehre1zu1\\\/2021\\\/10\\\/06\\\/master-entwuerfe-3\\\/#primaryimage\",\"url\":\"https:\\\/\\\/blogs.uni-siegen.de\\\/architekturlehre1zu1\\\/files\\\/2021\\\/03\\\/Kaufhof-Parkhaus_K\u00f6ln_3427-292-1.jpg\",\"contentUrl\":\"https:\\\/\\\/blogs.uni-siegen.de\\\/architekturlehre1zu1\\\/files\\\/2021\\\/03\\\/Kaufhof-Parkhaus_K\u00f6ln_3427-292-1.jpg\",\"width\":900,\"height\":692},{\"@type\":\"BreadcrumbList\",\"@id\":\"https:\\\/\\\/blogs.uni-siegen.de\\\/architekturlehre1zu1\\\/2021\\\/10\\\/06\\\/master-entwuerfe-3\\\/#breadcrumb\",\"itemListElement\":[{\"@type\":\"ListItem\",\"position\":1,\"name\":\"Startseite\",\"item\":\"https:\\\/\\\/blogs.uni-siegen.de\\\/architekturlehre1zu1\\\/\"},{\"@type\":\"ListItem\",\"position\":2,\"name\":\"Master Entw\u00fcrfe\"}]},{\"@type\":\"WebSite\",\"@id\":\"https:\\\/\\\/blogs.uni-siegen.de\\\/architekturlehre1zu1\\\/#website\",\"url\":\"https:\\\/\\\/blogs.uni-siegen.de\\\/architekturlehre1zu1\\\/\",\"name\":\"Architekturlehre 1zu1\",\"description\":\"\",\"publisher\":{\"@id\":\"https:\\\/\\\/blogs.uni-siegen.de\\\/architekturlehre1zu1\\\/#organization\"},\"potentialAction\":[{\"@type\":\"SearchAction\",\"target\":{\"@type\":\"EntryPoint\",\"urlTemplate\":\"https:\\\/\\\/blogs.uni-siegen.de\\\/architekturlehre1zu1\\\/?s={search_term_string}\"},\"query-input\":{\"@type\":\"PropertyValueSpecification\",\"valueRequired\":true,\"valueName\":\"search_term_string\"}}],\"inLanguage\":\"de\"},{\"@type\":\"Organization\",\"@id\":\"https:\\\/\\\/blogs.uni-siegen.de\\\/architekturlehre1zu1\\\/#organization\",\"name\":\"Architekturlehre 1zu1\",\"url\":\"https:\\\/\\\/blogs.uni-siegen.de\\\/architekturlehre1zu1\\\/\",\"logo\":{\"@type\":\"ImageObject\",\"inLanguage\":\"de\",\"@id\":\"https:\\\/\\\/blogs.uni-siegen.de\\\/architekturlehre1zu1\\\/#\\\/schema\\\/logo\\\/image\\\/\",\"url\":\"https:\\\/\\\/blogs.uni-siegen.de\\\/architekturlehre1zu1\\\/files\\\/2021\\\/03\\\/cropped-Logo_\u00dcberarbeitet-3.png\",\"contentUrl\":\"https:\\\/\\\/blogs.uni-siegen.de\\\/architekturlehre1zu1\\\/files\\\/2021\\\/03\\\/cropped-Logo_\u00dcberarbeitet-3.png\",\"width\":3475,\"height\":1232,\"caption\":\"Architekturlehre 1zu1\"},\"image\":{\"@id\":\"https:\\\/\\\/blogs.uni-siegen.de\\\/architekturlehre1zu1\\\/#\\\/schema\\\/logo\\\/image\\\/\"}},{\"@type\":\"Person\",\"@id\":\"https:\\\/\\\/blogs.uni-siegen.de\\\/architekturlehre1zu1\\\/#\\\/schema\\\/person\\\/b9ea87272b3cf412226d043df2c4c702\",\"name\":\"Julia Nikesch\",\"image\":{\"@type\":\"ImageObject\",\"inLanguage\":\"de\",\"@id\":\"https:\\\/\\\/secure.gravatar.com\\\/avatar\\\/97baf7dbae43089bab15c21d2497906940d29929af43d8ca3ef939cee6ee6e54?s=96&d=mm&r=g\",\"url\":\"https:\\\/\\\/secure.gravatar.com\\\/avatar\\\/97baf7dbae43089bab15c21d2497906940d29929af43d8ca3ef939cee6ee6e54?s=96&d=mm&r=g\",\"contentUrl\":\"https:\\\/\\\/secure.gravatar.com\\\/avatar\\\/97baf7dbae43089bab15c21d2497906940d29929af43d8ca3ef939cee6ee6e54?s=96&d=mm&r=g\",\"caption\":\"Julia Nikesch\"},\"url\":\"https:\\\/\\\/blogs.uni-siegen.de\\\/architekturlehre1zu1\\\/author\\\/g045560\\\/\"}]}<\/script>\n<!-- \/ Yoast SEO plugin. -->","yoast_head_json":{"title":"Master Entw\u00fcrfe - Architekturlehre 1zu1","robots":{"index":"index","follow":"follow","max-snippet":"max-snippet:-1","max-image-preview":"max-image-preview:large","max-video-preview":"max-video-preview:-1"},"canonical":"https:\/\/blogs.uni-siegen.de\/architekturlehre1zu1\/2021\/10\/06\/master-entwuerfe-3\/","og_locale":"de_DE","og_type":"article","og_title":"Master Entw\u00fcrfe - Architekturlehre 1zu1","og_description":"Eine neue Architekturfakult\u00e4t f\u00fcr K\u00f6ln Intention Mit der Er\u00f6ffnung eines Mehrabteilungs-Warenhauses nach franz\u00f6sischem Vorbild gr\u00fcndete Leonhard Tietz 1891 in K\u00f6ln an der Hohe Stra\u00dfe ein gro\u00dfes Gesch\u00e4ft, aus dem die heutige GALERIA Kaufhof GmbH hervorging. 1956 bis 1957 wurde das 1913\/1914 von Wilhelm Kreis errichtete Geb\u00e4ude um Ausstellungsraum und ein Parkhaus erweitert. Vor allem der [&hellip;]","og_url":"https:\/\/blogs.uni-siegen.de\/architekturlehre1zu1\/2021\/10\/06\/master-entwuerfe-3\/","og_site_name":"Architekturlehre 1zu1","article_published_time":"2021-10-05T22:00:00+00:00","article_modified_time":"2024-03-05T15:31:09+00:00","og_image":[{"width":900,"height":692,"url":"http:\/\/blogs.uni-siegen.de\/architekturlehre1zu1\/files\/2021\/03\/Kaufhof-Parkhaus_K\u00f6ln_3427-292-1.jpg","type":"image\/jpeg"}],"author":"Julia Nikesch","twitter_card":"summary_large_image","twitter_misc":{"Verfasst von":"Julia Nikesch","Gesch\u00e4tzte Lesezeit":"6\u00a0Minuten"},"schema":{"@context":"https:\/\/schema.org","@graph":[{"@type":"Article","@id":"https:\/\/blogs.uni-siegen.de\/architekturlehre1zu1\/2021\/10\/06\/master-entwuerfe-3\/#article","isPartOf":{"@id":"https:\/\/blogs.uni-siegen.de\/architekturlehre1zu1\/2021\/10\/06\/master-entwuerfe-3\/"},"author":{"name":"Julia Nikesch","@id":"https:\/\/blogs.uni-siegen.de\/architekturlehre1zu1\/#\/schema\/person\/b9ea87272b3cf412226d043df2c4c702"},"headline":"Master Entw\u00fcrfe","datePublished":"2021-10-05T22:00:00+00:00","dateModified":"2024-03-05T15:31:09+00:00","mainEntityOfPage":{"@id":"https:\/\/blogs.uni-siegen.de\/architekturlehre1zu1\/2021\/10\/06\/master-entwuerfe-3\/"},"wordCount":398,"publisher":{"@id":"https:\/\/blogs.uni-siegen.de\/architekturlehre1zu1\/#organization"},"image":{"@id":"https:\/\/blogs.uni-siegen.de\/architekturlehre1zu1\/2021\/10\/06\/master-entwuerfe-3\/#primaryimage"},"thumbnailUrl":"https:\/\/blogs.uni-siegen.de\/architekturlehre1zu1\/files\/2021\/03\/Kaufhof-Parkhaus_K\u00f6ln_3427-292-1.jpg","articleSection":["Baukonstruktion"],"inLanguage":"de"},{"@type":"WebPage","@id":"https:\/\/blogs.uni-siegen.de\/architekturlehre1zu1\/2021\/10\/06\/master-entwuerfe-3\/","url":"https:\/\/blogs.uni-siegen.de\/architekturlehre1zu1\/2021\/10\/06\/master-entwuerfe-3\/","name":"Master Entw\u00fcrfe - Architekturlehre 1zu1","isPartOf":{"@id":"https:\/\/blogs.uni-siegen.de\/architekturlehre1zu1\/#website"},"primaryImageOfPage":{"@id":"https:\/\/blogs.uni-siegen.de\/architekturlehre1zu1\/2021\/10\/06\/master-entwuerfe-3\/#primaryimage"},"image":{"@id":"https:\/\/blogs.uni-siegen.de\/architekturlehre1zu1\/2021\/10\/06\/master-entwuerfe-3\/#primaryimage"},"thumbnailUrl":"https:\/\/blogs.uni-siegen.de\/architekturlehre1zu1\/files\/2021\/03\/Kaufhof-Parkhaus_K\u00f6ln_3427-292-1.jpg","datePublished":"2021-10-05T22:00:00+00:00","dateModified":"2024-03-05T15:31:09+00:00","breadcrumb":{"@id":"https:\/\/blogs.uni-siegen.de\/architekturlehre1zu1\/2021\/10\/06\/master-entwuerfe-3\/#breadcrumb"},"inLanguage":"de","potentialAction":[{"@type":"ReadAction","target":["https:\/\/blogs.uni-siegen.de\/architekturlehre1zu1\/2021\/10\/06\/master-entwuerfe-3\/"]}]},{"@type":"ImageObject","inLanguage":"de","@id":"https:\/\/blogs.uni-siegen.de\/architekturlehre1zu1\/2021\/10\/06\/master-entwuerfe-3\/#primaryimage","url":"https:\/\/blogs.uni-siegen.de\/architekturlehre1zu1\/files\/2021\/03\/Kaufhof-Parkhaus_K\u00f6ln_3427-292-1.jpg","contentUrl":"https:\/\/blogs.uni-siegen.de\/architekturlehre1zu1\/files\/2021\/03\/Kaufhof-Parkhaus_K\u00f6ln_3427-292-1.jpg","width":900,"height":692},{"@type":"BreadcrumbList","@id":"https:\/\/blogs.uni-siegen.de\/architekturlehre1zu1\/2021\/10\/06\/master-entwuerfe-3\/#breadcrumb","itemListElement":[{"@type":"ListItem","position":1,"name":"Startseite","item":"https:\/\/blogs.uni-siegen.de\/architekturlehre1zu1\/"},{"@type":"ListItem","position":2,"name":"Master Entw\u00fcrfe"}]},{"@type":"WebSite","@id":"https:\/\/blogs.uni-siegen.de\/architekturlehre1zu1\/#website","url":"https:\/\/blogs.uni-siegen.de\/architekturlehre1zu1\/","name":"Architekturlehre 1zu1","description":"","publisher":{"@id":"https:\/\/blogs.uni-siegen.de\/architekturlehre1zu1\/#organization"},"potentialAction":[{"@type":"SearchAction","target":{"@type":"EntryPoint","urlTemplate":"https:\/\/blogs.uni-siegen.de\/architekturlehre1zu1\/?s={search_term_string}"},"query-input":{"@type":"PropertyValueSpecification","valueRequired":true,"valueName":"search_term_string"}}],"inLanguage":"de"},{"@type":"Organization","@id":"https:\/\/blogs.uni-siegen.de\/architekturlehre1zu1\/#organization","name":"Architekturlehre 1zu1","url":"https:\/\/blogs.uni-siegen.de\/architekturlehre1zu1\/","logo":{"@type":"ImageObject","inLanguage":"de","@id":"https:\/\/blogs.uni-siegen.de\/architekturlehre1zu1\/#\/schema\/logo\/image\/","url":"https:\/\/blogs.uni-siegen.de\/architekturlehre1zu1\/files\/2021\/03\/cropped-Logo_\u00dcberarbeitet-3.png","contentUrl":"https:\/\/blogs.uni-siegen.de\/architekturlehre1zu1\/files\/2021\/03\/cropped-Logo_\u00dcberarbeitet-3.png","width":3475,"height":1232,"caption":"Architekturlehre 1zu1"},"image":{"@id":"https:\/\/blogs.uni-siegen.de\/architekturlehre1zu1\/#\/schema\/logo\/image\/"}},{"@type":"Person","@id":"https:\/\/blogs.uni-siegen.de\/architekturlehre1zu1\/#\/schema\/person\/b9ea87272b3cf412226d043df2c4c702","name":"Julia Nikesch","image":{"@type":"ImageObject","inLanguage":"de","@id":"https:\/\/secure.gravatar.com\/avatar\/97baf7dbae43089bab15c21d2497906940d29929af43d8ca3ef939cee6ee6e54?s=96&d=mm&r=g","url":"https:\/\/secure.gravatar.com\/avatar\/97baf7dbae43089bab15c21d2497906940d29929af43d8ca3ef939cee6ee6e54?s=96&d=mm&r=g","contentUrl":"https:\/\/secure.gravatar.com\/avatar\/97baf7dbae43089bab15c21d2497906940d29929af43d8ca3ef939cee6ee6e54?s=96&d=mm&r=g","caption":"Julia Nikesch"},"url":"https:\/\/blogs.uni-siegen.de\/architekturlehre1zu1\/author\/g045560\/"}]}},"_links":{"self":[{"href":"https:\/\/blogs.uni-siegen.de\/architekturlehre1zu1\/wp-json\/wp\/v2\/posts\/1797","targetHints":{"allow":["GET"]}}],"collection":[{"href":"https:\/\/blogs.uni-siegen.de\/architekturlehre1zu1\/wp-json\/wp\/v2\/posts"}],"about":[{"href":"https:\/\/blogs.uni-siegen.de\/architekturlehre1zu1\/wp-json\/wp\/v2\/types\/post"}],"author":[{"embeddable":true,"href":"https:\/\/blogs.uni-siegen.de\/architekturlehre1zu1\/wp-json\/wp\/v2\/users\/488"}],"replies":[{"embeddable":true,"href":"https:\/\/blogs.uni-siegen.de\/architekturlehre1zu1\/wp-json\/wp\/v2\/comments?post=1797"}],"version-history":[{"count":5,"href":"https:\/\/blogs.uni-siegen.de\/architekturlehre1zu1\/wp-json\/wp\/v2\/posts\/1797\/revisions"}],"predecessor-version":[{"id":2772,"href":"https:\/\/blogs.uni-siegen.de\/architekturlehre1zu1\/wp-json\/wp\/v2\/posts\/1797\/revisions\/2772"}],"wp:featuredmedia":[{"embeddable":true,"href":"https:\/\/blogs.uni-siegen.de\/architekturlehre1zu1\/wp-json\/wp\/v2\/media\/541"}],"wp:attachment":[{"href":"https:\/\/blogs.uni-siegen.de\/architekturlehre1zu1\/wp-json\/wp\/v2\/media?parent=1797"}],"wp:term":[{"taxonomy":"category","embeddable":true,"href":"https:\/\/blogs.uni-siegen.de\/architekturlehre1zu1\/wp-json\/wp\/v2\/categories?post=1797"},{"taxonomy":"post_tag","embeddable":true,"href":"https:\/\/blogs.uni-siegen.de\/architekturlehre1zu1\/wp-json\/wp\/v2\/tags?post=1797"}],"curies":[{"name":"wp","href":"https:\/\/api.w.org\/{rel}","templated":true}]}}