{"id":2635,"date":"2023-10-11T13:03:06","date_gmt":"2023-10-11T11:03:06","guid":{"rendered":"https:\/\/blogs.uni-siegen.de\/architekturlehre1zu1\/?p=2635"},"modified":"2023-12-17T16:40:24","modified_gmt":"2023-12-17T15:40:24","slug":"gastvortrag","status":"publish","type":"post","link":"https:\/\/blogs.uni-siegen.de\/architekturlehre1zu1\/2023\/10\/11\/gastvortrag\/","title":{"rendered":"Gastvortrag"},"content":{"rendered":"\n<h4 class=\"wp-block-heading\">Jan Glasmeier &#8211; Simple Architecture<\/h4>\n\n\n\n<p>Seit 2012 kollaboriert Jan Glasmeier mit zwei befreundeten Architekten an verschiedenen Projekten in Thailand. 2016 wurde simple architecture gegr\u00fcndet mit dem Ziel, zusammen mit Burmesischen Fl\u00fcchtlings- und Migrantengruppen, eine alternative Form des Bauens mit nat\u00fcrlichen und lokalen Materialien zu erm\u00f6glichen.<\/p>\n\n\n\n<p>Neben einem Krankenhaus und dem Trainingszentrum f\u00fcr die Mae Tao Clinic, sind mittlerweile auch Klassenr\u00e4ume f\u00fcr Migrantenkinder und Schutzbauten f\u00fcr Burmesische Fl\u00fcchtlinge entstanden.<\/p>\n\n\n\n<p>Am 26.10 wird Jan Glasmeier im Rahmen eines Gastvortrages \u00fcber seine aktuellen Projekte berichten.<\/p>\n","protected":false},"excerpt":{"rendered":"<p>Jan Glasmeier &#8211; Simple Architecture Seit 2012 kollaboriert Jan Glasmeier mit zwei befreundeten Architekten an verschiedenen Projekten in Thailand. 2016 wurde simple architecture gegr\u00fcndet mit dem Ziel, zusammen mit Burmesischen Fl\u00fcchtlings- und Migrantengruppen, eine alternative Form des Bauens mit nat\u00fcrlichen und lokalen Materialien zu erm\u00f6glichen. Neben einem Krankenhaus und dem Trainingszentrum f\u00fcr die Mae Tao [&hellip;]<\/p>\n","protected":false},"author":488,"featured_media":2642,"comment_status":"closed","ping_status":"closed","sticky":false,"template":"","format":"standard","meta":{"footnotes":""},"categories":[57],"tags":[],"class_list":["post-2635","post","type-post","status-publish","format-standard","has-post-thumbnail","hentry","category-allgemein"],"yoast_head":"<!-- This site is optimized with the Yoast SEO plugin v27.4 - https:\/\/yoast.com\/product\/yoast-seo-wordpress\/ -->\n<title>Gastvortrag - Architekturlehre 1zu1<\/title>\n<meta name=\"robots\" content=\"index, follow, max-snippet:-1, max-image-preview:large, max-video-preview:-1\" \/>\n<link rel=\"canonical\" href=\"https:\/\/blogs.uni-siegen.de\/architekturlehre1zu1\/2023\/10\/11\/gastvortrag\/\" \/>\n<meta property=\"og:locale\" content=\"de_DE\" \/>\n<meta property=\"og:type\" content=\"article\" \/>\n<meta property=\"og:title\" content=\"Gastvortrag - Architekturlehre 1zu1\" \/>\n<meta property=\"og:description\" content=\"Jan Glasmeier &#8211; Simple Architecture Seit 2012 kollaboriert Jan Glasmeier mit zwei befreundeten Architekten an verschiedenen Projekten in Thailand. 2016 wurde simple architecture gegr\u00fcndet mit dem Ziel, zusammen mit Burmesischen Fl\u00fcchtlings- und Migrantengruppen, eine alternative Form des Bauens mit nat\u00fcrlichen und lokalen Materialien zu erm\u00f6glichen. Neben einem Krankenhaus und dem Trainingszentrum f\u00fcr die Mae Tao [&hellip;]\" \/>\n<meta property=\"og:url\" content=\"https:\/\/blogs.uni-siegen.de\/architekturlehre1zu1\/2023\/10\/11\/gastvortrag\/\" \/>\n<meta property=\"og:site_name\" content=\"Architekturlehre 1zu1\" \/>\n<meta property=\"article:published_time\" content=\"2023-10-11T11:03:06+00:00\" \/>\n<meta property=\"article:modified_time\" content=\"2023-12-17T15:40:24+00:00\" \/>\n<meta property=\"og:image\" content=\"http:\/\/blogs.uni-siegen.de\/architekturlehre1zu1\/files\/2023\/10\/Flyer-2-e1702827612910.png\" \/>\n\t<meta property=\"og:image:width\" content=\"900\" \/>\n\t<meta property=\"og:image:height\" content=\"900\" \/>\n\t<meta property=\"og:image:type\" content=\"image\/png\" \/>\n<meta name=\"author\" content=\"Julia Nikesch\" \/>\n<meta name=\"twitter:card\" content=\"summary_large_image\" \/>\n<meta name=\"twitter:label1\" content=\"Verfasst von\" \/>\n\t<meta name=\"twitter:data1\" content=\"Julia Nikesch\" \/>\n\t<meta name=\"twitter:label2\" content=\"Gesch\u00e4tzte Lesezeit\" \/>\n\t<meta name=\"twitter:data2\" content=\"1\u00a0Minute\" \/>\n<script type=\"application\/ld+json\" class=\"yoast-schema-graph\">{\"@context\":\"https:\\\/\\\/schema.org\",\"@graph\":[{\"@type\":\"Article\",\"@id\":\"https:\\\/\\\/blogs.uni-siegen.de\\\/architekturlehre1zu1\\\/2023\\\/10\\\/11\\\/gastvortrag\\\/#article\",\"isPartOf\":{\"@id\":\"https:\\\/\\\/blogs.uni-siegen.de\\\/architekturlehre1zu1\\\/2023\\\/10\\\/11\\\/gastvortrag\\\/\"},\"author\":{\"name\":\"Julia Nikesch\",\"@id\":\"https:\\\/\\\/blogs.uni-siegen.de\\\/architekturlehre1zu1\\\/#\\\/schema\\\/person\\\/b9ea87272b3cf412226d043df2c4c702\"},\"headline\":\"Gastvortrag\",\"datePublished\":\"2023-10-11T11:03:06+00:00\",\"dateModified\":\"2023-12-17T15:40:24+00:00\",\"mainEntityOfPage\":{\"@id\":\"https:\\\/\\\/blogs.uni-siegen.de\\\/architekturlehre1zu1\\\/2023\\\/10\\\/11\\\/gastvortrag\\\/\"},\"wordCount\":89,\"publisher\":{\"@id\":\"https:\\\/\\\/blogs.uni-siegen.de\\\/architekturlehre1zu1\\\/#organization\"},\"image\":{\"@id\":\"https:\\\/\\\/blogs.uni-siegen.de\\\/architekturlehre1zu1\\\/2023\\\/10\\\/11\\\/gastvortrag\\\/#primaryimage\"},\"thumbnailUrl\":\"https:\\\/\\\/blogs.uni-siegen.de\\\/architekturlehre1zu1\\\/files\\\/2023\\\/10\\\/Flyer-2-e1702827612910.png\",\"articleSection\":[\"Baukonstruktion\"],\"inLanguage\":\"de\"},{\"@type\":\"WebPage\",\"@id\":\"https:\\\/\\\/blogs.uni-siegen.de\\\/architekturlehre1zu1\\\/2023\\\/10\\\/11\\\/gastvortrag\\\/\",\"url\":\"https:\\\/\\\/blogs.uni-siegen.de\\\/architekturlehre1zu1\\\/2023\\\/10\\\/11\\\/gastvortrag\\\/\",\"name\":\"Gastvortrag - Architekturlehre 1zu1\",\"isPartOf\":{\"@id\":\"https:\\\/\\\/blogs.uni-siegen.de\\\/architekturlehre1zu1\\\/#website\"},\"primaryImageOfPage\":{\"@id\":\"https:\\\/\\\/blogs.uni-siegen.de\\\/architekturlehre1zu1\\\/2023\\\/10\\\/11\\\/gastvortrag\\\/#primaryimage\"},\"image\":{\"@id\":\"https:\\\/\\\/blogs.uni-siegen.de\\\/architekturlehre1zu1\\\/2023\\\/10\\\/11\\\/gastvortrag\\\/#primaryimage\"},\"thumbnailUrl\":\"https:\\\/\\\/blogs.uni-siegen.de\\\/architekturlehre1zu1\\\/files\\\/2023\\\/10\\\/Flyer-2-e1702827612910.png\",\"datePublished\":\"2023-10-11T11:03:06+00:00\",\"dateModified\":\"2023-12-17T15:40:24+00:00\",\"breadcrumb\":{\"@id\":\"https:\\\/\\\/blogs.uni-siegen.de\\\/architekturlehre1zu1\\\/2023\\\/10\\\/11\\\/gastvortrag\\\/#breadcrumb\"},\"inLanguage\":\"de\",\"potentialAction\":[{\"@type\":\"ReadAction\",\"target\":[\"https:\\\/\\\/blogs.uni-siegen.de\\\/architekturlehre1zu1\\\/2023\\\/10\\\/11\\\/gastvortrag\\\/\"]}]},{\"@type\":\"ImageObject\",\"inLanguage\":\"de\",\"@id\":\"https:\\\/\\\/blogs.uni-siegen.de\\\/architekturlehre1zu1\\\/2023\\\/10\\\/11\\\/gastvortrag\\\/#primaryimage\",\"url\":\"https:\\\/\\\/blogs.uni-siegen.de\\\/architekturlehre1zu1\\\/files\\\/2023\\\/10\\\/Flyer-2-e1702827612910.png\",\"contentUrl\":\"https:\\\/\\\/blogs.uni-siegen.de\\\/architekturlehre1zu1\\\/files\\\/2023\\\/10\\\/Flyer-2-e1702827612910.png\",\"width\":900,\"height\":900},{\"@type\":\"BreadcrumbList\",\"@id\":\"https:\\\/\\\/blogs.uni-siegen.de\\\/architekturlehre1zu1\\\/2023\\\/10\\\/11\\\/gastvortrag\\\/#breadcrumb\",\"itemListElement\":[{\"@type\":\"ListItem\",\"position\":1,\"name\":\"Startseite\",\"item\":\"https:\\\/\\\/blogs.uni-siegen.de\\\/architekturlehre1zu1\\\/\"},{\"@type\":\"ListItem\",\"position\":2,\"name\":\"Gastvortrag\"}]},{\"@type\":\"WebSite\",\"@id\":\"https:\\\/\\\/blogs.uni-siegen.de\\\/architekturlehre1zu1\\\/#website\",\"url\":\"https:\\\/\\\/blogs.uni-siegen.de\\\/architekturlehre1zu1\\\/\",\"name\":\"Architekturlehre 1zu1\",\"description\":\"\",\"publisher\":{\"@id\":\"https:\\\/\\\/blogs.uni-siegen.de\\\/architekturlehre1zu1\\\/#organization\"},\"potentialAction\":[{\"@type\":\"SearchAction\",\"target\":{\"@type\":\"EntryPoint\",\"urlTemplate\":\"https:\\\/\\\/blogs.uni-siegen.de\\\/architekturlehre1zu1\\\/?s={search_term_string}\"},\"query-input\":{\"@type\":\"PropertyValueSpecification\",\"valueRequired\":true,\"valueName\":\"search_term_string\"}}],\"inLanguage\":\"de\"},{\"@type\":\"Organization\",\"@id\":\"https:\\\/\\\/blogs.uni-siegen.de\\\/architekturlehre1zu1\\\/#organization\",\"name\":\"Architekturlehre 1zu1\",\"url\":\"https:\\\/\\\/blogs.uni-siegen.de\\\/architekturlehre1zu1\\\/\",\"logo\":{\"@type\":\"ImageObject\",\"inLanguage\":\"de\",\"@id\":\"https:\\\/\\\/blogs.uni-siegen.de\\\/architekturlehre1zu1\\\/#\\\/schema\\\/logo\\\/image\\\/\",\"url\":\"https:\\\/\\\/blogs.uni-siegen.de\\\/architekturlehre1zu1\\\/files\\\/2021\\\/03\\\/cropped-Logo_\u00dcberarbeitet-3.png\",\"contentUrl\":\"https:\\\/\\\/blogs.uni-siegen.de\\\/architekturlehre1zu1\\\/files\\\/2021\\\/03\\\/cropped-Logo_\u00dcberarbeitet-3.png\",\"width\":3475,\"height\":1232,\"caption\":\"Architekturlehre 1zu1\"},\"image\":{\"@id\":\"https:\\\/\\\/blogs.uni-siegen.de\\\/architekturlehre1zu1\\\/#\\\/schema\\\/logo\\\/image\\\/\"}},{\"@type\":\"Person\",\"@id\":\"https:\\\/\\\/blogs.uni-siegen.de\\\/architekturlehre1zu1\\\/#\\\/schema\\\/person\\\/b9ea87272b3cf412226d043df2c4c702\",\"name\":\"Julia Nikesch\",\"image\":{\"@type\":\"ImageObject\",\"inLanguage\":\"de\",\"@id\":\"https:\\\/\\\/secure.gravatar.com\\\/avatar\\\/97baf7dbae43089bab15c21d2497906940d29929af43d8ca3ef939cee6ee6e54?s=96&d=mm&r=g\",\"url\":\"https:\\\/\\\/secure.gravatar.com\\\/avatar\\\/97baf7dbae43089bab15c21d2497906940d29929af43d8ca3ef939cee6ee6e54?s=96&d=mm&r=g\",\"contentUrl\":\"https:\\\/\\\/secure.gravatar.com\\\/avatar\\\/97baf7dbae43089bab15c21d2497906940d29929af43d8ca3ef939cee6ee6e54?s=96&d=mm&r=g\",\"caption\":\"Julia Nikesch\"},\"url\":\"https:\\\/\\\/blogs.uni-siegen.de\\\/architekturlehre1zu1\\\/author\\\/g045560\\\/\"}]}<\/script>\n<!-- \/ Yoast SEO plugin. -->","yoast_head_json":{"title":"Gastvortrag - Architekturlehre 1zu1","robots":{"index":"index","follow":"follow","max-snippet":"max-snippet:-1","max-image-preview":"max-image-preview:large","max-video-preview":"max-video-preview:-1"},"canonical":"https:\/\/blogs.uni-siegen.de\/architekturlehre1zu1\/2023\/10\/11\/gastvortrag\/","og_locale":"de_DE","og_type":"article","og_title":"Gastvortrag - Architekturlehre 1zu1","og_description":"Jan Glasmeier &#8211; Simple Architecture Seit 2012 kollaboriert Jan Glasmeier mit zwei befreundeten Architekten an verschiedenen Projekten in Thailand. 2016 wurde simple architecture gegr\u00fcndet mit dem Ziel, zusammen mit Burmesischen Fl\u00fcchtlings- und Migrantengruppen, eine alternative Form des Bauens mit nat\u00fcrlichen und lokalen Materialien zu erm\u00f6glichen. Neben einem Krankenhaus und dem Trainingszentrum f\u00fcr die Mae Tao [&hellip;]","og_url":"https:\/\/blogs.uni-siegen.de\/architekturlehre1zu1\/2023\/10\/11\/gastvortrag\/","og_site_name":"Architekturlehre 1zu1","article_published_time":"2023-10-11T11:03:06+00:00","article_modified_time":"2023-12-17T15:40:24+00:00","og_image":[{"width":900,"height":900,"url":"http:\/\/blogs.uni-siegen.de\/architekturlehre1zu1\/files\/2023\/10\/Flyer-2-e1702827612910.png","type":"image\/png"}],"author":"Julia Nikesch","twitter_card":"summary_large_image","twitter_misc":{"Verfasst von":"Julia Nikesch","Gesch\u00e4tzte Lesezeit":"1\u00a0Minute"},"schema":{"@context":"https:\/\/schema.org","@graph":[{"@type":"Article","@id":"https:\/\/blogs.uni-siegen.de\/architekturlehre1zu1\/2023\/10\/11\/gastvortrag\/#article","isPartOf":{"@id":"https:\/\/blogs.uni-siegen.de\/architekturlehre1zu1\/2023\/10\/11\/gastvortrag\/"},"author":{"name":"Julia Nikesch","@id":"https:\/\/blogs.uni-siegen.de\/architekturlehre1zu1\/#\/schema\/person\/b9ea87272b3cf412226d043df2c4c702"},"headline":"Gastvortrag","datePublished":"2023-10-11T11:03:06+00:00","dateModified":"2023-12-17T15:40:24+00:00","mainEntityOfPage":{"@id":"https:\/\/blogs.uni-siegen.de\/architekturlehre1zu1\/2023\/10\/11\/gastvortrag\/"},"wordCount":89,"publisher":{"@id":"https:\/\/blogs.uni-siegen.de\/architekturlehre1zu1\/#organization"},"image":{"@id":"https:\/\/blogs.uni-siegen.de\/architekturlehre1zu1\/2023\/10\/11\/gastvortrag\/#primaryimage"},"thumbnailUrl":"https:\/\/blogs.uni-siegen.de\/architekturlehre1zu1\/files\/2023\/10\/Flyer-2-e1702827612910.png","articleSection":["Baukonstruktion"],"inLanguage":"de"},{"@type":"WebPage","@id":"https:\/\/blogs.uni-siegen.de\/architekturlehre1zu1\/2023\/10\/11\/gastvortrag\/","url":"https:\/\/blogs.uni-siegen.de\/architekturlehre1zu1\/2023\/10\/11\/gastvortrag\/","name":"Gastvortrag - Architekturlehre 1zu1","isPartOf":{"@id":"https:\/\/blogs.uni-siegen.de\/architekturlehre1zu1\/#website"},"primaryImageOfPage":{"@id":"https:\/\/blogs.uni-siegen.de\/architekturlehre1zu1\/2023\/10\/11\/gastvortrag\/#primaryimage"},"image":{"@id":"https:\/\/blogs.uni-siegen.de\/architekturlehre1zu1\/2023\/10\/11\/gastvortrag\/#primaryimage"},"thumbnailUrl":"https:\/\/blogs.uni-siegen.de\/architekturlehre1zu1\/files\/2023\/10\/Flyer-2-e1702827612910.png","datePublished":"2023-10-11T11:03:06+00:00","dateModified":"2023-12-17T15:40:24+00:00","breadcrumb":{"@id":"https:\/\/blogs.uni-siegen.de\/architekturlehre1zu1\/2023\/10\/11\/gastvortrag\/#breadcrumb"},"inLanguage":"de","potentialAction":[{"@type":"ReadAction","target":["https:\/\/blogs.uni-siegen.de\/architekturlehre1zu1\/2023\/10\/11\/gastvortrag\/"]}]},{"@type":"ImageObject","inLanguage":"de","@id":"https:\/\/blogs.uni-siegen.de\/architekturlehre1zu1\/2023\/10\/11\/gastvortrag\/#primaryimage","url":"https:\/\/blogs.uni-siegen.de\/architekturlehre1zu1\/files\/2023\/10\/Flyer-2-e1702827612910.png","contentUrl":"https:\/\/blogs.uni-siegen.de\/architekturlehre1zu1\/files\/2023\/10\/Flyer-2-e1702827612910.png","width":900,"height":900},{"@type":"BreadcrumbList","@id":"https:\/\/blogs.uni-siegen.de\/architekturlehre1zu1\/2023\/10\/11\/gastvortrag\/#breadcrumb","itemListElement":[{"@type":"ListItem","position":1,"name":"Startseite","item":"https:\/\/blogs.uni-siegen.de\/architekturlehre1zu1\/"},{"@type":"ListItem","position":2,"name":"Gastvortrag"}]},{"@type":"WebSite","@id":"https:\/\/blogs.uni-siegen.de\/architekturlehre1zu1\/#website","url":"https:\/\/blogs.uni-siegen.de\/architekturlehre1zu1\/","name":"Architekturlehre 1zu1","description":"","publisher":{"@id":"https:\/\/blogs.uni-siegen.de\/architekturlehre1zu1\/#organization"},"potentialAction":[{"@type":"SearchAction","target":{"@type":"EntryPoint","urlTemplate":"https:\/\/blogs.uni-siegen.de\/architekturlehre1zu1\/?s={search_term_string}"},"query-input":{"@type":"PropertyValueSpecification","valueRequired":true,"valueName":"search_term_string"}}],"inLanguage":"de"},{"@type":"Organization","@id":"https:\/\/blogs.uni-siegen.de\/architekturlehre1zu1\/#organization","name":"Architekturlehre 1zu1","url":"https:\/\/blogs.uni-siegen.de\/architekturlehre1zu1\/","logo":{"@type":"ImageObject","inLanguage":"de","@id":"https:\/\/blogs.uni-siegen.de\/architekturlehre1zu1\/#\/schema\/logo\/image\/","url":"https:\/\/blogs.uni-siegen.de\/architekturlehre1zu1\/files\/2021\/03\/cropped-Logo_\u00dcberarbeitet-3.png","contentUrl":"https:\/\/blogs.uni-siegen.de\/architekturlehre1zu1\/files\/2021\/03\/cropped-Logo_\u00dcberarbeitet-3.png","width":3475,"height":1232,"caption":"Architekturlehre 1zu1"},"image":{"@id":"https:\/\/blogs.uni-siegen.de\/architekturlehre1zu1\/#\/schema\/logo\/image\/"}},{"@type":"Person","@id":"https:\/\/blogs.uni-siegen.de\/architekturlehre1zu1\/#\/schema\/person\/b9ea87272b3cf412226d043df2c4c702","name":"Julia Nikesch","image":{"@type":"ImageObject","inLanguage":"de","@id":"https:\/\/secure.gravatar.com\/avatar\/97baf7dbae43089bab15c21d2497906940d29929af43d8ca3ef939cee6ee6e54?s=96&d=mm&r=g","url":"https:\/\/secure.gravatar.com\/avatar\/97baf7dbae43089bab15c21d2497906940d29929af43d8ca3ef939cee6ee6e54?s=96&d=mm&r=g","contentUrl":"https:\/\/secure.gravatar.com\/avatar\/97baf7dbae43089bab15c21d2497906940d29929af43d8ca3ef939cee6ee6e54?s=96&d=mm&r=g","caption":"Julia Nikesch"},"url":"https:\/\/blogs.uni-siegen.de\/architekturlehre1zu1\/author\/g045560\/"}]}},"_links":{"self":[{"href":"https:\/\/blogs.uni-siegen.de\/architekturlehre1zu1\/wp-json\/wp\/v2\/posts\/2635","targetHints":{"allow":["GET"]}}],"collection":[{"href":"https:\/\/blogs.uni-siegen.de\/architekturlehre1zu1\/wp-json\/wp\/v2\/posts"}],"about":[{"href":"https:\/\/blogs.uni-siegen.de\/architekturlehre1zu1\/wp-json\/wp\/v2\/types\/post"}],"author":[{"embeddable":true,"href":"https:\/\/blogs.uni-siegen.de\/architekturlehre1zu1\/wp-json\/wp\/v2\/users\/488"}],"replies":[{"embeddable":true,"href":"https:\/\/blogs.uni-siegen.de\/architekturlehre1zu1\/wp-json\/wp\/v2\/comments?post=2635"}],"version-history":[{"count":4,"href":"https:\/\/blogs.uni-siegen.de\/architekturlehre1zu1\/wp-json\/wp\/v2\/posts\/2635\/revisions"}],"predecessor-version":[{"id":2640,"href":"https:\/\/blogs.uni-siegen.de\/architekturlehre1zu1\/wp-json\/wp\/v2\/posts\/2635\/revisions\/2640"}],"wp:featuredmedia":[{"embeddable":true,"href":"https:\/\/blogs.uni-siegen.de\/architekturlehre1zu1\/wp-json\/wp\/v2\/media\/2642"}],"wp:attachment":[{"href":"https:\/\/blogs.uni-siegen.de\/architekturlehre1zu1\/wp-json\/wp\/v2\/media?parent=2635"}],"wp:term":[{"taxonomy":"category","embeddable":true,"href":"https:\/\/blogs.uni-siegen.de\/architekturlehre1zu1\/wp-json\/wp\/v2\/categories?post=2635"},{"taxonomy":"post_tag","embeddable":true,"href":"https:\/\/blogs.uni-siegen.de\/architekturlehre1zu1\/wp-json\/wp\/v2\/tags?post=2635"}],"curies":[{"name":"wp","href":"https:\/\/api.w.org\/{rel}","templated":true}]}}