{"id":445,"date":"2018-07-12T00:00:00","date_gmt":"2018-07-11T22:00:00","guid":{"rendered":"https:\/\/blogs.uni-siegen.de\/architekturlehre1zu1\/?p=445"},"modified":"2024-02-04T22:10:31","modified_gmt":"2024-02-04T21:10:31","slug":"ein-haus-fuer-alle-faelle-2","status":"publish","type":"post","link":"https:\/\/blogs.uni-siegen.de\/architekturlehre1zu1\/2018\/07\/12\/ein-haus-fuer-alle-faelle-2\/","title":{"rendered":"Bachelor Entwurf"},"content":{"rendered":"\n<h5 class=\"wp-block-heading\">SCHNEE VON GESTERN<\/h5>\n\n\n\n<h5 class=\"wp-block-heading\">&#8211; oder ein Kajakzentrum f\u00fcr das \u00d6tztal<\/h5>\n\n\n\n<p>Der Wintersport alleine besitzt nicht mehr gen\u00fcgend&nbsp;Zugkraft, um auf Dauer die Wirtschaft der Region Oetz zu stabilisieren. Also will man sich nach&nbsp;anderen M\u00f6glichkeiten umsehen, wie mit der atemberaubenden Landschaft eine neue touristische und&nbsp;nachhaltige Attraktion geschaffen werden kann. Schon seit vielen Jahren schw\u00e4rmen Kajakfahrer aus der&nbsp;ganzen Welt von den Wildwasserperlen in den Alpen. In oft selbst organisierten Reisen befahren sie die&nbsp;Fl\u00fcsse im Grenzgebiet zwischen Deutschland und \u00d6sterreich. Somit liegt es nahe, ein Zentrum zu&nbsp;entwickeln, das die Faszination und die Energie des Kajaksports b\u00fcndelt, das zum Magneten und&nbsp;Anlaufpunkt f\u00fcr erfahrene Paddler und wasserbegeisterte Neugierige werden kann. Da es im Ort bereits eine&nbsp;etwas vernachl\u00e4ssigte Slalomstrecke f\u00fcr Kajakfahrer gibt und die \u201eAdidas Sickline\u201c eine willkommene&nbsp;Werbewirksamkeit besitzt, soll in Oetz ein Kajakleistungszentrum entstehen, dass dazu dient, diesen Sport&nbsp;langfristig in der Region zu etablieren.<\/p>\n\n\n\n<p>F\u00fcr das neue Bauvorhaben wird ein ca. 150 x 50 Meter gro\u00dfes Grundst\u00fcck am s\u00fcd\u00f6stlichen Ortsausgang&nbsp;ausgewiesen, das n\u00f6rdlich von der Hauptstra\u00dfe, s\u00fcdlich von der Oetztaler Ache und der Slalomstrecke und&nbsp;westlich von einem kleinen Wanderparkplatz am jetzigen Ortsrand begrenzt wird.<\/p>\n\n\n\n<p>Konzipieren und entwerfen Sie Ihre Vorstellung von einem Kajakleistungszentrum unter Ber\u00fccksichtigung&nbsp;der zuvor beschriebenen r\u00e4umlichen und landschaftlichen Situation. Das Zentrum soll folgende Aufgaben&nbsp;\u00fcbernehmen:<\/p>\n\n\n\n<p>\u2022&nbsp; ein Ausbildungszentrum f\u00fcr bis zu 20 Sportler mit entsprechenden Material-, Schulungs- und&nbsp;Sportr\u00e4umen, Unterk\u00fcnften (auch f\u00fcr die Betreuer) inkl. Versorgungseinrichtungen (Selbstversorger)<\/p>\n\n\n\n<p>\u2022&nbsp; eine Kajakschule f\u00fcr Paddler aller Altersstufen mit und ohne Vorkenntnisse (angeboten werden mehrt\u00e4gige&nbsp;Kurse inkl. Material, jedoch keine Unterbringung).<\/p>\n\n\n\n<p>\u2022&nbsp; ein Kajakshop mit Veranstaltung von Rafting-Touren<\/p>\n\n\n\n<p>&nbsp;<\/p>\n\n\n\n<h5 class=\"wp-block-heading\">Ergebnisse<\/h5>\n\n\n\n<p>&nbsp;<\/p>\n\n\n\n<h6 class=\"wp-block-heading\">Alexandra Glaesner<\/h6>\n\n\n\n<figure class=\"wp-block-gallery has-nested-images columns-default is-cropped wp-block-gallery-1 is-layout-flex wp-block-gallery-is-layout-flex\">\n<figure class=\"wp-block-image size-medium\"><a href=\"https:\/\/blogs.uni-siegen.de\/architekturlehre1zu1\/files\/2021\/04\/Plan1-1-scaled.jpg\"><img loading=\"lazy\" decoding=\"async\" width=\"227\" height=\"300\" data-id=\"1050\" src=\"https:\/\/blogs.uni-siegen.de\/architekturlehre1zu1\/files\/2021\/04\/Plan1-1-227x300.jpg\" alt=\"\" class=\"wp-image-1050\" srcset=\"https:\/\/blogs.uni-siegen.de\/architekturlehre1zu1\/files\/2021\/04\/Plan1-1-227x300.jpg 227w, https:\/\/blogs.uni-siegen.de\/architekturlehre1zu1\/files\/2021\/04\/Plan1-1-774x1024.jpg 774w, https:\/\/blogs.uni-siegen.de\/architekturlehre1zu1\/files\/2021\/04\/Plan1-1-768x1017.jpg 768w, https:\/\/blogs.uni-siegen.de\/architekturlehre1zu1\/files\/2021\/04\/Plan1-1-1160x1536.jpg 1160w, https:\/\/blogs.uni-siegen.de\/architekturlehre1zu1\/files\/2021\/04\/Plan1-1-1547x2048.jpg 1547w, https:\/\/blogs.uni-siegen.de\/architekturlehre1zu1\/files\/2021\/04\/Plan1-1-1200x1589.jpg 1200w, https:\/\/blogs.uni-siegen.de\/architekturlehre1zu1\/files\/2021\/04\/Plan1-1-1980x2621.jpg 1980w, https:\/\/blogs.uni-siegen.de\/architekturlehre1zu1\/files\/2021\/04\/Plan1-1-scaled.jpg 1934w\" sizes=\"auto, (max-width: 227px) 100vw, 227px\" \/><\/a><\/figure>\n\n\n\n<figure class=\"wp-block-image size-medium\"><a href=\"https:\/\/blogs.uni-siegen.de\/architekturlehre1zu1\/files\/2021\/04\/Plan2-scaled.jpg\"><img loading=\"lazy\" decoding=\"async\" width=\"227\" height=\"300\" data-id=\"1051\" src=\"https:\/\/blogs.uni-siegen.de\/architekturlehre1zu1\/files\/2021\/04\/Plan2-227x300.jpg\" alt=\"\" class=\"wp-image-1051\" srcset=\"https:\/\/blogs.uni-siegen.de\/architekturlehre1zu1\/files\/2021\/04\/Plan2-227x300.jpg 227w, https:\/\/blogs.uni-siegen.de\/architekturlehre1zu1\/files\/2021\/04\/Plan2-774x1024.jpg 774w, https:\/\/blogs.uni-siegen.de\/architekturlehre1zu1\/files\/2021\/04\/Plan2-768x1016.jpg 768w, https:\/\/blogs.uni-siegen.de\/architekturlehre1zu1\/files\/2021\/04\/Plan2-1161x1536.jpg 1161w, https:\/\/blogs.uni-siegen.de\/architekturlehre1zu1\/files\/2021\/04\/Plan2-1548x2048.jpg 1548w, https:\/\/blogs.uni-siegen.de\/architekturlehre1zu1\/files\/2021\/04\/Plan2-1200x1587.jpg 1200w, https:\/\/blogs.uni-siegen.de\/architekturlehre1zu1\/files\/2021\/04\/Plan2-1980x2619.jpg 1980w, https:\/\/blogs.uni-siegen.de\/architekturlehre1zu1\/files\/2021\/04\/Plan2-scaled.jpg 1935w\" sizes=\"auto, (max-width: 227px) 100vw, 227px\" \/><\/a><\/figure>\n<\/figure>\n\n\n\n<p>&nbsp;<\/p>\n\n\n\n<h6 class=\"wp-block-heading\">Anna Wurm<\/h6>\n\n\n\n<figure class=\"wp-block-gallery has-nested-images columns-default is-cropped wp-block-gallery-2 is-layout-flex wp-block-gallery-is-layout-flex\">\n<figure class=\"wp-block-image size-medium\"><a href=\"https:\/\/blogs.uni-siegen.de\/architekturlehre1zu1\/files\/2021\/04\/plan1-2-scaled.jpg\"><img loading=\"lazy\" decoding=\"async\" width=\"171\" height=\"300\" data-id=\"1052\" src=\"https:\/\/blogs.uni-siegen.de\/architekturlehre1zu1\/files\/2021\/04\/plan1-2-171x300.jpg\" alt=\"\" class=\"wp-image-1052\" srcset=\"https:\/\/blogs.uni-siegen.de\/architekturlehre1zu1\/files\/2021\/04\/plan1-2-171x300.jpg 171w, https:\/\/blogs.uni-siegen.de\/architekturlehre1zu1\/files\/2021\/04\/plan1-2-584x1024.jpg 584w, https:\/\/blogs.uni-siegen.de\/architekturlehre1zu1\/files\/2021\/04\/plan1-2-768x1347.jpg 768w, https:\/\/blogs.uni-siegen.de\/architekturlehre1zu1\/files\/2021\/04\/plan1-2-876x1536.jpg 876w, https:\/\/blogs.uni-siegen.de\/architekturlehre1zu1\/files\/2021\/04\/plan1-2-1168x2048.jpg 1168w, https:\/\/blogs.uni-siegen.de\/architekturlehre1zu1\/files\/2021\/04\/plan1-2-1200x2105.jpg 1200w, https:\/\/blogs.uni-siegen.de\/architekturlehre1zu1\/files\/2021\/04\/plan1-2-scaled.jpg 1459w\" sizes=\"auto, (max-width: 171px) 100vw, 171px\" \/><\/a><\/figure>\n\n\n\n<figure class=\"wp-block-image size-medium\"><a href=\"https:\/\/blogs.uni-siegen.de\/architekturlehre1zu1\/files\/2021\/04\/Plan-2-scaled.jpg\"><img loading=\"lazy\" decoding=\"async\" width=\"208\" height=\"300\" data-id=\"1053\" src=\"https:\/\/blogs.uni-siegen.de\/architekturlehre1zu1\/files\/2021\/04\/Plan-2-208x300.jpg\" alt=\"\" class=\"wp-image-1053\" srcset=\"https:\/\/blogs.uni-siegen.de\/architekturlehre1zu1\/files\/2021\/04\/Plan-2-208x300.jpg 208w, https:\/\/blogs.uni-siegen.de\/architekturlehre1zu1\/files\/2021\/04\/Plan-2-712x1024.jpg 712w, https:\/\/blogs.uni-siegen.de\/architekturlehre1zu1\/files\/2021\/04\/Plan-2-768x1105.jpg 768w, https:\/\/blogs.uni-siegen.de\/architekturlehre1zu1\/files\/2021\/04\/Plan-2-1067x1536.jpg 1067w, https:\/\/blogs.uni-siegen.de\/architekturlehre1zu1\/files\/2021\/04\/Plan-2-1423x2048.jpg 1423w, https:\/\/blogs.uni-siegen.de\/architekturlehre1zu1\/files\/2021\/04\/Plan-2-1200x1727.jpg 1200w, https:\/\/blogs.uni-siegen.de\/architekturlehre1zu1\/files\/2021\/04\/Plan-2-1980x2849.jpg 1980w, https:\/\/blogs.uni-siegen.de\/architekturlehre1zu1\/files\/2021\/04\/Plan-2-scaled.jpg 1779w\" sizes=\"auto, (max-width: 208px) 100vw, 208px\" \/><\/a><\/figure>\n\n\n\n<figure class=\"wp-block-image size-medium\"><a href=\"https:\/\/blogs.uni-siegen.de\/architekturlehre1zu1\/files\/2021\/04\/plan3-1-scaled.jpg\"><img loading=\"lazy\" decoding=\"async\" width=\"116\" height=\"300\" data-id=\"1054\" src=\"https:\/\/blogs.uni-siegen.de\/architekturlehre1zu1\/files\/2021\/04\/plan3-1-116x300.jpg\" alt=\"\" class=\"wp-image-1054\" srcset=\"https:\/\/blogs.uni-siegen.de\/architekturlehre1zu1\/files\/2021\/04\/plan3-1-116x300.jpg 116w, https:\/\/blogs.uni-siegen.de\/architekturlehre1zu1\/files\/2021\/04\/plan3-1-396x1024.jpg 396w, https:\/\/blogs.uni-siegen.de\/architekturlehre1zu1\/files\/2021\/04\/plan3-1-768x1987.jpg 768w, https:\/\/blogs.uni-siegen.de\/architekturlehre1zu1\/files\/2021\/04\/plan3-1-594x1536.jpg 594w, https:\/\/blogs.uni-siegen.de\/architekturlehre1zu1\/files\/2021\/04\/plan3-1-792x2048.jpg 792w, https:\/\/blogs.uni-siegen.de\/architekturlehre1zu1\/files\/2021\/04\/plan3-1-1200x3104.jpg 1200w, https:\/\/blogs.uni-siegen.de\/architekturlehre1zu1\/files\/2021\/04\/plan3-1-1980x5122.jpg 1980w, https:\/\/blogs.uni-siegen.de\/architekturlehre1zu1\/files\/2021\/04\/plan3-1-scaled.jpg 990w\" sizes=\"auto, (max-width: 116px) 100vw, 116px\" \/><\/a><\/figure>\n<\/figure>\n\n\n\n<p>&nbsp;<\/p>\n\n\n\n<h6 class=\"wp-block-heading\">Lukas Richter<\/h6>\n\n\n\n<figure class=\"wp-block-gallery has-nested-images columns-default is-cropped wp-block-gallery-3 is-layout-flex wp-block-gallery-is-layout-flex\">\n<figure class=\"wp-block-image size-medium\"><a href=\"https:\/\/blogs.uni-siegen.de\/architekturlehre1zu1\/files\/2021\/04\/Plan1_BA_SoSe2018_Richter_1171851-scaled.jpg\"><img loading=\"lazy\" decoding=\"async\" width=\"218\" height=\"300\" data-id=\"1055\" src=\"https:\/\/blogs.uni-siegen.de\/architekturlehre1zu1\/files\/2021\/04\/Plan1_BA_SoSe2018_Richter_1171851-218x300.jpg\" alt=\"\" class=\"wp-image-1055\" srcset=\"https:\/\/blogs.uni-siegen.de\/architekturlehre1zu1\/files\/2021\/04\/Plan1_BA_SoSe2018_Richter_1171851-218x300.jpg 218w, https:\/\/blogs.uni-siegen.de\/architekturlehre1zu1\/files\/2021\/04\/Plan1_BA_SoSe2018_Richter_1171851-745x1024.jpg 745w, https:\/\/blogs.uni-siegen.de\/architekturlehre1zu1\/files\/2021\/04\/Plan1_BA_SoSe2018_Richter_1171851-768x1056.jpg 768w, https:\/\/blogs.uni-siegen.de\/architekturlehre1zu1\/files\/2021\/04\/Plan1_BA_SoSe2018_Richter_1171851-1117x1536.jpg 1117w, https:\/\/blogs.uni-siegen.de\/architekturlehre1zu1\/files\/2021\/04\/Plan1_BA_SoSe2018_Richter_1171851-1489x2048.jpg 1489w, https:\/\/blogs.uni-siegen.de\/architekturlehre1zu1\/files\/2021\/04\/Plan1_BA_SoSe2018_Richter_1171851-1200x1650.jpg 1200w, https:\/\/blogs.uni-siegen.de\/architekturlehre1zu1\/files\/2021\/04\/Plan1_BA_SoSe2018_Richter_1171851-scaled.jpg 1862w\" sizes=\"auto, (max-width: 218px) 100vw, 218px\" \/><\/a><\/figure>\n\n\n\n<figure class=\"wp-block-image size-medium\"><a href=\"https:\/\/blogs.uni-siegen.de\/architekturlehre1zu1\/files\/2021\/04\/Plan2_BA_SoSe2018_Richter_1171851.jpg\"><img loading=\"lazy\" decoding=\"async\" width=\"109\" height=\"300\" data-id=\"1056\" src=\"https:\/\/blogs.uni-siegen.de\/architekturlehre1zu1\/files\/2021\/04\/Plan2_BA_SoSe2018_Richter_1171851-109x300.jpg\" alt=\"\" class=\"wp-image-1056\" srcset=\"https:\/\/blogs.uni-siegen.de\/architekturlehre1zu1\/files\/2021\/04\/Plan2_BA_SoSe2018_Richter_1171851-109x300.jpg 109w, https:\/\/blogs.uni-siegen.de\/architekturlehre1zu1\/files\/2021\/04\/Plan2_BA_SoSe2018_Richter_1171851-372x1024.jpg 372w, https:\/\/blogs.uni-siegen.de\/architekturlehre1zu1\/files\/2021\/04\/Plan2_BA_SoSe2018_Richter_1171851-768x2112.jpg 768w, https:\/\/blogs.uni-siegen.de\/architekturlehre1zu1\/files\/2021\/04\/Plan2_BA_SoSe2018_Richter_1171851-559x1536.jpg 559w, https:\/\/blogs.uni-siegen.de\/architekturlehre1zu1\/files\/2021\/04\/Plan2_BA_SoSe2018_Richter_1171851-745x2048.jpg 745w, https:\/\/blogs.uni-siegen.de\/architekturlehre1zu1\/files\/2021\/04\/Plan2_BA_SoSe2018_Richter_1171851.jpg 907w\" sizes=\"auto, (max-width: 109px) 100vw, 109px\" \/><\/a><\/figure>\n<\/figure>\n\n\n\n<p>&nbsp;<\/p>\n\n\n\n<h6 class=\"wp-block-heading\">Mira Sophie Vitt<\/h6>\n\n\n\n<figure class=\"wp-block-gallery has-nested-images columns-default is-cropped wp-block-gallery-4 is-layout-flex wp-block-gallery-is-layout-flex\">\n<figure class=\"wp-block-image size-medium\"><a href=\"https:\/\/blogs.uni-siegen.de\/architekturlehre1zu1\/files\/2021\/04\/Piktogramme_Mira-Sophie-Vitt_1142495_SoSe2018.jpg\"><img loading=\"lazy\" decoding=\"async\" width=\"300\" height=\"300\" data-id=\"1057\" src=\"https:\/\/blogs.uni-siegen.de\/architekturlehre1zu1\/files\/2021\/04\/Piktogramme_Mira-Sophie-Vitt_1142495_SoSe2018-300x300.jpg\" alt=\"\" class=\"wp-image-1057\" srcset=\"https:\/\/blogs.uni-siegen.de\/architekturlehre1zu1\/files\/2021\/04\/Piktogramme_Mira-Sophie-Vitt_1142495_SoSe2018-300x300.jpg 300w, https:\/\/blogs.uni-siegen.de\/architekturlehre1zu1\/files\/2021\/04\/Piktogramme_Mira-Sophie-Vitt_1142495_SoSe2018-1024x1024.jpg 1024w, https:\/\/blogs.uni-siegen.de\/architekturlehre1zu1\/files\/2021\/04\/Piktogramme_Mira-Sophie-Vitt_1142495_SoSe2018-150x150.jpg 150w, https:\/\/blogs.uni-siegen.de\/architekturlehre1zu1\/files\/2021\/04\/Piktogramme_Mira-Sophie-Vitt_1142495_SoSe2018-768x768.jpg 768w, https:\/\/blogs.uni-siegen.de\/architekturlehre1zu1\/files\/2021\/04\/Piktogramme_Mira-Sophie-Vitt_1142495_SoSe2018-1536x1536.jpg 1536w, https:\/\/blogs.uni-siegen.de\/architekturlehre1zu1\/files\/2021\/04\/Piktogramme_Mira-Sophie-Vitt_1142495_SoSe2018-2048x2048.jpg 2048w, https:\/\/blogs.uni-siegen.de\/architekturlehre1zu1\/files\/2021\/04\/Piktogramme_Mira-Sophie-Vitt_1142495_SoSe2018-1200x1200.jpg 1200w, https:\/\/blogs.uni-siegen.de\/architekturlehre1zu1\/files\/2021\/04\/Piktogramme_Mira-Sophie-Vitt_1142495_SoSe2018-1980x1980.jpg 1980w\" sizes=\"auto, (max-width: 300px) 100vw, 300px\" \/><\/a><\/figure>\n\n\n\n<figure class=\"wp-block-image size-medium\"><a href=\"https:\/\/blogs.uni-siegen.de\/architekturlehre1zu1\/files\/2021\/04\/Perspektive_Mira-Sophie-Vitt_1142495_SoSe2018-Kopie.jpg\"><img loading=\"lazy\" decoding=\"async\" width=\"300\" height=\"300\" data-id=\"1058\" src=\"https:\/\/blogs.uni-siegen.de\/architekturlehre1zu1\/files\/2021\/04\/Perspektive_Mira-Sophie-Vitt_1142495_SoSe2018-Kopie-300x300.jpg\" alt=\"\" class=\"wp-image-1058\" srcset=\"https:\/\/blogs.uni-siegen.de\/architekturlehre1zu1\/files\/2021\/04\/Perspektive_Mira-Sophie-Vitt_1142495_SoSe2018-Kopie-300x300.jpg 300w, https:\/\/blogs.uni-siegen.de\/architekturlehre1zu1\/files\/2021\/04\/Perspektive_Mira-Sophie-Vitt_1142495_SoSe2018-Kopie-1024x1024.jpg 1024w, https:\/\/blogs.uni-siegen.de\/architekturlehre1zu1\/files\/2021\/04\/Perspektive_Mira-Sophie-Vitt_1142495_SoSe2018-Kopie-150x150.jpg 150w, https:\/\/blogs.uni-siegen.de\/architekturlehre1zu1\/files\/2021\/04\/Perspektive_Mira-Sophie-Vitt_1142495_SoSe2018-Kopie-768x768.jpg 768w, https:\/\/blogs.uni-siegen.de\/architekturlehre1zu1\/files\/2021\/04\/Perspektive_Mira-Sophie-Vitt_1142495_SoSe2018-Kopie-1536x1536.jpg 1536w, https:\/\/blogs.uni-siegen.de\/architekturlehre1zu1\/files\/2021\/04\/Perspektive_Mira-Sophie-Vitt_1142495_SoSe2018-Kopie-2048x2048.jpg 2048w, https:\/\/blogs.uni-siegen.de\/architekturlehre1zu1\/files\/2021\/04\/Perspektive_Mira-Sophie-Vitt_1142495_SoSe2018-Kopie-1200x1200.jpg 1200w, https:\/\/blogs.uni-siegen.de\/architekturlehre1zu1\/files\/2021\/04\/Perspektive_Mira-Sophie-Vitt_1142495_SoSe2018-Kopie-1980x1980.jpg 1980w\" sizes=\"auto, (max-width: 300px) 100vw, 300px\" \/><\/a><\/figure>\n\n\n\n<figure class=\"wp-block-image size-medium\"><a href=\"https:\/\/blogs.uni-siegen.de\/architekturlehre1zu1\/files\/2021\/04\/image-1.png\"><img loading=\"lazy\" decoding=\"async\" width=\"300\" height=\"300\" data-id=\"1062\" src=\"https:\/\/blogs.uni-siegen.de\/architekturlehre1zu1\/files\/2021\/04\/image-1-300x300.png\" alt=\"\" class=\"wp-image-1062\" srcset=\"https:\/\/blogs.uni-siegen.de\/architekturlehre1zu1\/files\/2021\/04\/image-1-300x300.png 300w, https:\/\/blogs.uni-siegen.de\/architekturlehre1zu1\/files\/2021\/04\/image-1.png 1024w, https:\/\/blogs.uni-siegen.de\/architekturlehre1zu1\/files\/2021\/04\/image-1-150x150.png 150w, https:\/\/blogs.uni-siegen.de\/architekturlehre1zu1\/files\/2021\/04\/image-1-768x768.png 768w\" sizes=\"auto, (max-width: 300px) 100vw, 300px\" \/><\/a><\/figure>\n\n\n\n<figure class=\"wp-block-image size-medium\"><a href=\"https:\/\/blogs.uni-siegen.de\/architekturlehre1zu1\/files\/2021\/04\/Lageplan_Mira-Sophie-Vitt_1142495_SoSe2018.jpg\"><img loading=\"lazy\" decoding=\"async\" width=\"300\" height=\"300\" data-id=\"1059\" src=\"https:\/\/blogs.uni-siegen.de\/architekturlehre1zu1\/files\/2021\/04\/Lageplan_Mira-Sophie-Vitt_1142495_SoSe2018-300x300.jpg\" alt=\"\" class=\"wp-image-1059\" srcset=\"https:\/\/blogs.uni-siegen.de\/architekturlehre1zu1\/files\/2021\/04\/Lageplan_Mira-Sophie-Vitt_1142495_SoSe2018-300x300.jpg 300w, https:\/\/blogs.uni-siegen.de\/architekturlehre1zu1\/files\/2021\/04\/Lageplan_Mira-Sophie-Vitt_1142495_SoSe2018-1024x1024.jpg 1024w, https:\/\/blogs.uni-siegen.de\/architekturlehre1zu1\/files\/2021\/04\/Lageplan_Mira-Sophie-Vitt_1142495_SoSe2018-150x150.jpg 150w, https:\/\/blogs.uni-siegen.de\/architekturlehre1zu1\/files\/2021\/04\/Lageplan_Mira-Sophie-Vitt_1142495_SoSe2018-768x768.jpg 768w, https:\/\/blogs.uni-siegen.de\/architekturlehre1zu1\/files\/2021\/04\/Lageplan_Mira-Sophie-Vitt_1142495_SoSe2018-1536x1536.jpg 1536w, https:\/\/blogs.uni-siegen.de\/architekturlehre1zu1\/files\/2021\/04\/Lageplan_Mira-Sophie-Vitt_1142495_SoSe2018-2048x2048.jpg 2048w, https:\/\/blogs.uni-siegen.de\/architekturlehre1zu1\/files\/2021\/04\/Lageplan_Mira-Sophie-Vitt_1142495_SoSe2018-1200x1200.jpg 1200w, https:\/\/blogs.uni-siegen.de\/architekturlehre1zu1\/files\/2021\/04\/Lageplan_Mira-Sophie-Vitt_1142495_SoSe2018-1980x1980.jpg 1980w\" sizes=\"auto, (max-width: 300px) 100vw, 300px\" \/><\/a><\/figure>\n\n\n\n<figure class=\"wp-block-image size-medium\"><a href=\"https:\/\/blogs.uni-siegen.de\/architekturlehre1zu1\/files\/2021\/04\/Grundrisse_Mira-Sophie-Vitt_1142495_SoSe2018.jpg\"><img loading=\"lazy\" decoding=\"async\" width=\"300\" height=\"300\" data-id=\"1063\" src=\"https:\/\/blogs.uni-siegen.de\/architekturlehre1zu1\/files\/2021\/04\/Grundrisse_Mira-Sophie-Vitt_1142495_SoSe2018-300x300.jpg\" alt=\"\" class=\"wp-image-1063\" srcset=\"https:\/\/blogs.uni-siegen.de\/architekturlehre1zu1\/files\/2021\/04\/Grundrisse_Mira-Sophie-Vitt_1142495_SoSe2018-300x300.jpg 300w, https:\/\/blogs.uni-siegen.de\/architekturlehre1zu1\/files\/2021\/04\/Grundrisse_Mira-Sophie-Vitt_1142495_SoSe2018-1024x1024.jpg 1024w, https:\/\/blogs.uni-siegen.de\/architekturlehre1zu1\/files\/2021\/04\/Grundrisse_Mira-Sophie-Vitt_1142495_SoSe2018-150x150.jpg 150w, https:\/\/blogs.uni-siegen.de\/architekturlehre1zu1\/files\/2021\/04\/Grundrisse_Mira-Sophie-Vitt_1142495_SoSe2018-768x768.jpg 768w, https:\/\/blogs.uni-siegen.de\/architekturlehre1zu1\/files\/2021\/04\/Grundrisse_Mira-Sophie-Vitt_1142495_SoSe2018-1536x1536.jpg 1536w, https:\/\/blogs.uni-siegen.de\/architekturlehre1zu1\/files\/2021\/04\/Grundrisse_Mira-Sophie-Vitt_1142495_SoSe2018-2048x2048.jpg 2048w, https:\/\/blogs.uni-siegen.de\/architekturlehre1zu1\/files\/2021\/04\/Grundrisse_Mira-Sophie-Vitt_1142495_SoSe2018-1200x1200.jpg 1200w, https:\/\/blogs.uni-siegen.de\/architekturlehre1zu1\/files\/2021\/04\/Grundrisse_Mira-Sophie-Vitt_1142495_SoSe2018-1980x1980.jpg 1980w\" sizes=\"auto, (max-width: 300px) 100vw, 300px\" \/><\/a><\/figure>\n\n\n\n<figure class=\"wp-block-image size-medium\"><a href=\"https:\/\/blogs.uni-siegen.de\/architekturlehre1zu1\/files\/2021\/04\/Schnitte_Mira-Sophie-Vitt_1142495_SoSe2018.jpg\"><img loading=\"lazy\" decoding=\"async\" width=\"300\" height=\"300\" data-id=\"1064\" src=\"https:\/\/blogs.uni-siegen.de\/architekturlehre1zu1\/files\/2021\/04\/Schnitte_Mira-Sophie-Vitt_1142495_SoSe2018-300x300.jpg\" alt=\"\" class=\"wp-image-1064\" srcset=\"https:\/\/blogs.uni-siegen.de\/architekturlehre1zu1\/files\/2021\/04\/Schnitte_Mira-Sophie-Vitt_1142495_SoSe2018-300x300.jpg 300w, https:\/\/blogs.uni-siegen.de\/architekturlehre1zu1\/files\/2021\/04\/Schnitte_Mira-Sophie-Vitt_1142495_SoSe2018-1024x1024.jpg 1024w, https:\/\/blogs.uni-siegen.de\/architekturlehre1zu1\/files\/2021\/04\/Schnitte_Mira-Sophie-Vitt_1142495_SoSe2018-150x150.jpg 150w, https:\/\/blogs.uni-siegen.de\/architekturlehre1zu1\/files\/2021\/04\/Schnitte_Mira-Sophie-Vitt_1142495_SoSe2018-768x768.jpg 768w, https:\/\/blogs.uni-siegen.de\/architekturlehre1zu1\/files\/2021\/04\/Schnitte_Mira-Sophie-Vitt_1142495_SoSe2018-1536x1536.jpg 1536w, https:\/\/blogs.uni-siegen.de\/architekturlehre1zu1\/files\/2021\/04\/Schnitte_Mira-Sophie-Vitt_1142495_SoSe2018-2048x2048.jpg 2048w, https:\/\/blogs.uni-siegen.de\/architekturlehre1zu1\/files\/2021\/04\/Schnitte_Mira-Sophie-Vitt_1142495_SoSe2018-1200x1200.jpg 1200w, https:\/\/blogs.uni-siegen.de\/architekturlehre1zu1\/files\/2021\/04\/Schnitte_Mira-Sophie-Vitt_1142495_SoSe2018-1980x1980.jpg 1980w\" sizes=\"auto, (max-width: 300px) 100vw, 300px\" \/><\/a><\/figure>\n<\/figure>\n\n\n\n<p>&nbsp;<\/p>\n\n\n\n<h6 class=\"wp-block-heading\">Nicola St\u00e4hler<\/h6>\n\n\n\n<figure class=\"wp-block-gallery has-nested-images columns-default is-cropped wp-block-gallery-5 is-layout-flex wp-block-gallery-is-layout-flex\">\n<figure class=\"wp-block-image size-medium\"><a href=\"https:\/\/blogs.uni-siegen.de\/architekturlehre1zu1\/files\/2021\/04\/Plan_1Visu-FrontTextLageplan-scaled.jpg\"><img loading=\"lazy\" decoding=\"async\" width=\"153\" height=\"300\" data-id=\"1072\" src=\"https:\/\/blogs.uni-siegen.de\/architekturlehre1zu1\/files\/2021\/04\/Plan_1Visu-FrontTextLageplan-153x300.jpg\" alt=\"\" class=\"wp-image-1072\" srcset=\"https:\/\/blogs.uni-siegen.de\/architekturlehre1zu1\/files\/2021\/04\/Plan_1Visu-FrontTextLageplan-153x300.jpg 153w, https:\/\/blogs.uni-siegen.de\/architekturlehre1zu1\/files\/2021\/04\/Plan_1Visu-FrontTextLageplan-521x1024.jpg 521w, https:\/\/blogs.uni-siegen.de\/architekturlehre1zu1\/files\/2021\/04\/Plan_1Visu-FrontTextLageplan-768x1511.jpg 768w, https:\/\/blogs.uni-siegen.de\/architekturlehre1zu1\/files\/2021\/04\/Plan_1Visu-FrontTextLageplan-781x1536.jpg 781w, https:\/\/blogs.uni-siegen.de\/architekturlehre1zu1\/files\/2021\/04\/Plan_1Visu-FrontTextLageplan-1041x2048.jpg 1041w, https:\/\/blogs.uni-siegen.de\/architekturlehre1zu1\/files\/2021\/04\/Plan_1Visu-FrontTextLageplan-1200x2360.jpg 1200w, https:\/\/blogs.uni-siegen.de\/architekturlehre1zu1\/files\/2021\/04\/Plan_1Visu-FrontTextLageplan-scaled.jpg 1302w\" sizes=\"auto, (max-width: 153px) 100vw, 153px\" \/><\/a><\/figure>\n\n\n\n<figure class=\"wp-block-image size-medium\"><a href=\"https:\/\/blogs.uni-siegen.de\/architekturlehre1zu1\/files\/2021\/04\/Plan_2Visu-TreppeGrundrisse-scaled.jpg\"><img loading=\"lazy\" decoding=\"async\" width=\"153\" height=\"300\" data-id=\"1073\" src=\"https:\/\/blogs.uni-siegen.de\/architekturlehre1zu1\/files\/2021\/04\/Plan_2Visu-TreppeGrundrisse-153x300.jpg\" alt=\"\" class=\"wp-image-1073\" srcset=\"https:\/\/blogs.uni-siegen.de\/architekturlehre1zu1\/files\/2021\/04\/Plan_2Visu-TreppeGrundrisse-153x300.jpg 153w, https:\/\/blogs.uni-siegen.de\/architekturlehre1zu1\/files\/2021\/04\/Plan_2Visu-TreppeGrundrisse-521x1024.jpg 521w, https:\/\/blogs.uni-siegen.de\/architekturlehre1zu1\/files\/2021\/04\/Plan_2Visu-TreppeGrundrisse-768x1510.jpg 768w, https:\/\/blogs.uni-siegen.de\/architekturlehre1zu1\/files\/2021\/04\/Plan_2Visu-TreppeGrundrisse-781x1536.jpg 781w, https:\/\/blogs.uni-siegen.de\/architekturlehre1zu1\/files\/2021\/04\/Plan_2Visu-TreppeGrundrisse-1041x2048.jpg 1041w, https:\/\/blogs.uni-siegen.de\/architekturlehre1zu1\/files\/2021\/04\/Plan_2Visu-TreppeGrundrisse-1200x2360.jpg 1200w, https:\/\/blogs.uni-siegen.de\/architekturlehre1zu1\/files\/2021\/04\/Plan_2Visu-TreppeGrundrisse-1980x3894.jpg 1980w, https:\/\/blogs.uni-siegen.de\/architekturlehre1zu1\/files\/2021\/04\/Plan_2Visu-TreppeGrundrisse-scaled.jpg 1302w\" sizes=\"auto, (max-width: 153px) 100vw, 153px\" \/><\/a><\/figure>\n\n\n\n<figure class=\"wp-block-image size-medium\"><a href=\"https:\/\/blogs.uni-siegen.de\/architekturlehre1zu1\/files\/2021\/04\/Plan_3Visu-SchlafsaalSchnitteAnsichtenVisu-Wellerbruecke-scaled.jpg\"><img loading=\"lazy\" decoding=\"async\" width=\"153\" height=\"300\" data-id=\"1075\" src=\"https:\/\/blogs.uni-siegen.de\/architekturlehre1zu1\/files\/2021\/04\/Plan_3Visu-SchlafsaalSchnitteAnsichtenVisu-Wellerbruecke-153x300.jpg\" alt=\"\" class=\"wp-image-1075\" srcset=\"https:\/\/blogs.uni-siegen.de\/architekturlehre1zu1\/files\/2021\/04\/Plan_3Visu-SchlafsaalSchnitteAnsichtenVisu-Wellerbruecke-153x300.jpg 153w, https:\/\/blogs.uni-siegen.de\/architekturlehre1zu1\/files\/2021\/04\/Plan_3Visu-SchlafsaalSchnitteAnsichtenVisu-Wellerbruecke-521x1024.jpg 521w, https:\/\/blogs.uni-siegen.de\/architekturlehre1zu1\/files\/2021\/04\/Plan_3Visu-SchlafsaalSchnitteAnsichtenVisu-Wellerbruecke-768x1510.jpg 768w, https:\/\/blogs.uni-siegen.de\/architekturlehre1zu1\/files\/2021\/04\/Plan_3Visu-SchlafsaalSchnitteAnsichtenVisu-Wellerbruecke-781x1536.jpg 781w, https:\/\/blogs.uni-siegen.de\/architekturlehre1zu1\/files\/2021\/04\/Plan_3Visu-SchlafsaalSchnitteAnsichtenVisu-Wellerbruecke-1041x2048.jpg 1041w, https:\/\/blogs.uni-siegen.de\/architekturlehre1zu1\/files\/2021\/04\/Plan_3Visu-SchlafsaalSchnitteAnsichtenVisu-Wellerbruecke-1200x2360.jpg 1200w, https:\/\/blogs.uni-siegen.de\/architekturlehre1zu1\/files\/2021\/04\/Plan_3Visu-SchlafsaalSchnitteAnsichtenVisu-Wellerbruecke-1980x3894.jpg 1980w, https:\/\/blogs.uni-siegen.de\/architekturlehre1zu1\/files\/2021\/04\/Plan_3Visu-SchlafsaalSchnitteAnsichtenVisu-Wellerbruecke-scaled.jpg 1302w\" sizes=\"auto, (max-width: 153px) 100vw, 153px\" \/><\/a><\/figure>\n<\/figure>\n","protected":false},"excerpt":{"rendered":"<p>SCHNEE VON GESTERN &#8211; oder ein Kajakzentrum f\u00fcr das \u00d6tztal Der Wintersport alleine besitzt nicht mehr gen\u00fcgend&nbsp;Zugkraft, um auf Dauer die Wirtschaft der Region Oetz zu stabilisieren. Also will man sich nach&nbsp;anderen M\u00f6glichkeiten umsehen, wie mit der atemberaubenden Landschaft eine neue touristische und&nbsp;nachhaltige Attraktion geschaffen werden kann. Schon seit vielen Jahren schw\u00e4rmen Kajakfahrer aus der&nbsp;ganzen [&hellip;]<\/p>\n","protected":false},"author":474,"featured_media":1070,"comment_status":"closed","ping_status":"closed","sticky":false,"template":"","format":"standard","meta":{"footnotes":""},"categories":[57],"tags":[],"class_list":["post-445","post","type-post","status-publish","format-standard","has-post-thumbnail","hentry","category-allgemein"],"yoast_head":"<!-- This site is optimized with the Yoast SEO plugin v27.5 - https:\/\/yoast.com\/product\/yoast-seo-wordpress\/ -->\n<title>Bachelor Entwurf - Architekturlehre 1zu1<\/title>\n<meta name=\"robots\" content=\"index, follow, max-snippet:-1, max-image-preview:large, max-video-preview:-1\" \/>\n<link rel=\"canonical\" href=\"https:\/\/blogs.uni-siegen.de\/architekturlehre1zu1\/2018\/07\/12\/ein-haus-fuer-alle-faelle-2\/\" \/>\n<meta property=\"og:locale\" content=\"de_DE\" \/>\n<meta property=\"og:type\" content=\"article\" \/>\n<meta property=\"og:title\" content=\"Bachelor Entwurf - Architekturlehre 1zu1\" \/>\n<meta property=\"og:description\" content=\"SCHNEE VON GESTERN &#8211; oder ein Kajakzentrum f\u00fcr das \u00d6tztal Der Wintersport alleine besitzt nicht mehr gen\u00fcgend&nbsp;Zugkraft, um auf Dauer die Wirtschaft der Region Oetz zu stabilisieren. Also will man sich nach&nbsp;anderen M\u00f6glichkeiten umsehen, wie mit der atemberaubenden Landschaft eine neue touristische und&nbsp;nachhaltige Attraktion geschaffen werden kann. Schon seit vielen Jahren schw\u00e4rmen Kajakfahrer aus der&nbsp;ganzen [&hellip;]\" \/>\n<meta property=\"og:url\" content=\"https:\/\/blogs.uni-siegen.de\/architekturlehre1zu1\/2018\/07\/12\/ein-haus-fuer-alle-faelle-2\/\" \/>\n<meta property=\"og:site_name\" content=\"Architekturlehre 1zu1\" \/>\n<meta property=\"article:published_time\" content=\"2018-07-11T22:00:00+00:00\" \/>\n<meta property=\"article:modified_time\" content=\"2024-02-04T21:10:31+00:00\" \/>\n<meta property=\"og:image\" content=\"http:\/\/blogs.uni-siegen.de\/architekturlehre1zu1\/files\/2021\/03\/Perspektive_Mira-Sophie-Vitt_1142495_SoSe2018-Kopie-e1619545183712.jpg\" \/>\n\t<meta property=\"og:image:width\" content=\"846\" \/>\n\t<meta property=\"og:image:height\" content=\"834\" \/>\n\t<meta property=\"og:image:type\" content=\"image\/jpeg\" \/>\n<meta name=\"author\" content=\"Alexandra Glaesner\" \/>\n<meta name=\"twitter:card\" content=\"summary_large_image\" \/>\n<meta name=\"twitter:label1\" content=\"Verfasst von\" \/>\n\t<meta name=\"twitter:data1\" content=\"Alexandra Glaesner\" \/>\n\t<meta name=\"twitter:label2\" content=\"Gesch\u00e4tzte Lesezeit\" \/>\n\t<meta name=\"twitter:data2\" content=\"5\u00a0Minuten\" \/>\n<script type=\"application\/ld+json\" class=\"yoast-schema-graph\">{\"@context\":\"https:\\\/\\\/schema.org\",\"@graph\":[{\"@type\":\"Article\",\"@id\":\"https:\\\/\\\/blogs.uni-siegen.de\\\/architekturlehre1zu1\\\/2018\\\/07\\\/12\\\/ein-haus-fuer-alle-faelle-2\\\/#article\",\"isPartOf\":{\"@id\":\"https:\\\/\\\/blogs.uni-siegen.de\\\/architekturlehre1zu1\\\/2018\\\/07\\\/12\\\/ein-haus-fuer-alle-faelle-2\\\/\"},\"author\":{\"name\":\"Alexandra Glaesner\",\"@id\":\"https:\\\/\\\/blogs.uni-siegen.de\\\/architekturlehre1zu1\\\/#\\\/schema\\\/person\\\/055671063a13f46272e7ac2f48eb5196\"},\"headline\":\"Bachelor Entwurf\",\"datePublished\":\"2018-07-11T22:00:00+00:00\",\"dateModified\":\"2024-02-04T21:10:31+00:00\",\"mainEntityOfPage\":{\"@id\":\"https:\\\/\\\/blogs.uni-siegen.de\\\/architekturlehre1zu1\\\/2018\\\/07\\\/12\\\/ein-haus-fuer-alle-faelle-2\\\/\"},\"wordCount\":321,\"publisher\":{\"@id\":\"https:\\\/\\\/blogs.uni-siegen.de\\\/architekturlehre1zu1\\\/#organization\"},\"image\":{\"@id\":\"https:\\\/\\\/blogs.uni-siegen.de\\\/architekturlehre1zu1\\\/2018\\\/07\\\/12\\\/ein-haus-fuer-alle-faelle-2\\\/#primaryimage\"},\"thumbnailUrl\":\"https:\\\/\\\/blogs.uni-siegen.de\\\/architekturlehre1zu1\\\/files\\\/2021\\\/03\\\/Perspektive_Mira-Sophie-Vitt_1142495_SoSe2018-Kopie-e1619545183712.jpg\",\"articleSection\":[\"Baukonstruktion\"],\"inLanguage\":\"de\"},{\"@type\":\"WebPage\",\"@id\":\"https:\\\/\\\/blogs.uni-siegen.de\\\/architekturlehre1zu1\\\/2018\\\/07\\\/12\\\/ein-haus-fuer-alle-faelle-2\\\/\",\"url\":\"https:\\\/\\\/blogs.uni-siegen.de\\\/architekturlehre1zu1\\\/2018\\\/07\\\/12\\\/ein-haus-fuer-alle-faelle-2\\\/\",\"name\":\"Bachelor Entwurf - Architekturlehre 1zu1\",\"isPartOf\":{\"@id\":\"https:\\\/\\\/blogs.uni-siegen.de\\\/architekturlehre1zu1\\\/#website\"},\"primaryImageOfPage\":{\"@id\":\"https:\\\/\\\/blogs.uni-siegen.de\\\/architekturlehre1zu1\\\/2018\\\/07\\\/12\\\/ein-haus-fuer-alle-faelle-2\\\/#primaryimage\"},\"image\":{\"@id\":\"https:\\\/\\\/blogs.uni-siegen.de\\\/architekturlehre1zu1\\\/2018\\\/07\\\/12\\\/ein-haus-fuer-alle-faelle-2\\\/#primaryimage\"},\"thumbnailUrl\":\"https:\\\/\\\/blogs.uni-siegen.de\\\/architekturlehre1zu1\\\/files\\\/2021\\\/03\\\/Perspektive_Mira-Sophie-Vitt_1142495_SoSe2018-Kopie-e1619545183712.jpg\",\"datePublished\":\"2018-07-11T22:00:00+00:00\",\"dateModified\":\"2024-02-04T21:10:31+00:00\",\"breadcrumb\":{\"@id\":\"https:\\\/\\\/blogs.uni-siegen.de\\\/architekturlehre1zu1\\\/2018\\\/07\\\/12\\\/ein-haus-fuer-alle-faelle-2\\\/#breadcrumb\"},\"inLanguage\":\"de\",\"potentialAction\":[{\"@type\":\"ReadAction\",\"target\":[\"https:\\\/\\\/blogs.uni-siegen.de\\\/architekturlehre1zu1\\\/2018\\\/07\\\/12\\\/ein-haus-fuer-alle-faelle-2\\\/\"]}]},{\"@type\":\"ImageObject\",\"inLanguage\":\"de\",\"@id\":\"https:\\\/\\\/blogs.uni-siegen.de\\\/architekturlehre1zu1\\\/2018\\\/07\\\/12\\\/ein-haus-fuer-alle-faelle-2\\\/#primaryimage\",\"url\":\"https:\\\/\\\/blogs.uni-siegen.de\\\/architekturlehre1zu1\\\/files\\\/2021\\\/03\\\/Perspektive_Mira-Sophie-Vitt_1142495_SoSe2018-Kopie-e1619545183712.jpg\",\"contentUrl\":\"https:\\\/\\\/blogs.uni-siegen.de\\\/architekturlehre1zu1\\\/files\\\/2021\\\/03\\\/Perspektive_Mira-Sophie-Vitt_1142495_SoSe2018-Kopie-e1619545183712.jpg\",\"width\":846,\"height\":834},{\"@type\":\"BreadcrumbList\",\"@id\":\"https:\\\/\\\/blogs.uni-siegen.de\\\/architekturlehre1zu1\\\/2018\\\/07\\\/12\\\/ein-haus-fuer-alle-faelle-2\\\/#breadcrumb\",\"itemListElement\":[{\"@type\":\"ListItem\",\"position\":1,\"name\":\"Startseite\",\"item\":\"https:\\\/\\\/blogs.uni-siegen.de\\\/architekturlehre1zu1\\\/\"},{\"@type\":\"ListItem\",\"position\":2,\"name\":\"Bachelor Entwurf\"}]},{\"@type\":\"WebSite\",\"@id\":\"https:\\\/\\\/blogs.uni-siegen.de\\\/architekturlehre1zu1\\\/#website\",\"url\":\"https:\\\/\\\/blogs.uni-siegen.de\\\/architekturlehre1zu1\\\/\",\"name\":\"Architekturlehre 1zu1\",\"description\":\"\",\"publisher\":{\"@id\":\"https:\\\/\\\/blogs.uni-siegen.de\\\/architekturlehre1zu1\\\/#organization\"},\"potentialAction\":[{\"@type\":\"SearchAction\",\"target\":{\"@type\":\"EntryPoint\",\"urlTemplate\":\"https:\\\/\\\/blogs.uni-siegen.de\\\/architekturlehre1zu1\\\/?s={search_term_string}\"},\"query-input\":{\"@type\":\"PropertyValueSpecification\",\"valueRequired\":true,\"valueName\":\"search_term_string\"}}],\"inLanguage\":\"de\"},{\"@type\":\"Organization\",\"@id\":\"https:\\\/\\\/blogs.uni-siegen.de\\\/architekturlehre1zu1\\\/#organization\",\"name\":\"Architekturlehre 1zu1\",\"url\":\"https:\\\/\\\/blogs.uni-siegen.de\\\/architekturlehre1zu1\\\/\",\"logo\":{\"@type\":\"ImageObject\",\"inLanguage\":\"de\",\"@id\":\"https:\\\/\\\/blogs.uni-siegen.de\\\/architekturlehre1zu1\\\/#\\\/schema\\\/logo\\\/image\\\/\",\"url\":\"https:\\\/\\\/blogs.uni-siegen.de\\\/architekturlehre1zu1\\\/files\\\/2021\\\/03\\\/cropped-Logo_\u00dcberarbeitet-3.png\",\"contentUrl\":\"https:\\\/\\\/blogs.uni-siegen.de\\\/architekturlehre1zu1\\\/files\\\/2021\\\/03\\\/cropped-Logo_\u00dcberarbeitet-3.png\",\"width\":3475,\"height\":1232,\"caption\":\"Architekturlehre 1zu1\"},\"image\":{\"@id\":\"https:\\\/\\\/blogs.uni-siegen.de\\\/architekturlehre1zu1\\\/#\\\/schema\\\/logo\\\/image\\\/\"}},{\"@type\":\"Person\",\"@id\":\"https:\\\/\\\/blogs.uni-siegen.de\\\/architekturlehre1zu1\\\/#\\\/schema\\\/person\\\/055671063a13f46272e7ac2f48eb5196\",\"name\":\"Alexandra Glaesner\",\"image\":{\"@type\":\"ImageObject\",\"inLanguage\":\"de\",\"@id\":\"https:\\\/\\\/secure.gravatar.com\\\/avatar\\\/7ba4473dddffa85deccd5f21f66e21ec6e2b5238075ed6efb4dfb2cb4984178c?s=96&d=mm&r=g\",\"url\":\"https:\\\/\\\/secure.gravatar.com\\\/avatar\\\/7ba4473dddffa85deccd5f21f66e21ec6e2b5238075ed6efb4dfb2cb4984178c?s=96&d=mm&r=g\",\"contentUrl\":\"https:\\\/\\\/secure.gravatar.com\\\/avatar\\\/7ba4473dddffa85deccd5f21f66e21ec6e2b5238075ed6efb4dfb2cb4984178c?s=96&d=mm&r=g\",\"caption\":\"Alexandra Glaesner\"},\"url\":\"https:\\\/\\\/blogs.uni-siegen.de\\\/architekturlehre1zu1\\\/author\\\/g022853\\\/\"}]}<\/script>\n<!-- \/ Yoast SEO plugin. -->","yoast_head_json":{"title":"Bachelor Entwurf - Architekturlehre 1zu1","robots":{"index":"index","follow":"follow","max-snippet":"max-snippet:-1","max-image-preview":"max-image-preview:large","max-video-preview":"max-video-preview:-1"},"canonical":"https:\/\/blogs.uni-siegen.de\/architekturlehre1zu1\/2018\/07\/12\/ein-haus-fuer-alle-faelle-2\/","og_locale":"de_DE","og_type":"article","og_title":"Bachelor Entwurf - Architekturlehre 1zu1","og_description":"SCHNEE VON GESTERN &#8211; oder ein Kajakzentrum f\u00fcr das \u00d6tztal Der Wintersport alleine besitzt nicht mehr gen\u00fcgend&nbsp;Zugkraft, um auf Dauer die Wirtschaft der Region Oetz zu stabilisieren. Also will man sich nach&nbsp;anderen M\u00f6glichkeiten umsehen, wie mit der atemberaubenden Landschaft eine neue touristische und&nbsp;nachhaltige Attraktion geschaffen werden kann. Schon seit vielen Jahren schw\u00e4rmen Kajakfahrer aus der&nbsp;ganzen [&hellip;]","og_url":"https:\/\/blogs.uni-siegen.de\/architekturlehre1zu1\/2018\/07\/12\/ein-haus-fuer-alle-faelle-2\/","og_site_name":"Architekturlehre 1zu1","article_published_time":"2018-07-11T22:00:00+00:00","article_modified_time":"2024-02-04T21:10:31+00:00","og_image":[{"width":846,"height":834,"url":"http:\/\/blogs.uni-siegen.de\/architekturlehre1zu1\/files\/2021\/03\/Perspektive_Mira-Sophie-Vitt_1142495_SoSe2018-Kopie-e1619545183712.jpg","type":"image\/jpeg"}],"author":"Alexandra Glaesner","twitter_card":"summary_large_image","twitter_misc":{"Verfasst von":"Alexandra Glaesner","Gesch\u00e4tzte Lesezeit":"5\u00a0Minuten"},"schema":{"@context":"https:\/\/schema.org","@graph":[{"@type":"Article","@id":"https:\/\/blogs.uni-siegen.de\/architekturlehre1zu1\/2018\/07\/12\/ein-haus-fuer-alle-faelle-2\/#article","isPartOf":{"@id":"https:\/\/blogs.uni-siegen.de\/architekturlehre1zu1\/2018\/07\/12\/ein-haus-fuer-alle-faelle-2\/"},"author":{"name":"Alexandra Glaesner","@id":"https:\/\/blogs.uni-siegen.de\/architekturlehre1zu1\/#\/schema\/person\/055671063a13f46272e7ac2f48eb5196"},"headline":"Bachelor Entwurf","datePublished":"2018-07-11T22:00:00+00:00","dateModified":"2024-02-04T21:10:31+00:00","mainEntityOfPage":{"@id":"https:\/\/blogs.uni-siegen.de\/architekturlehre1zu1\/2018\/07\/12\/ein-haus-fuer-alle-faelle-2\/"},"wordCount":321,"publisher":{"@id":"https:\/\/blogs.uni-siegen.de\/architekturlehre1zu1\/#organization"},"image":{"@id":"https:\/\/blogs.uni-siegen.de\/architekturlehre1zu1\/2018\/07\/12\/ein-haus-fuer-alle-faelle-2\/#primaryimage"},"thumbnailUrl":"https:\/\/blogs.uni-siegen.de\/architekturlehre1zu1\/files\/2021\/03\/Perspektive_Mira-Sophie-Vitt_1142495_SoSe2018-Kopie-e1619545183712.jpg","articleSection":["Baukonstruktion"],"inLanguage":"de"},{"@type":"WebPage","@id":"https:\/\/blogs.uni-siegen.de\/architekturlehre1zu1\/2018\/07\/12\/ein-haus-fuer-alle-faelle-2\/","url":"https:\/\/blogs.uni-siegen.de\/architekturlehre1zu1\/2018\/07\/12\/ein-haus-fuer-alle-faelle-2\/","name":"Bachelor Entwurf - Architekturlehre 1zu1","isPartOf":{"@id":"https:\/\/blogs.uni-siegen.de\/architekturlehre1zu1\/#website"},"primaryImageOfPage":{"@id":"https:\/\/blogs.uni-siegen.de\/architekturlehre1zu1\/2018\/07\/12\/ein-haus-fuer-alle-faelle-2\/#primaryimage"},"image":{"@id":"https:\/\/blogs.uni-siegen.de\/architekturlehre1zu1\/2018\/07\/12\/ein-haus-fuer-alle-faelle-2\/#primaryimage"},"thumbnailUrl":"https:\/\/blogs.uni-siegen.de\/architekturlehre1zu1\/files\/2021\/03\/Perspektive_Mira-Sophie-Vitt_1142495_SoSe2018-Kopie-e1619545183712.jpg","datePublished":"2018-07-11T22:00:00+00:00","dateModified":"2024-02-04T21:10:31+00:00","breadcrumb":{"@id":"https:\/\/blogs.uni-siegen.de\/architekturlehre1zu1\/2018\/07\/12\/ein-haus-fuer-alle-faelle-2\/#breadcrumb"},"inLanguage":"de","potentialAction":[{"@type":"ReadAction","target":["https:\/\/blogs.uni-siegen.de\/architekturlehre1zu1\/2018\/07\/12\/ein-haus-fuer-alle-faelle-2\/"]}]},{"@type":"ImageObject","inLanguage":"de","@id":"https:\/\/blogs.uni-siegen.de\/architekturlehre1zu1\/2018\/07\/12\/ein-haus-fuer-alle-faelle-2\/#primaryimage","url":"https:\/\/blogs.uni-siegen.de\/architekturlehre1zu1\/files\/2021\/03\/Perspektive_Mira-Sophie-Vitt_1142495_SoSe2018-Kopie-e1619545183712.jpg","contentUrl":"https:\/\/blogs.uni-siegen.de\/architekturlehre1zu1\/files\/2021\/03\/Perspektive_Mira-Sophie-Vitt_1142495_SoSe2018-Kopie-e1619545183712.jpg","width":846,"height":834},{"@type":"BreadcrumbList","@id":"https:\/\/blogs.uni-siegen.de\/architekturlehre1zu1\/2018\/07\/12\/ein-haus-fuer-alle-faelle-2\/#breadcrumb","itemListElement":[{"@type":"ListItem","position":1,"name":"Startseite","item":"https:\/\/blogs.uni-siegen.de\/architekturlehre1zu1\/"},{"@type":"ListItem","position":2,"name":"Bachelor Entwurf"}]},{"@type":"WebSite","@id":"https:\/\/blogs.uni-siegen.de\/architekturlehre1zu1\/#website","url":"https:\/\/blogs.uni-siegen.de\/architekturlehre1zu1\/","name":"Architekturlehre 1zu1","description":"","publisher":{"@id":"https:\/\/blogs.uni-siegen.de\/architekturlehre1zu1\/#organization"},"potentialAction":[{"@type":"SearchAction","target":{"@type":"EntryPoint","urlTemplate":"https:\/\/blogs.uni-siegen.de\/architekturlehre1zu1\/?s={search_term_string}"},"query-input":{"@type":"PropertyValueSpecification","valueRequired":true,"valueName":"search_term_string"}}],"inLanguage":"de"},{"@type":"Organization","@id":"https:\/\/blogs.uni-siegen.de\/architekturlehre1zu1\/#organization","name":"Architekturlehre 1zu1","url":"https:\/\/blogs.uni-siegen.de\/architekturlehre1zu1\/","logo":{"@type":"ImageObject","inLanguage":"de","@id":"https:\/\/blogs.uni-siegen.de\/architekturlehre1zu1\/#\/schema\/logo\/image\/","url":"https:\/\/blogs.uni-siegen.de\/architekturlehre1zu1\/files\/2021\/03\/cropped-Logo_\u00dcberarbeitet-3.png","contentUrl":"https:\/\/blogs.uni-siegen.de\/architekturlehre1zu1\/files\/2021\/03\/cropped-Logo_\u00dcberarbeitet-3.png","width":3475,"height":1232,"caption":"Architekturlehre 1zu1"},"image":{"@id":"https:\/\/blogs.uni-siegen.de\/architekturlehre1zu1\/#\/schema\/logo\/image\/"}},{"@type":"Person","@id":"https:\/\/blogs.uni-siegen.de\/architekturlehre1zu1\/#\/schema\/person\/055671063a13f46272e7ac2f48eb5196","name":"Alexandra Glaesner","image":{"@type":"ImageObject","inLanguage":"de","@id":"https:\/\/secure.gravatar.com\/avatar\/7ba4473dddffa85deccd5f21f66e21ec6e2b5238075ed6efb4dfb2cb4984178c?s=96&d=mm&r=g","url":"https:\/\/secure.gravatar.com\/avatar\/7ba4473dddffa85deccd5f21f66e21ec6e2b5238075ed6efb4dfb2cb4984178c?s=96&d=mm&r=g","contentUrl":"https:\/\/secure.gravatar.com\/avatar\/7ba4473dddffa85deccd5f21f66e21ec6e2b5238075ed6efb4dfb2cb4984178c?s=96&d=mm&r=g","caption":"Alexandra Glaesner"},"url":"https:\/\/blogs.uni-siegen.de\/architekturlehre1zu1\/author\/g022853\/"}]}},"_links":{"self":[{"href":"https:\/\/blogs.uni-siegen.de\/architekturlehre1zu1\/wp-json\/wp\/v2\/posts\/445","targetHints":{"allow":["GET"]}}],"collection":[{"href":"https:\/\/blogs.uni-siegen.de\/architekturlehre1zu1\/wp-json\/wp\/v2\/posts"}],"about":[{"href":"https:\/\/blogs.uni-siegen.de\/architekturlehre1zu1\/wp-json\/wp\/v2\/types\/post"}],"author":[{"embeddable":true,"href":"https:\/\/blogs.uni-siegen.de\/architekturlehre1zu1\/wp-json\/wp\/v2\/users\/474"}],"replies":[{"embeddable":true,"href":"https:\/\/blogs.uni-siegen.de\/architekturlehre1zu1\/wp-json\/wp\/v2\/comments?post=445"}],"version-history":[{"count":10,"href":"https:\/\/blogs.uni-siegen.de\/architekturlehre1zu1\/wp-json\/wp\/v2\/posts\/445\/revisions"}],"predecessor-version":[{"id":2730,"href":"https:\/\/blogs.uni-siegen.de\/architekturlehre1zu1\/wp-json\/wp\/v2\/posts\/445\/revisions\/2730"}],"wp:featuredmedia":[{"embeddable":true,"href":"https:\/\/blogs.uni-siegen.de\/architekturlehre1zu1\/wp-json\/wp\/v2\/media\/1070"}],"wp:attachment":[{"href":"https:\/\/blogs.uni-siegen.de\/architekturlehre1zu1\/wp-json\/wp\/v2\/media?parent=445"}],"wp:term":[{"taxonomy":"category","embeddable":true,"href":"https:\/\/blogs.uni-siegen.de\/architekturlehre1zu1\/wp-json\/wp\/v2\/categories?post=445"},{"taxonomy":"post_tag","embeddable":true,"href":"https:\/\/blogs.uni-siegen.de\/architekturlehre1zu1\/wp-json\/wp\/v2\/tags?post=445"}],"curies":[{"name":"wp","href":"https:\/\/api.w.org\/{rel}","templated":true}]}}