{"id":919,"date":"2013-05-25T00:00:00","date_gmt":"2013-05-24T22:00:00","guid":{"rendered":"https:\/\/blogs.uni-siegen.de\/architekturlehre1zu1\/?p=919"},"modified":"2021-05-31T17:39:12","modified_gmt":"2021-05-31T15:39:12","slug":"valencia","status":"publish","type":"post","link":"https:\/\/blogs.uni-siegen.de\/architekturlehre1zu1\/2013\/05\/25\/valencia\/","title":{"rendered":"Valencia"},"content":{"rendered":"\n<p><\/p>\n\n\n\n<p>Die Reise nach Valencia war eine Exkursion voller harmonierender Widerspr\u00fcchlichkeit und Gegens\u00e4tze. Denn das macht Valencia aus: Alt gegen Neu, Modern gegen Tradition, Gr\u00f6\u00dfe gegen \u201eKlein (aber fein)\u201c, Kultur gegen Fortschritt, Land gegen Stadt \u2026 Alle diese Eigenschaften haben wir in vollen Z\u00fcgen genossen.<\/p>\n\n\n\n<figure class=\"wp-block-gallery columns-2 is-cropped wp-block-gallery-1 is-layout-flex wp-block-gallery-is-layout-flex\"><ul class=\"blocks-gallery-grid\"><li class=\"blocks-gallery-item\"><figure><a href=\"https:\/\/blogs.uni-siegen.de\/architekturlehre1zu1\/files\/2021\/04\/1-7.jpg\"><img loading=\"lazy\" decoding=\"async\" width=\"1024\" height=\"767\" src=\"https:\/\/blogs.uni-siegen.de\/architekturlehre1zu1\/files\/2021\/04\/1-7.jpg\" alt=\"\" data-id=\"920\" data-link=\"https:\/\/blogs.uni-siegen.de\/architekturlehre1zu1\/?attachment_id=920\" class=\"wp-image-920\" srcset=\"https:\/\/blogs.uni-siegen.de\/architekturlehre1zu1\/files\/2021\/04\/1-7.jpg 1024w, https:\/\/blogs.uni-siegen.de\/architekturlehre1zu1\/files\/2021\/04\/1-7-300x225.jpg 300w, https:\/\/blogs.uni-siegen.de\/architekturlehre1zu1\/files\/2021\/04\/1-7-768x575.jpg 768w\" sizes=\"auto, (max-width: 1024px) 100vw, 1024px\" \/><\/a><\/figure><\/li><li class=\"blocks-gallery-item\"><figure><a href=\"https:\/\/blogs.uni-siegen.de\/architekturlehre1zu1\/files\/2021\/04\/2-6.jpg\"><img loading=\"lazy\" decoding=\"async\" width=\"1024\" height=\"767\" src=\"https:\/\/blogs.uni-siegen.de\/architekturlehre1zu1\/files\/2021\/04\/2-6.jpg\" alt=\"\" data-id=\"921\" data-link=\"https:\/\/blogs.uni-siegen.de\/architekturlehre1zu1\/?attachment_id=921\" class=\"wp-image-921\" srcset=\"https:\/\/blogs.uni-siegen.de\/architekturlehre1zu1\/files\/2021\/04\/2-6.jpg 1024w, https:\/\/blogs.uni-siegen.de\/architekturlehre1zu1\/files\/2021\/04\/2-6-300x225.jpg 300w, https:\/\/blogs.uni-siegen.de\/architekturlehre1zu1\/files\/2021\/04\/2-6-768x575.jpg 768w\" sizes=\"auto, (max-width: 1024px) 100vw, 1024px\" \/><\/a><\/figure><\/li><li class=\"blocks-gallery-item\"><figure><a href=\"https:\/\/blogs.uni-siegen.de\/architekturlehre1zu1\/files\/2021\/04\/3-10.jpg\"><img loading=\"lazy\" decoding=\"async\" width=\"1024\" height=\"767\" src=\"https:\/\/blogs.uni-siegen.de\/architekturlehre1zu1\/files\/2021\/04\/3-10.jpg\" alt=\"\" data-id=\"922\" data-link=\"https:\/\/blogs.uni-siegen.de\/architekturlehre1zu1\/?attachment_id=922\" class=\"wp-image-922\" srcset=\"https:\/\/blogs.uni-siegen.de\/architekturlehre1zu1\/files\/2021\/04\/3-10.jpg 1024w, https:\/\/blogs.uni-siegen.de\/architekturlehre1zu1\/files\/2021\/04\/3-10-300x225.jpg 300w, https:\/\/blogs.uni-siegen.de\/architekturlehre1zu1\/files\/2021\/04\/3-10-768x575.jpg 768w\" sizes=\"auto, (max-width: 1024px) 100vw, 1024px\" \/><\/a><\/figure><\/li><li class=\"blocks-gallery-item\"><figure><a href=\"https:\/\/blogs.uni-siegen.de\/architekturlehre1zu1\/files\/2021\/04\/4-6.jpg\"><img loading=\"lazy\" decoding=\"async\" width=\"1024\" height=\"576\" src=\"https:\/\/blogs.uni-siegen.de\/architekturlehre1zu1\/files\/2021\/04\/4-6.jpg\" alt=\"\" data-id=\"923\" data-link=\"https:\/\/blogs.uni-siegen.de\/architekturlehre1zu1\/?attachment_id=923\" class=\"wp-image-923\" srcset=\"https:\/\/blogs.uni-siegen.de\/architekturlehre1zu1\/files\/2021\/04\/4-6.jpg 1024w, https:\/\/blogs.uni-siegen.de\/architekturlehre1zu1\/files\/2021\/04\/4-6-300x169.jpg 300w, https:\/\/blogs.uni-siegen.de\/architekturlehre1zu1\/files\/2021\/04\/4-6-768x432.jpg 768w\" sizes=\"auto, (max-width: 1024px) 100vw, 1024px\" \/><\/a><\/figure><\/li><li class=\"blocks-gallery-item\"><figure><a href=\"https:\/\/blogs.uni-siegen.de\/architekturlehre1zu1\/files\/2021\/04\/5-7.jpg\"><img loading=\"lazy\" decoding=\"async\" width=\"1024\" height=\"767\" src=\"https:\/\/blogs.uni-siegen.de\/architekturlehre1zu1\/files\/2021\/04\/5-7.jpg\" alt=\"\" data-id=\"924\" data-link=\"https:\/\/blogs.uni-siegen.de\/architekturlehre1zu1\/?attachment_id=924\" class=\"wp-image-924\" srcset=\"https:\/\/blogs.uni-siegen.de\/architekturlehre1zu1\/files\/2021\/04\/5-7.jpg 1024w, https:\/\/blogs.uni-siegen.de\/architekturlehre1zu1\/files\/2021\/04\/5-7-300x225.jpg 300w, https:\/\/blogs.uni-siegen.de\/architekturlehre1zu1\/files\/2021\/04\/5-7-768x575.jpg 768w\" sizes=\"auto, (max-width: 1024px) 100vw, 1024px\" \/><\/a><\/figure><\/li><li class=\"blocks-gallery-item\"><figure><a href=\"https:\/\/blogs.uni-siegen.de\/architekturlehre1zu1\/files\/2021\/04\/6-8.jpg\"><img loading=\"lazy\" decoding=\"async\" width=\"1024\" height=\"767\" src=\"https:\/\/blogs.uni-siegen.de\/architekturlehre1zu1\/files\/2021\/04\/6-8.jpg\" alt=\"\" data-id=\"925\" data-link=\"https:\/\/blogs.uni-siegen.de\/architekturlehre1zu1\/?attachment_id=925\" class=\"wp-image-925\" srcset=\"https:\/\/blogs.uni-siegen.de\/architekturlehre1zu1\/files\/2021\/04\/6-8.jpg 1024w, https:\/\/blogs.uni-siegen.de\/architekturlehre1zu1\/files\/2021\/04\/6-8-300x225.jpg 300w, https:\/\/blogs.uni-siegen.de\/architekturlehre1zu1\/files\/2021\/04\/6-8-768x575.jpg 768w\" sizes=\"auto, (max-width: 1024px) 100vw, 1024px\" \/><\/a><\/figure><\/li><li class=\"blocks-gallery-item\"><figure><a href=\"https:\/\/blogs.uni-siegen.de\/architekturlehre1zu1\/files\/2021\/04\/7-7.jpg\"><img loading=\"lazy\" decoding=\"async\" width=\"1024\" height=\"682\" src=\"https:\/\/blogs.uni-siegen.de\/architekturlehre1zu1\/files\/2021\/04\/7-7.jpg\" alt=\"\" data-id=\"926\" data-link=\"https:\/\/blogs.uni-siegen.de\/architekturlehre1zu1\/?attachment_id=926\" class=\"wp-image-926\" srcset=\"https:\/\/blogs.uni-siegen.de\/architekturlehre1zu1\/files\/2021\/04\/7-7.jpg 1024w, https:\/\/blogs.uni-siegen.de\/architekturlehre1zu1\/files\/2021\/04\/7-7-300x200.jpg 300w, https:\/\/blogs.uni-siegen.de\/architekturlehre1zu1\/files\/2021\/04\/7-7-768x512.jpg 768w\" sizes=\"auto, (max-width: 1024px) 100vw, 1024px\" \/><\/a><\/figure><\/li><li class=\"blocks-gallery-item\"><figure><a href=\"https:\/\/blogs.uni-siegen.de\/architekturlehre1zu1\/files\/2021\/04\/8-3.jpg\"><img loading=\"lazy\" decoding=\"async\" width=\"1024\" height=\"767\" src=\"https:\/\/blogs.uni-siegen.de\/architekturlehre1zu1\/files\/2021\/04\/8-3.jpg\" alt=\"\" data-id=\"927\" data-link=\"https:\/\/blogs.uni-siegen.de\/architekturlehre1zu1\/?attachment_id=927\" class=\"wp-image-927\" srcset=\"https:\/\/blogs.uni-siegen.de\/architekturlehre1zu1\/files\/2021\/04\/8-3.jpg 1024w, https:\/\/blogs.uni-siegen.de\/architekturlehre1zu1\/files\/2021\/04\/8-3-300x225.jpg 300w, https:\/\/blogs.uni-siegen.de\/architekturlehre1zu1\/files\/2021\/04\/8-3-768x575.jpg 768w\" sizes=\"auto, (max-width: 1024px) 100vw, 1024px\" \/><\/a><\/figure><\/li><li class=\"blocks-gallery-item\"><figure><a href=\"https:\/\/blogs.uni-siegen.de\/architekturlehre1zu1\/files\/2021\/04\/9-3.jpg\"><img loading=\"lazy\" decoding=\"async\" width=\"1024\" height=\"767\" src=\"https:\/\/blogs.uni-siegen.de\/architekturlehre1zu1\/files\/2021\/04\/9-3.jpg\" alt=\"\" data-id=\"928\" data-link=\"https:\/\/blogs.uni-siegen.de\/architekturlehre1zu1\/?attachment_id=928\" class=\"wp-image-928\" srcset=\"https:\/\/blogs.uni-siegen.de\/architekturlehre1zu1\/files\/2021\/04\/9-3.jpg 1024w, https:\/\/blogs.uni-siegen.de\/architekturlehre1zu1\/files\/2021\/04\/9-3-300x225.jpg 300w, https:\/\/blogs.uni-siegen.de\/architekturlehre1zu1\/files\/2021\/04\/9-3-768x575.jpg 768w\" sizes=\"auto, (max-width: 1024px) 100vw, 1024px\" \/><\/a><\/figure><\/li><li class=\"blocks-gallery-item\"><figure><a href=\"https:\/\/blogs.uni-siegen.de\/architekturlehre1zu1\/files\/2021\/04\/10-2.jpg\"><img loading=\"lazy\" decoding=\"async\" width=\"1024\" height=\"576\" src=\"https:\/\/blogs.uni-siegen.de\/architekturlehre1zu1\/files\/2021\/04\/10-2.jpg\" alt=\"\" data-id=\"929\" data-link=\"https:\/\/blogs.uni-siegen.de\/architekturlehre1zu1\/?attachment_id=929\" class=\"wp-image-929\" srcset=\"https:\/\/blogs.uni-siegen.de\/architekturlehre1zu1\/files\/2021\/04\/10-2.jpg 1024w, https:\/\/blogs.uni-siegen.de\/architekturlehre1zu1\/files\/2021\/04\/10-2-300x169.jpg 300w, https:\/\/blogs.uni-siegen.de\/architekturlehre1zu1\/files\/2021\/04\/10-2-768x432.jpg 768w\" sizes=\"auto, (max-width: 1024px) 100vw, 1024px\" \/><\/a><\/figure><\/li><li class=\"blocks-gallery-item\"><figure><a href=\"https:\/\/blogs.uni-siegen.de\/architekturlehre1zu1\/files\/2021\/04\/11-2.jpg\"><img loading=\"lazy\" decoding=\"async\" width=\"1024\" height=\"767\" src=\"https:\/\/blogs.uni-siegen.de\/architekturlehre1zu1\/files\/2021\/04\/11-2.jpg\" alt=\"\" data-id=\"930\" data-link=\"https:\/\/blogs.uni-siegen.de\/architekturlehre1zu1\/?attachment_id=930\" class=\"wp-image-930\" srcset=\"https:\/\/blogs.uni-siegen.de\/architekturlehre1zu1\/files\/2021\/04\/11-2.jpg 1024w, https:\/\/blogs.uni-siegen.de\/architekturlehre1zu1\/files\/2021\/04\/11-2-300x225.jpg 300w, https:\/\/blogs.uni-siegen.de\/architekturlehre1zu1\/files\/2021\/04\/11-2-768x575.jpg 768w\" sizes=\"auto, (max-width: 1024px) 100vw, 1024px\" \/><\/a><\/figure><\/li><li class=\"blocks-gallery-item\"><figure><a href=\"https:\/\/blogs.uni-siegen.de\/architekturlehre1zu1\/files\/2021\/04\/12-2.jpg\"><img loading=\"lazy\" decoding=\"async\" width=\"768\" height=\"1024\" src=\"https:\/\/blogs.uni-siegen.de\/architekturlehre1zu1\/files\/2021\/04\/12-2.jpg\" alt=\"\" data-id=\"931\" data-link=\"https:\/\/blogs.uni-siegen.de\/architekturlehre1zu1\/?attachment_id=931\" class=\"wp-image-931\" srcset=\"https:\/\/blogs.uni-siegen.de\/architekturlehre1zu1\/files\/2021\/04\/12-2.jpg 768w, https:\/\/blogs.uni-siegen.de\/architekturlehre1zu1\/files\/2021\/04\/12-2-225x300.jpg 225w\" sizes=\"auto, (max-width: 768px) 100vw, 768px\" \/><\/a><\/figure><\/li><li class=\"blocks-gallery-item\"><figure><a href=\"https:\/\/blogs.uni-siegen.de\/architekturlehre1zu1\/files\/2021\/05\/P5220527-1024x768.jpg\"><img loading=\"lazy\" decoding=\"async\" width=\"1024\" height=\"768\" src=\"https:\/\/blogs.uni-siegen.de\/architekturlehre1zu1\/files\/2021\/05\/P5220527-1024x768.jpg\" alt=\"\" data-id=\"1534\" data-link=\"https:\/\/blogs.uni-siegen.de\/architekturlehre1zu1\/2013\/05\/25\/valencia\/olympus-digital-camera-66\/\" class=\"wp-image-1534\" srcset=\"https:\/\/blogs.uni-siegen.de\/architekturlehre1zu1\/files\/2021\/05\/P5220527-1024x768.jpg 1024w, https:\/\/blogs.uni-siegen.de\/architekturlehre1zu1\/files\/2021\/05\/P5220527-300x225.jpg 300w, https:\/\/blogs.uni-siegen.de\/architekturlehre1zu1\/files\/2021\/05\/P5220527-768x576.jpg 768w, https:\/\/blogs.uni-siegen.de\/architekturlehre1zu1\/files\/2021\/05\/P5220527-1536x1152.jpg 1536w, https:\/\/blogs.uni-siegen.de\/architekturlehre1zu1\/files\/2021\/05\/P5220527-2048x1536.jpg 2048w, https:\/\/blogs.uni-siegen.de\/architekturlehre1zu1\/files\/2021\/05\/P5220527-1200x900.jpg 1200w, https:\/\/blogs.uni-siegen.de\/architekturlehre1zu1\/files\/2021\/05\/P5220527-1980x1485.jpg 1980w\" sizes=\"auto, (max-width: 1024px) 100vw, 1024px\" \/><\/a><\/figure><\/li><li class=\"blocks-gallery-item\"><figure><a href=\"https:\/\/blogs.uni-siegen.de\/architekturlehre1zu1\/files\/2021\/04\/13-1.jpg\"><img loading=\"lazy\" decoding=\"async\" width=\"1024\" height=\"767\" src=\"https:\/\/blogs.uni-siegen.de\/architekturlehre1zu1\/files\/2021\/04\/13-1.jpg\" alt=\"\" data-id=\"932\" data-link=\"https:\/\/blogs.uni-siegen.de\/architekturlehre1zu1\/?attachment_id=932\" class=\"wp-image-932\" srcset=\"https:\/\/blogs.uni-siegen.de\/architekturlehre1zu1\/files\/2021\/04\/13-1.jpg 1024w, https:\/\/blogs.uni-siegen.de\/architekturlehre1zu1\/files\/2021\/04\/13-1-300x225.jpg 300w, https:\/\/blogs.uni-siegen.de\/architekturlehre1zu1\/files\/2021\/04\/13-1-768x575.jpg 768w\" sizes=\"auto, (max-width: 1024px) 100vw, 1024px\" \/><\/a><\/figure><\/li><li class=\"blocks-gallery-item\"><figure><a href=\"https:\/\/blogs.uni-siegen.de\/architekturlehre1zu1\/files\/2021\/04\/15.jpg\"><img loading=\"lazy\" decoding=\"async\" width=\"1024\" height=\"767\" src=\"https:\/\/blogs.uni-siegen.de\/architekturlehre1zu1\/files\/2021\/04\/15.jpg\" alt=\"\" data-id=\"933\" data-link=\"https:\/\/blogs.uni-siegen.de\/architekturlehre1zu1\/?attachment_id=933\" class=\"wp-image-933\" srcset=\"https:\/\/blogs.uni-siegen.de\/architekturlehre1zu1\/files\/2021\/04\/15.jpg 1024w, https:\/\/blogs.uni-siegen.de\/architekturlehre1zu1\/files\/2021\/04\/15-300x225.jpg 300w, https:\/\/blogs.uni-siegen.de\/architekturlehre1zu1\/files\/2021\/04\/15-768x575.jpg 768w\" sizes=\"auto, (max-width: 1024px) 100vw, 1024px\" \/><\/a><\/figure><\/li><li class=\"blocks-gallery-item\"><figure><a href=\"https:\/\/blogs.uni-siegen.de\/architekturlehre1zu1\/files\/2021\/04\/16.jpg\"><img loading=\"lazy\" decoding=\"async\" width=\"1024\" height=\"767\" src=\"https:\/\/blogs.uni-siegen.de\/architekturlehre1zu1\/files\/2021\/04\/16.jpg\" alt=\"\" data-id=\"934\" data-link=\"https:\/\/blogs.uni-siegen.de\/architekturlehre1zu1\/?attachment_id=934\" class=\"wp-image-934\" srcset=\"https:\/\/blogs.uni-siegen.de\/architekturlehre1zu1\/files\/2021\/04\/16.jpg 1024w, https:\/\/blogs.uni-siegen.de\/architekturlehre1zu1\/files\/2021\/04\/16-300x225.jpg 300w, https:\/\/blogs.uni-siegen.de\/architekturlehre1zu1\/files\/2021\/04\/16-768x575.jpg 768w\" sizes=\"auto, (max-width: 1024px) 100vw, 1024px\" \/><\/a><\/figure><\/li><li class=\"blocks-gallery-item\"><figure><a href=\"https:\/\/blogs.uni-siegen.de\/architekturlehre1zu1\/files\/2021\/04\/17.jpg\"><img loading=\"lazy\" decoding=\"async\" width=\"1024\" height=\"767\" src=\"https:\/\/blogs.uni-siegen.de\/architekturlehre1zu1\/files\/2021\/04\/17.jpg\" alt=\"\" data-id=\"935\" data-link=\"https:\/\/blogs.uni-siegen.de\/architekturlehre1zu1\/?attachment_id=935\" class=\"wp-image-935\" srcset=\"https:\/\/blogs.uni-siegen.de\/architekturlehre1zu1\/files\/2021\/04\/17.jpg 1024w, https:\/\/blogs.uni-siegen.de\/architekturlehre1zu1\/files\/2021\/04\/17-300x225.jpg 300w, https:\/\/blogs.uni-siegen.de\/architekturlehre1zu1\/files\/2021\/04\/17-768x575.jpg 768w\" sizes=\"auto, (max-width: 1024px) 100vw, 1024px\" \/><\/a><\/figure><\/li><li class=\"blocks-gallery-item\"><figure><a href=\"https:\/\/blogs.uni-siegen.de\/architekturlehre1zu1\/files\/2021\/04\/18.jpg\"><img loading=\"lazy\" decoding=\"async\" width=\"1024\" height=\"767\" src=\"https:\/\/blogs.uni-siegen.de\/architekturlehre1zu1\/files\/2021\/04\/18.jpg\" alt=\"\" data-id=\"936\" data-link=\"https:\/\/blogs.uni-siegen.de\/architekturlehre1zu1\/?attachment_id=936\" class=\"wp-image-936\" srcset=\"https:\/\/blogs.uni-siegen.de\/architekturlehre1zu1\/files\/2021\/04\/18.jpg 1024w, https:\/\/blogs.uni-siegen.de\/architekturlehre1zu1\/files\/2021\/04\/18-300x225.jpg 300w, https:\/\/blogs.uni-siegen.de\/architekturlehre1zu1\/files\/2021\/04\/18-768x575.jpg 768w\" sizes=\"auto, (max-width: 1024px) 100vw, 1024px\" \/><\/a><\/figure><\/li><li class=\"blocks-gallery-item\"><figure><a href=\"https:\/\/blogs.uni-siegen.de\/architekturlehre1zu1\/files\/2021\/05\/P5200204-768x1024.jpg\"><img loading=\"lazy\" decoding=\"async\" width=\"768\" height=\"1024\" src=\"https:\/\/blogs.uni-siegen.de\/architekturlehre1zu1\/files\/2021\/05\/P5200204-768x1024.jpg\" alt=\"\" data-id=\"1518\" data-link=\"https:\/\/blogs.uni-siegen.de\/architekturlehre1zu1\/2013\/05\/25\/valencia\/olympus-digital-camera-51\/\" class=\"wp-image-1518\" srcset=\"https:\/\/blogs.uni-siegen.de\/architekturlehre1zu1\/files\/2021\/05\/P5200204-768x1024.jpg 768w, https:\/\/blogs.uni-siegen.de\/architekturlehre1zu1\/files\/2021\/05\/P5200204-225x300.jpg 225w, https:\/\/blogs.uni-siegen.de\/architekturlehre1zu1\/files\/2021\/05\/P5200204-1152x1536.jpg 1152w, https:\/\/blogs.uni-siegen.de\/architekturlehre1zu1\/files\/2021\/05\/P5200204-1536x2048.jpg 1536w, https:\/\/blogs.uni-siegen.de\/architekturlehre1zu1\/files\/2021\/05\/P5200204-1200x1600.jpg 1200w, https:\/\/blogs.uni-siegen.de\/architekturlehre1zu1\/files\/2021\/05\/P5200204-1980x2640.jpg 1980w, https:\/\/blogs.uni-siegen.de\/architekturlehre1zu1\/files\/2021\/05\/P5200204-scaled.jpg 1920w\" sizes=\"auto, (max-width: 768px) 100vw, 768px\" \/><\/a><\/figure><\/li><li class=\"blocks-gallery-item\"><figure><a href=\"https:\/\/blogs.uni-siegen.de\/architekturlehre1zu1\/files\/2021\/05\/P5200217-1024x768.jpg\"><img loading=\"lazy\" decoding=\"async\" width=\"1024\" height=\"768\" src=\"https:\/\/blogs.uni-siegen.de\/architekturlehre1zu1\/files\/2021\/05\/P5200217-1024x768.jpg\" alt=\"\" data-id=\"1520\" data-link=\"https:\/\/blogs.uni-siegen.de\/architekturlehre1zu1\/2013\/05\/25\/valencia\/olympus-digital-camera-52\/\" class=\"wp-image-1520\" srcset=\"https:\/\/blogs.uni-siegen.de\/architekturlehre1zu1\/files\/2021\/05\/P5200217-1024x768.jpg 1024w, https:\/\/blogs.uni-siegen.de\/architekturlehre1zu1\/files\/2021\/05\/P5200217-300x225.jpg 300w, https:\/\/blogs.uni-siegen.de\/architekturlehre1zu1\/files\/2021\/05\/P5200217-768x576.jpg 768w, https:\/\/blogs.uni-siegen.de\/architekturlehre1zu1\/files\/2021\/05\/P5200217-1536x1152.jpg 1536w, https:\/\/blogs.uni-siegen.de\/architekturlehre1zu1\/files\/2021\/05\/P5200217-2048x1536.jpg 2048w, https:\/\/blogs.uni-siegen.de\/architekturlehre1zu1\/files\/2021\/05\/P5200217-1200x900.jpg 1200w, https:\/\/blogs.uni-siegen.de\/architekturlehre1zu1\/files\/2021\/05\/P5200217-1980x1485.jpg 1980w\" sizes=\"auto, (max-width: 1024px) 100vw, 1024px\" \/><\/a><\/figure><\/li><li class=\"blocks-gallery-item\"><figure><a href=\"https:\/\/blogs.uni-siegen.de\/architekturlehre1zu1\/files\/2021\/05\/P5200219-1024x768.jpg\"><img loading=\"lazy\" decoding=\"async\" width=\"1024\" height=\"768\" src=\"https:\/\/blogs.uni-siegen.de\/architekturlehre1zu1\/files\/2021\/05\/P5200219-1024x768.jpg\" alt=\"\" data-id=\"1521\" data-link=\"https:\/\/blogs.uni-siegen.de\/architekturlehre1zu1\/2013\/05\/25\/valencia\/olympus-digital-camera-53\/\" class=\"wp-image-1521\" srcset=\"https:\/\/blogs.uni-siegen.de\/architekturlehre1zu1\/files\/2021\/05\/P5200219-1024x768.jpg 1024w, https:\/\/blogs.uni-siegen.de\/architekturlehre1zu1\/files\/2021\/05\/P5200219-300x225.jpg 300w, https:\/\/blogs.uni-siegen.de\/architekturlehre1zu1\/files\/2021\/05\/P5200219-768x576.jpg 768w, https:\/\/blogs.uni-siegen.de\/architekturlehre1zu1\/files\/2021\/05\/P5200219-1536x1152.jpg 1536w, https:\/\/blogs.uni-siegen.de\/architekturlehre1zu1\/files\/2021\/05\/P5200219-2048x1536.jpg 2048w, https:\/\/blogs.uni-siegen.de\/architekturlehre1zu1\/files\/2021\/05\/P5200219-1200x900.jpg 1200w, https:\/\/blogs.uni-siegen.de\/architekturlehre1zu1\/files\/2021\/05\/P5200219-1980x1485.jpg 1980w\" sizes=\"auto, (max-width: 1024px) 100vw, 1024px\" \/><\/a><\/figure><\/li><li class=\"blocks-gallery-item\"><figure><a href=\"https:\/\/blogs.uni-siegen.de\/architekturlehre1zu1\/files\/2021\/05\/P5200243-768x1024.jpg\"><img loading=\"lazy\" decoding=\"async\" width=\"768\" height=\"1024\" src=\"https:\/\/blogs.uni-siegen.de\/architekturlehre1zu1\/files\/2021\/05\/P5200243-768x1024.jpg\" alt=\"\" data-id=\"1522\" data-link=\"https:\/\/blogs.uni-siegen.de\/architekturlehre1zu1\/2013\/05\/25\/valencia\/olympus-digital-camera-54\/\" class=\"wp-image-1522\" srcset=\"https:\/\/blogs.uni-siegen.de\/architekturlehre1zu1\/files\/2021\/05\/P5200243-768x1024.jpg 768w, https:\/\/blogs.uni-siegen.de\/architekturlehre1zu1\/files\/2021\/05\/P5200243-225x300.jpg 225w, https:\/\/blogs.uni-siegen.de\/architekturlehre1zu1\/files\/2021\/05\/P5200243-1152x1536.jpg 1152w, https:\/\/blogs.uni-siegen.de\/architekturlehre1zu1\/files\/2021\/05\/P5200243-1536x2048.jpg 1536w, https:\/\/blogs.uni-siegen.de\/architekturlehre1zu1\/files\/2021\/05\/P5200243-1200x1600.jpg 1200w, https:\/\/blogs.uni-siegen.de\/architekturlehre1zu1\/files\/2021\/05\/P5200243-1980x2640.jpg 1980w, https:\/\/blogs.uni-siegen.de\/architekturlehre1zu1\/files\/2021\/05\/P5200243-scaled.jpg 1920w\" sizes=\"auto, (max-width: 768px) 100vw, 768px\" \/><\/a><\/figure><\/li><li class=\"blocks-gallery-item\"><figure><a href=\"https:\/\/blogs.uni-siegen.de\/architekturlehre1zu1\/files\/2021\/05\/P5200249-1024x768.jpg\"><img loading=\"lazy\" decoding=\"async\" width=\"1024\" height=\"768\" src=\"https:\/\/blogs.uni-siegen.de\/architekturlehre1zu1\/files\/2021\/05\/P5200249-1024x768.jpg\" alt=\"\" data-id=\"1523\" data-link=\"https:\/\/blogs.uni-siegen.de\/architekturlehre1zu1\/2013\/05\/25\/valencia\/olympus-digital-camera-55\/\" class=\"wp-image-1523\" srcset=\"https:\/\/blogs.uni-siegen.de\/architekturlehre1zu1\/files\/2021\/05\/P5200249-1024x768.jpg 1024w, https:\/\/blogs.uni-siegen.de\/architekturlehre1zu1\/files\/2021\/05\/P5200249-300x225.jpg 300w, https:\/\/blogs.uni-siegen.de\/architekturlehre1zu1\/files\/2021\/05\/P5200249-768x576.jpg 768w, https:\/\/blogs.uni-siegen.de\/architekturlehre1zu1\/files\/2021\/05\/P5200249-1536x1152.jpg 1536w, https:\/\/blogs.uni-siegen.de\/architekturlehre1zu1\/files\/2021\/05\/P5200249-2048x1536.jpg 2048w, https:\/\/blogs.uni-siegen.de\/architekturlehre1zu1\/files\/2021\/05\/P5200249-1200x900.jpg 1200w, https:\/\/blogs.uni-siegen.de\/architekturlehre1zu1\/files\/2021\/05\/P5200249-1980x1485.jpg 1980w\" sizes=\"auto, (max-width: 1024px) 100vw, 1024px\" \/><\/a><\/figure><\/li><li class=\"blocks-gallery-item\"><figure><a href=\"https:\/\/blogs.uni-siegen.de\/architekturlehre1zu1\/files\/2021\/05\/P5200334-1024x768.jpg\"><img loading=\"lazy\" decoding=\"async\" width=\"1024\" height=\"768\" src=\"https:\/\/blogs.uni-siegen.de\/architekturlehre1zu1\/files\/2021\/05\/P5200334-1024x768.jpg\" alt=\"\" data-id=\"1524\" data-link=\"https:\/\/blogs.uni-siegen.de\/architekturlehre1zu1\/2013\/05\/25\/valencia\/olympus-digital-camera-56\/\" class=\"wp-image-1524\" srcset=\"https:\/\/blogs.uni-siegen.de\/architekturlehre1zu1\/files\/2021\/05\/P5200334-1024x768.jpg 1024w, https:\/\/blogs.uni-siegen.de\/architekturlehre1zu1\/files\/2021\/05\/P5200334-300x225.jpg 300w, https:\/\/blogs.uni-siegen.de\/architekturlehre1zu1\/files\/2021\/05\/P5200334-768x576.jpg 768w, https:\/\/blogs.uni-siegen.de\/architekturlehre1zu1\/files\/2021\/05\/P5200334-1536x1152.jpg 1536w, https:\/\/blogs.uni-siegen.de\/architekturlehre1zu1\/files\/2021\/05\/P5200334-2048x1536.jpg 2048w, https:\/\/blogs.uni-siegen.de\/architekturlehre1zu1\/files\/2021\/05\/P5200334-1200x900.jpg 1200w, https:\/\/blogs.uni-siegen.de\/architekturlehre1zu1\/files\/2021\/05\/P5200334-1980x1485.jpg 1980w\" sizes=\"auto, (max-width: 1024px) 100vw, 1024px\" \/><\/a><\/figure><\/li><li class=\"blocks-gallery-item\"><figure><a href=\"https:\/\/blogs.uni-siegen.de\/architekturlehre1zu1\/files\/2021\/05\/P5210357-1024x768.jpg\"><img loading=\"lazy\" decoding=\"async\" width=\"1024\" height=\"768\" src=\"https:\/\/blogs.uni-siegen.de\/architekturlehre1zu1\/files\/2021\/05\/P5210357-1024x768.jpg\" alt=\"\" data-id=\"1525\" data-link=\"https:\/\/blogs.uni-siegen.de\/architekturlehre1zu1\/2013\/05\/25\/valencia\/olympus-digital-camera-57\/\" class=\"wp-image-1525\" srcset=\"https:\/\/blogs.uni-siegen.de\/architekturlehre1zu1\/files\/2021\/05\/P5210357-1024x768.jpg 1024w, https:\/\/blogs.uni-siegen.de\/architekturlehre1zu1\/files\/2021\/05\/P5210357-300x225.jpg 300w, https:\/\/blogs.uni-siegen.de\/architekturlehre1zu1\/files\/2021\/05\/P5210357-768x576.jpg 768w, https:\/\/blogs.uni-siegen.de\/architekturlehre1zu1\/files\/2021\/05\/P5210357-1536x1152.jpg 1536w, https:\/\/blogs.uni-siegen.de\/architekturlehre1zu1\/files\/2021\/05\/P5210357-2048x1536.jpg 2048w, https:\/\/blogs.uni-siegen.de\/architekturlehre1zu1\/files\/2021\/05\/P5210357-1200x900.jpg 1200w, https:\/\/blogs.uni-siegen.de\/architekturlehre1zu1\/files\/2021\/05\/P5210357-1980x1485.jpg 1980w\" sizes=\"auto, (max-width: 1024px) 100vw, 1024px\" \/><\/a><\/figure><\/li><li class=\"blocks-gallery-item\"><figure><a href=\"https:\/\/blogs.uni-siegen.de\/architekturlehre1zu1\/files\/2021\/05\/P5210371-1024x768.jpg\"><img loading=\"lazy\" decoding=\"async\" width=\"1024\" height=\"768\" src=\"https:\/\/blogs.uni-siegen.de\/architekturlehre1zu1\/files\/2021\/05\/P5210371-1024x768.jpg\" alt=\"\" data-id=\"1526\" data-link=\"https:\/\/blogs.uni-siegen.de\/architekturlehre1zu1\/2013\/05\/25\/valencia\/olympus-digital-camera-58\/\" class=\"wp-image-1526\" srcset=\"https:\/\/blogs.uni-siegen.de\/architekturlehre1zu1\/files\/2021\/05\/P5210371-1024x768.jpg 1024w, https:\/\/blogs.uni-siegen.de\/architekturlehre1zu1\/files\/2021\/05\/P5210371-300x225.jpg 300w, https:\/\/blogs.uni-siegen.de\/architekturlehre1zu1\/files\/2021\/05\/P5210371-768x576.jpg 768w, https:\/\/blogs.uni-siegen.de\/architekturlehre1zu1\/files\/2021\/05\/P5210371-1536x1152.jpg 1536w, https:\/\/blogs.uni-siegen.de\/architekturlehre1zu1\/files\/2021\/05\/P5210371-2048x1536.jpg 2048w, https:\/\/blogs.uni-siegen.de\/architekturlehre1zu1\/files\/2021\/05\/P5210371-1200x900.jpg 1200w, https:\/\/blogs.uni-siegen.de\/architekturlehre1zu1\/files\/2021\/05\/P5210371-1980x1485.jpg 1980w\" sizes=\"auto, (max-width: 1024px) 100vw, 1024px\" \/><\/a><\/figure><\/li><li class=\"blocks-gallery-item\"><figure><a href=\"https:\/\/blogs.uni-siegen.de\/architekturlehre1zu1\/files\/2021\/05\/P5210386-683x1024.jpg\"><img loading=\"lazy\" decoding=\"async\" width=\"683\" height=\"1024\" src=\"https:\/\/blogs.uni-siegen.de\/architekturlehre1zu1\/files\/2021\/05\/P5210386-683x1024.jpg\" alt=\"\" data-id=\"1527\" data-link=\"https:\/\/blogs.uni-siegen.de\/architekturlehre1zu1\/2013\/05\/25\/valencia\/olympus-digital-camera-59\/\" class=\"wp-image-1527\" srcset=\"https:\/\/blogs.uni-siegen.de\/architekturlehre1zu1\/files\/2021\/05\/P5210386-683x1024.jpg 683w, https:\/\/blogs.uni-siegen.de\/architekturlehre1zu1\/files\/2021\/05\/P5210386-200x300.jpg 200w, https:\/\/blogs.uni-siegen.de\/architekturlehre1zu1\/files\/2021\/05\/P5210386-768x1152.jpg 768w, https:\/\/blogs.uni-siegen.de\/architekturlehre1zu1\/files\/2021\/05\/P5210386-1024x1536.jpg 1024w, https:\/\/blogs.uni-siegen.de\/architekturlehre1zu1\/files\/2021\/05\/P5210386-1365x2048.jpg 1365w, https:\/\/blogs.uni-siegen.de\/architekturlehre1zu1\/files\/2021\/05\/P5210386-1200x1800.jpg 1200w, https:\/\/blogs.uni-siegen.de\/architekturlehre1zu1\/files\/2021\/05\/P5210386-1980x2970.jpg 1980w, https:\/\/blogs.uni-siegen.de\/architekturlehre1zu1\/files\/2021\/05\/P5210386-scaled.jpg 1707w\" sizes=\"auto, (max-width: 683px) 100vw, 683px\" \/><\/a><\/figure><\/li><li class=\"blocks-gallery-item\"><figure><a href=\"https:\/\/blogs.uni-siegen.de\/architekturlehre1zu1\/files\/2021\/05\/P5210402-1024x683.jpg\"><img loading=\"lazy\" decoding=\"async\" width=\"1024\" height=\"683\" src=\"https:\/\/blogs.uni-siegen.de\/architekturlehre1zu1\/files\/2021\/05\/P5210402-1024x683.jpg\" alt=\"\" data-id=\"1528\" data-link=\"https:\/\/blogs.uni-siegen.de\/architekturlehre1zu1\/2013\/05\/25\/valencia\/olympus-digital-camera-60\/\" class=\"wp-image-1528\" srcset=\"https:\/\/blogs.uni-siegen.de\/architekturlehre1zu1\/files\/2021\/05\/P5210402-1024x683.jpg 1024w, https:\/\/blogs.uni-siegen.de\/architekturlehre1zu1\/files\/2021\/05\/P5210402-300x200.jpg 300w, https:\/\/blogs.uni-siegen.de\/architekturlehre1zu1\/files\/2021\/05\/P5210402-768x512.jpg 768w, https:\/\/blogs.uni-siegen.de\/architekturlehre1zu1\/files\/2021\/05\/P5210402-1536x1024.jpg 1536w, https:\/\/blogs.uni-siegen.de\/architekturlehre1zu1\/files\/2021\/05\/P5210402-2048x1365.jpg 2048w, https:\/\/blogs.uni-siegen.de\/architekturlehre1zu1\/files\/2021\/05\/P5210402-1200x800.jpg 1200w, https:\/\/blogs.uni-siegen.de\/architekturlehre1zu1\/files\/2021\/05\/P5210402-1980x1320.jpg 1980w\" sizes=\"auto, (max-width: 1024px) 100vw, 1024px\" \/><\/a><\/figure><\/li><li class=\"blocks-gallery-item\"><figure><a href=\"https:\/\/blogs.uni-siegen.de\/architekturlehre1zu1\/files\/2021\/05\/P5210412-1024x768.jpg\"><img loading=\"lazy\" decoding=\"async\" width=\"1024\" height=\"768\" src=\"https:\/\/blogs.uni-siegen.de\/architekturlehre1zu1\/files\/2021\/05\/P5210412-1024x768.jpg\" alt=\"\" data-id=\"1529\" data-link=\"https:\/\/blogs.uni-siegen.de\/architekturlehre1zu1\/2013\/05\/25\/valencia\/olympus-digital-camera-61\/\" class=\"wp-image-1529\" srcset=\"https:\/\/blogs.uni-siegen.de\/architekturlehre1zu1\/files\/2021\/05\/P5210412-1024x768.jpg 1024w, https:\/\/blogs.uni-siegen.de\/architekturlehre1zu1\/files\/2021\/05\/P5210412-300x225.jpg 300w, https:\/\/blogs.uni-siegen.de\/architekturlehre1zu1\/files\/2021\/05\/P5210412-768x576.jpg 768w, https:\/\/blogs.uni-siegen.de\/architekturlehre1zu1\/files\/2021\/05\/P5210412-1536x1152.jpg 1536w, https:\/\/blogs.uni-siegen.de\/architekturlehre1zu1\/files\/2021\/05\/P5210412-2048x1536.jpg 2048w, https:\/\/blogs.uni-siegen.de\/architekturlehre1zu1\/files\/2021\/05\/P5210412-1200x900.jpg 1200w, https:\/\/blogs.uni-siegen.de\/architekturlehre1zu1\/files\/2021\/05\/P5210412-1980x1485.jpg 1980w\" sizes=\"auto, (max-width: 1024px) 100vw, 1024px\" \/><\/a><\/figure><\/li><li class=\"blocks-gallery-item\"><figure><a href=\"https:\/\/blogs.uni-siegen.de\/architekturlehre1zu1\/files\/2021\/05\/P5210413-768x1024.jpg\"><img loading=\"lazy\" decoding=\"async\" width=\"768\" height=\"1024\" src=\"https:\/\/blogs.uni-siegen.de\/architekturlehre1zu1\/files\/2021\/05\/P5210413-768x1024.jpg\" alt=\"\" data-id=\"1530\" data-link=\"https:\/\/blogs.uni-siegen.de\/architekturlehre1zu1\/2013\/05\/25\/valencia\/olympus-digital-camera-62\/\" class=\"wp-image-1530\" srcset=\"https:\/\/blogs.uni-siegen.de\/architekturlehre1zu1\/files\/2021\/05\/P5210413-768x1024.jpg 768w, https:\/\/blogs.uni-siegen.de\/architekturlehre1zu1\/files\/2021\/05\/P5210413-225x300.jpg 225w, https:\/\/blogs.uni-siegen.de\/architekturlehre1zu1\/files\/2021\/05\/P5210413-1152x1536.jpg 1152w, https:\/\/blogs.uni-siegen.de\/architekturlehre1zu1\/files\/2021\/05\/P5210413-1536x2048.jpg 1536w, https:\/\/blogs.uni-siegen.de\/architekturlehre1zu1\/files\/2021\/05\/P5210413-1200x1600.jpg 1200w, https:\/\/blogs.uni-siegen.de\/architekturlehre1zu1\/files\/2021\/05\/P5210413-1980x2640.jpg 1980w, https:\/\/blogs.uni-siegen.de\/architekturlehre1zu1\/files\/2021\/05\/P5210413-scaled.jpg 1920w\" sizes=\"auto, (max-width: 768px) 100vw, 768px\" \/><\/a><\/figure><\/li><li class=\"blocks-gallery-item\"><figure><a href=\"https:\/\/blogs.uni-siegen.de\/architekturlehre1zu1\/files\/2021\/05\/P5220478-1024x768.jpg\"><img loading=\"lazy\" decoding=\"async\" width=\"1024\" height=\"768\" src=\"https:\/\/blogs.uni-siegen.de\/architekturlehre1zu1\/files\/2021\/05\/P5220478-1024x768.jpg\" alt=\"\" data-id=\"1531\" data-link=\"https:\/\/blogs.uni-siegen.de\/architekturlehre1zu1\/2013\/05\/25\/valencia\/olympus-digital-camera-63\/\" class=\"wp-image-1531\" srcset=\"https:\/\/blogs.uni-siegen.de\/architekturlehre1zu1\/files\/2021\/05\/P5220478-1024x768.jpg 1024w, https:\/\/blogs.uni-siegen.de\/architekturlehre1zu1\/files\/2021\/05\/P5220478-300x225.jpg 300w, https:\/\/blogs.uni-siegen.de\/architekturlehre1zu1\/files\/2021\/05\/P5220478-768x576.jpg 768w, https:\/\/blogs.uni-siegen.de\/architekturlehre1zu1\/files\/2021\/05\/P5220478-1536x1152.jpg 1536w, https:\/\/blogs.uni-siegen.de\/architekturlehre1zu1\/files\/2021\/05\/P5220478-2048x1536.jpg 2048w, https:\/\/blogs.uni-siegen.de\/architekturlehre1zu1\/files\/2021\/05\/P5220478-1200x900.jpg 1200w, https:\/\/blogs.uni-siegen.de\/architekturlehre1zu1\/files\/2021\/05\/P5220478-1980x1485.jpg 1980w\" sizes=\"auto, (max-width: 1024px) 100vw, 1024px\" \/><\/a><\/figure><\/li><li class=\"blocks-gallery-item\"><figure><a href=\"https:\/\/blogs.uni-siegen.de\/architekturlehre1zu1\/files\/2021\/05\/P5220506-1024x768.jpg\"><img loading=\"lazy\" decoding=\"async\" width=\"1024\" height=\"768\" src=\"https:\/\/blogs.uni-siegen.de\/architekturlehre1zu1\/files\/2021\/05\/P5220506-1024x768.jpg\" alt=\"\" data-id=\"1532\" data-link=\"https:\/\/blogs.uni-siegen.de\/architekturlehre1zu1\/2013\/05\/25\/valencia\/olympus-digital-camera-64\/\" class=\"wp-image-1532\" srcset=\"https:\/\/blogs.uni-siegen.de\/architekturlehre1zu1\/files\/2021\/05\/P5220506-1024x768.jpg 1024w, https:\/\/blogs.uni-siegen.de\/architekturlehre1zu1\/files\/2021\/05\/P5220506-300x225.jpg 300w, https:\/\/blogs.uni-siegen.de\/architekturlehre1zu1\/files\/2021\/05\/P5220506-768x576.jpg 768w, https:\/\/blogs.uni-siegen.de\/architekturlehre1zu1\/files\/2021\/05\/P5220506-1536x1152.jpg 1536w, https:\/\/blogs.uni-siegen.de\/architekturlehre1zu1\/files\/2021\/05\/P5220506-2048x1536.jpg 2048w, https:\/\/blogs.uni-siegen.de\/architekturlehre1zu1\/files\/2021\/05\/P5220506-1200x900.jpg 1200w, https:\/\/blogs.uni-siegen.de\/architekturlehre1zu1\/files\/2021\/05\/P5220506-1980x1485.jpg 1980w\" sizes=\"auto, (max-width: 1024px) 100vw, 1024px\" \/><\/a><\/figure><\/li><li class=\"blocks-gallery-item\"><figure><a href=\"https:\/\/blogs.uni-siegen.de\/architekturlehre1zu1\/files\/2021\/05\/P5220516-1024x768.jpg\"><img loading=\"lazy\" decoding=\"async\" width=\"1024\" height=\"768\" src=\"https:\/\/blogs.uni-siegen.de\/architekturlehre1zu1\/files\/2021\/05\/P5220516-1024x768.jpg\" alt=\"\" data-id=\"1533\" data-link=\"https:\/\/blogs.uni-siegen.de\/architekturlehre1zu1\/2013\/05\/25\/valencia\/olympus-digital-camera-65\/\" class=\"wp-image-1533\" srcset=\"https:\/\/blogs.uni-siegen.de\/architekturlehre1zu1\/files\/2021\/05\/P5220516-1024x768.jpg 1024w, https:\/\/blogs.uni-siegen.de\/architekturlehre1zu1\/files\/2021\/05\/P5220516-300x225.jpg 300w, https:\/\/blogs.uni-siegen.de\/architekturlehre1zu1\/files\/2021\/05\/P5220516-768x576.jpg 768w, https:\/\/blogs.uni-siegen.de\/architekturlehre1zu1\/files\/2021\/05\/P5220516-1536x1152.jpg 1536w, https:\/\/blogs.uni-siegen.de\/architekturlehre1zu1\/files\/2021\/05\/P5220516-2048x1536.jpg 2048w, https:\/\/blogs.uni-siegen.de\/architekturlehre1zu1\/files\/2021\/05\/P5220516-1200x900.jpg 1200w, https:\/\/blogs.uni-siegen.de\/architekturlehre1zu1\/files\/2021\/05\/P5220516-1980x1485.jpg 1980w\" sizes=\"auto, (max-width: 1024px) 100vw, 1024px\" \/><\/a><\/figure><\/li><li class=\"blocks-gallery-item\"><figure><a href=\"https:\/\/blogs.uni-siegen.de\/architekturlehre1zu1\/files\/2021\/05\/P5220550-scaled.jpg\"><img loading=\"lazy\" decoding=\"async\" width=\"1024\" height=\"768\" src=\"https:\/\/blogs.uni-siegen.de\/architekturlehre1zu1\/files\/2021\/05\/P5220550-1024x768.jpg\" alt=\"\" data-id=\"1536\" data-full-url=\"https:\/\/blogs.uni-siegen.de\/architekturlehre1zu1\/files\/2021\/05\/P5220550-scaled.jpg\" data-link=\"https:\/\/blogs.uni-siegen.de\/architekturlehre1zu1\/2013\/05\/25\/valencia\/olympus-digital-camera-68\/\" class=\"wp-image-1536\" srcset=\"https:\/\/blogs.uni-siegen.de\/architekturlehre1zu1\/files\/2021\/05\/P5220550-1024x768.jpg 1024w, https:\/\/blogs.uni-siegen.de\/architekturlehre1zu1\/files\/2021\/05\/P5220550-300x225.jpg 300w, https:\/\/blogs.uni-siegen.de\/architekturlehre1zu1\/files\/2021\/05\/P5220550-768x576.jpg 768w, https:\/\/blogs.uni-siegen.de\/architekturlehre1zu1\/files\/2021\/05\/P5220550-1536x1152.jpg 1536w, https:\/\/blogs.uni-siegen.de\/architekturlehre1zu1\/files\/2021\/05\/P5220550-2048x1536.jpg 2048w, https:\/\/blogs.uni-siegen.de\/architekturlehre1zu1\/files\/2021\/05\/P5220550-1200x900.jpg 1200w, https:\/\/blogs.uni-siegen.de\/architekturlehre1zu1\/files\/2021\/05\/P5220550-1980x1485.jpg 1980w\" sizes=\"auto, (max-width: 1024px) 100vw, 1024px\" \/><\/a><\/figure><\/li><li class=\"blocks-gallery-item\"><figure><a href=\"https:\/\/blogs.uni-siegen.de\/architekturlehre1zu1\/files\/2021\/05\/P5220574-scaled.jpg\"><img loading=\"lazy\" decoding=\"async\" width=\"1024\" height=\"768\" src=\"https:\/\/blogs.uni-siegen.de\/architekturlehre1zu1\/files\/2021\/05\/P5220574-1024x768.jpg\" alt=\"\" data-id=\"1537\" data-full-url=\"https:\/\/blogs.uni-siegen.de\/architekturlehre1zu1\/files\/2021\/05\/P5220574-scaled.jpg\" data-link=\"https:\/\/blogs.uni-siegen.de\/architekturlehre1zu1\/2013\/05\/25\/valencia\/olympus-digital-camera-69\/\" class=\"wp-image-1537\" srcset=\"https:\/\/blogs.uni-siegen.de\/architekturlehre1zu1\/files\/2021\/05\/P5220574-1024x768.jpg 1024w, https:\/\/blogs.uni-siegen.de\/architekturlehre1zu1\/files\/2021\/05\/P5220574-300x225.jpg 300w, https:\/\/blogs.uni-siegen.de\/architekturlehre1zu1\/files\/2021\/05\/P5220574-768x576.jpg 768w, https:\/\/blogs.uni-siegen.de\/architekturlehre1zu1\/files\/2021\/05\/P5220574-1536x1152.jpg 1536w, https:\/\/blogs.uni-siegen.de\/architekturlehre1zu1\/files\/2021\/05\/P5220574-2048x1536.jpg 2048w, https:\/\/blogs.uni-siegen.de\/architekturlehre1zu1\/files\/2021\/05\/P5220574-1200x900.jpg 1200w, https:\/\/blogs.uni-siegen.de\/architekturlehre1zu1\/files\/2021\/05\/P5220574-1980x1485.jpg 1980w\" sizes=\"auto, (max-width: 1024px) 100vw, 1024px\" \/><\/a><\/figure><\/li><li class=\"blocks-gallery-item\"><figure><a href=\"https:\/\/blogs.uni-siegen.de\/architekturlehre1zu1\/files\/2021\/05\/P5230628-scaled.jpg\"><img loading=\"lazy\" decoding=\"async\" width=\"1024\" height=\"768\" src=\"https:\/\/blogs.uni-siegen.de\/architekturlehre1zu1\/files\/2021\/05\/P5230628-1024x768.jpg\" alt=\"\" data-id=\"1538\" data-full-url=\"https:\/\/blogs.uni-siegen.de\/architekturlehre1zu1\/files\/2021\/05\/P5230628-scaled.jpg\" data-link=\"https:\/\/blogs.uni-siegen.de\/architekturlehre1zu1\/2013\/05\/25\/valencia\/olympus-digital-camera-70\/\" class=\"wp-image-1538\" srcset=\"https:\/\/blogs.uni-siegen.de\/architekturlehre1zu1\/files\/2021\/05\/P5230628-1024x768.jpg 1024w, https:\/\/blogs.uni-siegen.de\/architekturlehre1zu1\/files\/2021\/05\/P5230628-300x225.jpg 300w, https:\/\/blogs.uni-siegen.de\/architekturlehre1zu1\/files\/2021\/05\/P5230628-768x576.jpg 768w, https:\/\/blogs.uni-siegen.de\/architekturlehre1zu1\/files\/2021\/05\/P5230628-1536x1152.jpg 1536w, https:\/\/blogs.uni-siegen.de\/architekturlehre1zu1\/files\/2021\/05\/P5230628-2048x1536.jpg 2048w, https:\/\/blogs.uni-siegen.de\/architekturlehre1zu1\/files\/2021\/05\/P5230628-1200x900.jpg 1200w, https:\/\/blogs.uni-siegen.de\/architekturlehre1zu1\/files\/2021\/05\/P5230628-1980x1485.jpg 1980w\" sizes=\"auto, (max-width: 1024px) 100vw, 1024px\" \/><\/a><\/figure><\/li><li class=\"blocks-gallery-item\"><figure><a href=\"https:\/\/blogs.uni-siegen.de\/architekturlehre1zu1\/files\/2021\/05\/P5230692-scaled.jpg\"><img loading=\"lazy\" decoding=\"async\" width=\"1024\" height=\"768\" src=\"https:\/\/blogs.uni-siegen.de\/architekturlehre1zu1\/files\/2021\/05\/P5230692-1024x768.jpg\" alt=\"\" data-id=\"1539\" data-full-url=\"https:\/\/blogs.uni-siegen.de\/architekturlehre1zu1\/files\/2021\/05\/P5230692-scaled.jpg\" data-link=\"https:\/\/blogs.uni-siegen.de\/architekturlehre1zu1\/2013\/05\/25\/valencia\/olympus-digital-camera-71\/\" class=\"wp-image-1539\" srcset=\"https:\/\/blogs.uni-siegen.de\/architekturlehre1zu1\/files\/2021\/05\/P5230692-1024x768.jpg 1024w, https:\/\/blogs.uni-siegen.de\/architekturlehre1zu1\/files\/2021\/05\/P5230692-300x225.jpg 300w, https:\/\/blogs.uni-siegen.de\/architekturlehre1zu1\/files\/2021\/05\/P5230692-768x576.jpg 768w, https:\/\/blogs.uni-siegen.de\/architekturlehre1zu1\/files\/2021\/05\/P5230692-1536x1152.jpg 1536w, https:\/\/blogs.uni-siegen.de\/architekturlehre1zu1\/files\/2021\/05\/P5230692-2048x1536.jpg 2048w, https:\/\/blogs.uni-siegen.de\/architekturlehre1zu1\/files\/2021\/05\/P5230692-1200x900.jpg 1200w, https:\/\/blogs.uni-siegen.de\/architekturlehre1zu1\/files\/2021\/05\/P5230692-1980x1485.jpg 1980w\" sizes=\"auto, (max-width: 1024px) 100vw, 1024px\" \/><\/a><\/figure><\/li><\/ul><\/figure>\n\n\n\n<p><\/p>\n","protected":false},"excerpt":{"rendered":"<p>Die Reise nach Valencia war eine Exkursion voller harmonierender Widerspr\u00fcchlichkeit und Gegens\u00e4tze. Denn das macht Valencia aus: Alt gegen Neu, Modern gegen Tradition, Gr\u00f6\u00dfe gegen \u201eKlein (aber fein)\u201c, Kultur gegen Fortschritt, Land gegen Stadt \u2026 Alle diese Eigenschaften haben wir in vollen Z\u00fcgen genossen.<\/p>\n","protected":false},"author":488,"featured_media":0,"comment_status":"closed","ping_status":"closed","sticky":false,"template":"","format":"standard","meta":{"footnotes":""},"categories":[57],"tags":[],"class_list":["post-919","post","type-post","status-publish","format-standard","hentry","category-allgemein"],"yoast_head":"<!-- This site is optimized with the Yoast SEO plugin v27.4 - https:\/\/yoast.com\/product\/yoast-seo-wordpress\/ -->\n<title>Valencia - Architekturlehre 1zu1<\/title>\n<meta name=\"robots\" content=\"index, follow, max-snippet:-1, max-image-preview:large, max-video-preview:-1\" \/>\n<link rel=\"canonical\" href=\"https:\/\/blogs.uni-siegen.de\/architekturlehre1zu1\/2013\/05\/25\/valencia\/\" \/>\n<meta property=\"og:locale\" content=\"de_DE\" \/>\n<meta property=\"og:type\" content=\"article\" \/>\n<meta property=\"og:title\" content=\"Valencia - Architekturlehre 1zu1\" \/>\n<meta property=\"og:description\" content=\"Die Reise nach Valencia war eine Exkursion voller harmonierender Widerspr\u00fcchlichkeit und Gegens\u00e4tze. Denn das macht Valencia aus: Alt gegen Neu, Modern gegen Tradition, Gr\u00f6\u00dfe gegen \u201eKlein (aber fein)\u201c, Kultur gegen Fortschritt, Land gegen Stadt \u2026 Alle diese Eigenschaften haben wir in vollen Z\u00fcgen genossen.\" \/>\n<meta property=\"og:url\" content=\"https:\/\/blogs.uni-siegen.de\/architekturlehre1zu1\/2013\/05\/25\/valencia\/\" \/>\n<meta property=\"og:site_name\" content=\"Architekturlehre 1zu1\" \/>\n<meta property=\"article:published_time\" content=\"2013-05-24T22:00:00+00:00\" \/>\n<meta property=\"article:modified_time\" content=\"2021-05-31T15:39:12+00:00\" \/>\n<meta property=\"og:image\" content=\"https:\/\/blogs.uni-siegen.de\/architekturlehre1zu1\/files\/2021\/04\/1-7.jpg\" \/>\n<meta name=\"author\" content=\"Julia Nikesch\" \/>\n<meta name=\"twitter:card\" content=\"summary_large_image\" \/>\n<meta name=\"twitter:label1\" content=\"Verfasst von\" \/>\n\t<meta name=\"twitter:data1\" content=\"Julia Nikesch\" \/>\n<script type=\"application\/ld+json\" class=\"yoast-schema-graph\">{\"@context\":\"https:\\\/\\\/schema.org\",\"@graph\":[{\"@type\":\"Article\",\"@id\":\"https:\\\/\\\/blogs.uni-siegen.de\\\/architekturlehre1zu1\\\/2013\\\/05\\\/25\\\/valencia\\\/#article\",\"isPartOf\":{\"@id\":\"https:\\\/\\\/blogs.uni-siegen.de\\\/architekturlehre1zu1\\\/2013\\\/05\\\/25\\\/valencia\\\/\"},\"author\":{\"name\":\"Julia Nikesch\",\"@id\":\"https:\\\/\\\/blogs.uni-siegen.de\\\/architekturlehre1zu1\\\/#\\\/schema\\\/person\\\/b9ea87272b3cf412226d043df2c4c702\"},\"headline\":\"Valencia\",\"datePublished\":\"2013-05-24T22:00:00+00:00\",\"dateModified\":\"2021-05-31T15:39:12+00:00\",\"mainEntityOfPage\":{\"@id\":\"https:\\\/\\\/blogs.uni-siegen.de\\\/architekturlehre1zu1\\\/2013\\\/05\\\/25\\\/valencia\\\/\"},\"wordCount\":48,\"publisher\":{\"@id\":\"https:\\\/\\\/blogs.uni-siegen.de\\\/architekturlehre1zu1\\\/#organization\"},\"image\":{\"@id\":\"https:\\\/\\\/blogs.uni-siegen.de\\\/architekturlehre1zu1\\\/2013\\\/05\\\/25\\\/valencia\\\/#primaryimage\"},\"thumbnailUrl\":\"https:\\\/\\\/blogs.uni-siegen.de\\\/architekturlehre1zu1\\\/files\\\/2021\\\/04\\\/1-7.jpg\",\"articleSection\":[\"Baukonstruktion\"],\"inLanguage\":\"de\"},{\"@type\":\"WebPage\",\"@id\":\"https:\\\/\\\/blogs.uni-siegen.de\\\/architekturlehre1zu1\\\/2013\\\/05\\\/25\\\/valencia\\\/\",\"url\":\"https:\\\/\\\/blogs.uni-siegen.de\\\/architekturlehre1zu1\\\/2013\\\/05\\\/25\\\/valencia\\\/\",\"name\":\"Valencia - Architekturlehre 1zu1\",\"isPartOf\":{\"@id\":\"https:\\\/\\\/blogs.uni-siegen.de\\\/architekturlehre1zu1\\\/#website\"},\"primaryImageOfPage\":{\"@id\":\"https:\\\/\\\/blogs.uni-siegen.de\\\/architekturlehre1zu1\\\/2013\\\/05\\\/25\\\/valencia\\\/#primaryimage\"},\"image\":{\"@id\":\"https:\\\/\\\/blogs.uni-siegen.de\\\/architekturlehre1zu1\\\/2013\\\/05\\\/25\\\/valencia\\\/#primaryimage\"},\"thumbnailUrl\":\"https:\\\/\\\/blogs.uni-siegen.de\\\/architekturlehre1zu1\\\/files\\\/2021\\\/04\\\/1-7.jpg\",\"datePublished\":\"2013-05-24T22:00:00+00:00\",\"dateModified\":\"2021-05-31T15:39:12+00:00\",\"breadcrumb\":{\"@id\":\"https:\\\/\\\/blogs.uni-siegen.de\\\/architekturlehre1zu1\\\/2013\\\/05\\\/25\\\/valencia\\\/#breadcrumb\"},\"inLanguage\":\"de\",\"potentialAction\":[{\"@type\":\"ReadAction\",\"target\":[\"https:\\\/\\\/blogs.uni-siegen.de\\\/architekturlehre1zu1\\\/2013\\\/05\\\/25\\\/valencia\\\/\"]}]},{\"@type\":\"ImageObject\",\"inLanguage\":\"de\",\"@id\":\"https:\\\/\\\/blogs.uni-siegen.de\\\/architekturlehre1zu1\\\/2013\\\/05\\\/25\\\/valencia\\\/#primaryimage\",\"url\":\"https:\\\/\\\/blogs.uni-siegen.de\\\/architekturlehre1zu1\\\/files\\\/2021\\\/04\\\/1-7.jpg\",\"contentUrl\":\"https:\\\/\\\/blogs.uni-siegen.de\\\/architekturlehre1zu1\\\/files\\\/2021\\\/04\\\/1-7.jpg\",\"width\":1024,\"height\":767,\"caption\":\"OLYMPUS DIGITAL CAMERA\"},{\"@type\":\"BreadcrumbList\",\"@id\":\"https:\\\/\\\/blogs.uni-siegen.de\\\/architekturlehre1zu1\\\/2013\\\/05\\\/25\\\/valencia\\\/#breadcrumb\",\"itemListElement\":[{\"@type\":\"ListItem\",\"position\":1,\"name\":\"Startseite\",\"item\":\"https:\\\/\\\/blogs.uni-siegen.de\\\/architekturlehre1zu1\\\/\"},{\"@type\":\"ListItem\",\"position\":2,\"name\":\"Valencia\"}]},{\"@type\":\"WebSite\",\"@id\":\"https:\\\/\\\/blogs.uni-siegen.de\\\/architekturlehre1zu1\\\/#website\",\"url\":\"https:\\\/\\\/blogs.uni-siegen.de\\\/architekturlehre1zu1\\\/\",\"name\":\"Architekturlehre 1zu1\",\"description\":\"\",\"publisher\":{\"@id\":\"https:\\\/\\\/blogs.uni-siegen.de\\\/architekturlehre1zu1\\\/#organization\"},\"potentialAction\":[{\"@type\":\"SearchAction\",\"target\":{\"@type\":\"EntryPoint\",\"urlTemplate\":\"https:\\\/\\\/blogs.uni-siegen.de\\\/architekturlehre1zu1\\\/?s={search_term_string}\"},\"query-input\":{\"@type\":\"PropertyValueSpecification\",\"valueRequired\":true,\"valueName\":\"search_term_string\"}}],\"inLanguage\":\"de\"},{\"@type\":\"Organization\",\"@id\":\"https:\\\/\\\/blogs.uni-siegen.de\\\/architekturlehre1zu1\\\/#organization\",\"name\":\"Architekturlehre 1zu1\",\"url\":\"https:\\\/\\\/blogs.uni-siegen.de\\\/architekturlehre1zu1\\\/\",\"logo\":{\"@type\":\"ImageObject\",\"inLanguage\":\"de\",\"@id\":\"https:\\\/\\\/blogs.uni-siegen.de\\\/architekturlehre1zu1\\\/#\\\/schema\\\/logo\\\/image\\\/\",\"url\":\"https:\\\/\\\/blogs.uni-siegen.de\\\/architekturlehre1zu1\\\/files\\\/2021\\\/03\\\/cropped-Logo_\u00dcberarbeitet-3.png\",\"contentUrl\":\"https:\\\/\\\/blogs.uni-siegen.de\\\/architekturlehre1zu1\\\/files\\\/2021\\\/03\\\/cropped-Logo_\u00dcberarbeitet-3.png\",\"width\":3475,\"height\":1232,\"caption\":\"Architekturlehre 1zu1\"},\"image\":{\"@id\":\"https:\\\/\\\/blogs.uni-siegen.de\\\/architekturlehre1zu1\\\/#\\\/schema\\\/logo\\\/image\\\/\"}},{\"@type\":\"Person\",\"@id\":\"https:\\\/\\\/blogs.uni-siegen.de\\\/architekturlehre1zu1\\\/#\\\/schema\\\/person\\\/b9ea87272b3cf412226d043df2c4c702\",\"name\":\"Julia Nikesch\",\"image\":{\"@type\":\"ImageObject\",\"inLanguage\":\"de\",\"@id\":\"https:\\\/\\\/secure.gravatar.com\\\/avatar\\\/97baf7dbae43089bab15c21d2497906940d29929af43d8ca3ef939cee6ee6e54?s=96&d=mm&r=g\",\"url\":\"https:\\\/\\\/secure.gravatar.com\\\/avatar\\\/97baf7dbae43089bab15c21d2497906940d29929af43d8ca3ef939cee6ee6e54?s=96&d=mm&r=g\",\"contentUrl\":\"https:\\\/\\\/secure.gravatar.com\\\/avatar\\\/97baf7dbae43089bab15c21d2497906940d29929af43d8ca3ef939cee6ee6e54?s=96&d=mm&r=g\",\"caption\":\"Julia Nikesch\"},\"url\":\"https:\\\/\\\/blogs.uni-siegen.de\\\/architekturlehre1zu1\\\/author\\\/g045560\\\/\"}]}<\/script>\n<!-- \/ Yoast SEO plugin. -->","yoast_head_json":{"title":"Valencia - Architekturlehre 1zu1","robots":{"index":"index","follow":"follow","max-snippet":"max-snippet:-1","max-image-preview":"max-image-preview:large","max-video-preview":"max-video-preview:-1"},"canonical":"https:\/\/blogs.uni-siegen.de\/architekturlehre1zu1\/2013\/05\/25\/valencia\/","og_locale":"de_DE","og_type":"article","og_title":"Valencia - Architekturlehre 1zu1","og_description":"Die Reise nach Valencia war eine Exkursion voller harmonierender Widerspr\u00fcchlichkeit und Gegens\u00e4tze. Denn das macht Valencia aus: Alt gegen Neu, Modern gegen Tradition, Gr\u00f6\u00dfe gegen \u201eKlein (aber fein)\u201c, Kultur gegen Fortschritt, Land gegen Stadt \u2026 Alle diese Eigenschaften haben wir in vollen Z\u00fcgen genossen.","og_url":"https:\/\/blogs.uni-siegen.de\/architekturlehre1zu1\/2013\/05\/25\/valencia\/","og_site_name":"Architekturlehre 1zu1","article_published_time":"2013-05-24T22:00:00+00:00","article_modified_time":"2021-05-31T15:39:12+00:00","og_image":[{"url":"https:\/\/blogs.uni-siegen.de\/architekturlehre1zu1\/files\/2021\/04\/1-7.jpg","type":"","width":"","height":""}],"author":"Julia Nikesch","twitter_card":"summary_large_image","twitter_misc":{"Verfasst von":"Julia Nikesch"},"schema":{"@context":"https:\/\/schema.org","@graph":[{"@type":"Article","@id":"https:\/\/blogs.uni-siegen.de\/architekturlehre1zu1\/2013\/05\/25\/valencia\/#article","isPartOf":{"@id":"https:\/\/blogs.uni-siegen.de\/architekturlehre1zu1\/2013\/05\/25\/valencia\/"},"author":{"name":"Julia Nikesch","@id":"https:\/\/blogs.uni-siegen.de\/architekturlehre1zu1\/#\/schema\/person\/b9ea87272b3cf412226d043df2c4c702"},"headline":"Valencia","datePublished":"2013-05-24T22:00:00+00:00","dateModified":"2021-05-31T15:39:12+00:00","mainEntityOfPage":{"@id":"https:\/\/blogs.uni-siegen.de\/architekturlehre1zu1\/2013\/05\/25\/valencia\/"},"wordCount":48,"publisher":{"@id":"https:\/\/blogs.uni-siegen.de\/architekturlehre1zu1\/#organization"},"image":{"@id":"https:\/\/blogs.uni-siegen.de\/architekturlehre1zu1\/2013\/05\/25\/valencia\/#primaryimage"},"thumbnailUrl":"https:\/\/blogs.uni-siegen.de\/architekturlehre1zu1\/files\/2021\/04\/1-7.jpg","articleSection":["Baukonstruktion"],"inLanguage":"de"},{"@type":"WebPage","@id":"https:\/\/blogs.uni-siegen.de\/architekturlehre1zu1\/2013\/05\/25\/valencia\/","url":"https:\/\/blogs.uni-siegen.de\/architekturlehre1zu1\/2013\/05\/25\/valencia\/","name":"Valencia - Architekturlehre 1zu1","isPartOf":{"@id":"https:\/\/blogs.uni-siegen.de\/architekturlehre1zu1\/#website"},"primaryImageOfPage":{"@id":"https:\/\/blogs.uni-siegen.de\/architekturlehre1zu1\/2013\/05\/25\/valencia\/#primaryimage"},"image":{"@id":"https:\/\/blogs.uni-siegen.de\/architekturlehre1zu1\/2013\/05\/25\/valencia\/#primaryimage"},"thumbnailUrl":"https:\/\/blogs.uni-siegen.de\/architekturlehre1zu1\/files\/2021\/04\/1-7.jpg","datePublished":"2013-05-24T22:00:00+00:00","dateModified":"2021-05-31T15:39:12+00:00","breadcrumb":{"@id":"https:\/\/blogs.uni-siegen.de\/architekturlehre1zu1\/2013\/05\/25\/valencia\/#breadcrumb"},"inLanguage":"de","potentialAction":[{"@type":"ReadAction","target":["https:\/\/blogs.uni-siegen.de\/architekturlehre1zu1\/2013\/05\/25\/valencia\/"]}]},{"@type":"ImageObject","inLanguage":"de","@id":"https:\/\/blogs.uni-siegen.de\/architekturlehre1zu1\/2013\/05\/25\/valencia\/#primaryimage","url":"https:\/\/blogs.uni-siegen.de\/architekturlehre1zu1\/files\/2021\/04\/1-7.jpg","contentUrl":"https:\/\/blogs.uni-siegen.de\/architekturlehre1zu1\/files\/2021\/04\/1-7.jpg","width":1024,"height":767,"caption":"OLYMPUS DIGITAL CAMERA"},{"@type":"BreadcrumbList","@id":"https:\/\/blogs.uni-siegen.de\/architekturlehre1zu1\/2013\/05\/25\/valencia\/#breadcrumb","itemListElement":[{"@type":"ListItem","position":1,"name":"Startseite","item":"https:\/\/blogs.uni-siegen.de\/architekturlehre1zu1\/"},{"@type":"ListItem","position":2,"name":"Valencia"}]},{"@type":"WebSite","@id":"https:\/\/blogs.uni-siegen.de\/architekturlehre1zu1\/#website","url":"https:\/\/blogs.uni-siegen.de\/architekturlehre1zu1\/","name":"Architekturlehre 1zu1","description":"","publisher":{"@id":"https:\/\/blogs.uni-siegen.de\/architekturlehre1zu1\/#organization"},"potentialAction":[{"@type":"SearchAction","target":{"@type":"EntryPoint","urlTemplate":"https:\/\/blogs.uni-siegen.de\/architekturlehre1zu1\/?s={search_term_string}"},"query-input":{"@type":"PropertyValueSpecification","valueRequired":true,"valueName":"search_term_string"}}],"inLanguage":"de"},{"@type":"Organization","@id":"https:\/\/blogs.uni-siegen.de\/architekturlehre1zu1\/#organization","name":"Architekturlehre 1zu1","url":"https:\/\/blogs.uni-siegen.de\/architekturlehre1zu1\/","logo":{"@type":"ImageObject","inLanguage":"de","@id":"https:\/\/blogs.uni-siegen.de\/architekturlehre1zu1\/#\/schema\/logo\/image\/","url":"https:\/\/blogs.uni-siegen.de\/architekturlehre1zu1\/files\/2021\/03\/cropped-Logo_\u00dcberarbeitet-3.png","contentUrl":"https:\/\/blogs.uni-siegen.de\/architekturlehre1zu1\/files\/2021\/03\/cropped-Logo_\u00dcberarbeitet-3.png","width":3475,"height":1232,"caption":"Architekturlehre 1zu1"},"image":{"@id":"https:\/\/blogs.uni-siegen.de\/architekturlehre1zu1\/#\/schema\/logo\/image\/"}},{"@type":"Person","@id":"https:\/\/blogs.uni-siegen.de\/architekturlehre1zu1\/#\/schema\/person\/b9ea87272b3cf412226d043df2c4c702","name":"Julia Nikesch","image":{"@type":"ImageObject","inLanguage":"de","@id":"https:\/\/secure.gravatar.com\/avatar\/97baf7dbae43089bab15c21d2497906940d29929af43d8ca3ef939cee6ee6e54?s=96&d=mm&r=g","url":"https:\/\/secure.gravatar.com\/avatar\/97baf7dbae43089bab15c21d2497906940d29929af43d8ca3ef939cee6ee6e54?s=96&d=mm&r=g","contentUrl":"https:\/\/secure.gravatar.com\/avatar\/97baf7dbae43089bab15c21d2497906940d29929af43d8ca3ef939cee6ee6e54?s=96&d=mm&r=g","caption":"Julia Nikesch"},"url":"https:\/\/blogs.uni-siegen.de\/architekturlehre1zu1\/author\/g045560\/"}]}},"_links":{"self":[{"href":"https:\/\/blogs.uni-siegen.de\/architekturlehre1zu1\/wp-json\/wp\/v2\/posts\/919","targetHints":{"allow":["GET"]}}],"collection":[{"href":"https:\/\/blogs.uni-siegen.de\/architekturlehre1zu1\/wp-json\/wp\/v2\/posts"}],"about":[{"href":"https:\/\/blogs.uni-siegen.de\/architekturlehre1zu1\/wp-json\/wp\/v2\/types\/post"}],"author":[{"embeddable":true,"href":"https:\/\/blogs.uni-siegen.de\/architekturlehre1zu1\/wp-json\/wp\/v2\/users\/488"}],"replies":[{"embeddable":true,"href":"https:\/\/blogs.uni-siegen.de\/architekturlehre1zu1\/wp-json\/wp\/v2\/comments?post=919"}],"version-history":[{"count":6,"href":"https:\/\/blogs.uni-siegen.de\/architekturlehre1zu1\/wp-json\/wp\/v2\/posts\/919\/revisions"}],"predecessor-version":[{"id":1519,"href":"https:\/\/blogs.uni-siegen.de\/architekturlehre1zu1\/wp-json\/wp\/v2\/posts\/919\/revisions\/1519"}],"wp:attachment":[{"href":"https:\/\/blogs.uni-siegen.de\/architekturlehre1zu1\/wp-json\/wp\/v2\/media?parent=919"}],"wp:term":[{"taxonomy":"category","embeddable":true,"href":"https:\/\/blogs.uni-siegen.de\/architekturlehre1zu1\/wp-json\/wp\/v2\/categories?post=919"},{"taxonomy":"post_tag","embeddable":true,"href":"https:\/\/blogs.uni-siegen.de\/architekturlehre1zu1\/wp-json\/wp\/v2\/tags?post=919"}],"curies":[{"name":"wp","href":"https:\/\/api.w.org\/{rel}","templated":true}]}}