{"id":3426,"date":"2025-09-24T16:08:13","date_gmt":"2025-09-24T14:08:13","guid":{"rendered":"https:\/\/blogs.uni-siegen.de\/fit-in-siegen\/2025\/09\/24\/24-11-08-12-deutscher-selbstlernkurs-veranderungskompetenz-mit-wandel-kompetent-umgehen\/"},"modified":"2025-09-24T16:08:13","modified_gmt":"2025-09-24T14:08:13","slug":"24-11-08-12-deutscher-selbstlernkurs-veranderungskompetenz-mit-wandel-kompetent-umgehen","status":"publish","type":"post","link":"https:\/\/blogs.uni-siegen.de\/fit-in-siegen\/de\/2025\/09\/24\/24-11-08-12-deutscher-selbstlernkurs-veranderungskompetenz-mit-wandel-kompetent-umgehen\/","title":{"rendered":"Recap: 24.11.-08.12. Deutscher Selbstlernkurs Ver\u00e4nderungskompetenz \u2013 Mit Wandel kompetent umgehen"},"content":{"rendered":"<p data-start=\"84\" data-end=\"243\">\ud83d\udcc5 Datum: 24. November \u2013 08. Dezember 2025 (Selbstlernphase)<\/p>\n<p data-start=\"122\" data-end=\"326\">Vom 24.11.-08.12.2025 hatten Teilnehmende die M\u00f6glichkeit am Selbstlernkurs Ver\u00e4nderungskompetenz teilzunehmen, der darauf ausgerichtet war, ihnen praxisnahes Wissen zu vermitteln und eigenst\u00e4ndiges, flexibles Lernen zu erm\u00f6glichen.<\/p>\n<p data-start=\"328\" data-end=\"649\">Durch eine Kombination aus strukturierten Lernmodulen, praktischen \u00dcbungen und Reflexionsaufgaben konnten die Teilnehmenden die Inhalte in ihrem eigenen Tempo erarbeiten und direkt anwenden. Dabei lag der Fokus nicht nur auf der Wissensvermittlung, sondern auch auf der nachhaltigen Entwicklung individueller Kompetenzen.<\/p>\n<p data-start=\"651\" data-end=\"687\"><strong data-start=\"651\" data-end=\"687\">Highlights des Selbstlernkurses:<\/strong><\/p>\n<p data-start=\"689\" data-end=\"744\">\u2705 Flexibles, ortsunabh\u00e4ngiges Lernen im eigenen Tempo<\/p>\n<p data-start=\"746\" data-end=\"811\">\u2705 Praxisorientierte Aufgaben zur direkten Anwendung der Inhalte<\/p>\n<p data-start=\"813\" data-end=\"882\">\u2705 F\u00f6rderung von Selbstorganisation und eigenverantwortlichem Lernen<\/p>\n<p data-start=\"884\" data-end=\"959\">\u2705 M\u00f6glichkeit zur individuellen Reflexion und Vertiefung zentraler Themen<\/p>\n<p data-start=\"961\" data-end=\"1036\">\u2705 Nachhaltiger Kompetenzaufbau durch eigenst\u00e4ndige Bearbeitung der Module<\/p>\n<p data-start=\"1038\" data-end=\"1168\">Die Teilnehmenden konnten wertvolle Erfahrungen im selbstgesteuerten Lernen sammeln und ihre F\u00e4higkeiten gezielt weiterentwickeln.<br \/>\nDer Kurs wurde vom Career Service f\u00fcr das FIT Projekt durchgef\u00fchrt.<\/p>\n<p data-start=\"1170\" data-end=\"1182\"><strong data-start=\"1170\" data-end=\"1182\">Ausblick<\/strong><\/p>\n<p data-start=\"1184\" data-end=\"1384\">Auch im <strong data-start=\"1192\" data-end=\"1215\">Sommersemester 2026<\/strong> wird es wieder die M\u00f6glichkeit geben, an einem Selbstlernkurs teilzunehmen. Weitere Informationen zu Inhalten, Ablauf und Anmeldung folgen in K\u00fcrze auf unserer Website.<\/p>\n<p>Schaut euch auch die weiteren Angebote des Career Service <a href=\"https:\/\/career.uni-siegen.de\/\">hier<\/a> an.<\/p>\n","protected":false},"excerpt":{"rendered":"<p>\ud83d\udcc5 Datum: 24. November \u2013 08. Dezember 2025 (Selbstlernphase) Vom 24.11.-08.12.2025 hatten Teilnehmende die M\u00f6glichkeit am Selbstlernkurs Ver\u00e4nderungskompetenz teilzunehmen, der darauf ausgerichtet war, ihnen praxisnahes Wissen zu vermitteln und eigenst\u00e4ndiges, flexibles Lernen zu erm\u00f6glichen. Durch eine Kombination aus strukturierten Lernmodulen, praktischen \u00dcbungen und Reflexionsaufgaben konnten die Teilnehmenden die Inhalte in ihrem eigenen Tempo erarbeiten und &hellip; <\/p>\n<p class=\"link-more\"><a href=\"https:\/\/blogs.uni-siegen.de\/fit-in-siegen\/de\/2025\/09\/24\/24-11-08-12-deutscher-selbstlernkurs-veranderungskompetenz-mit-wandel-kompetent-umgehen\/\" class=\"more-link\"><span class=\"screen-reader-text\">\u201eRecap: 24.11.-08.12. Deutscher Selbstlernkurs Ver\u00e4nderungskompetenz \u2013 Mit Wandel kompetent umgehen\u201c <\/span>weiterlesen<\/a><\/p>\n","protected":false},"author":659,"featured_media":3413,"comment_status":"closed","ping_status":"open","sticky":false,"template":"","format":"standard","meta":{"footnotes":""},"categories":[91],"tags":[],"class_list":["post-3426","post","type-post","status-publish","format-standard","has-post-thumbnail","hentry","category-november2025"],"_links":{"self":[{"href":"https:\/\/blogs.uni-siegen.de\/fit-in-siegen\/de\/wp-json\/wp\/v2\/posts\/3426","targetHints":{"allow":["GET"]}}],"collection":[{"href":"https:\/\/blogs.uni-siegen.de\/fit-in-siegen\/de\/wp-json\/wp\/v2\/posts"}],"about":[{"href":"https:\/\/blogs.uni-siegen.de\/fit-in-siegen\/de\/wp-json\/wp\/v2\/types\/post"}],"author":[{"embeddable":true,"href":"https:\/\/blogs.uni-siegen.de\/fit-in-siegen\/de\/wp-json\/wp\/v2\/users\/659"}],"replies":[{"embeddable":true,"href":"https:\/\/blogs.uni-siegen.de\/fit-in-siegen\/de\/wp-json\/wp\/v2\/comments?post=3426"}],"version-history":[{"count":0,"href":"https:\/\/blogs.uni-siegen.de\/fit-in-siegen\/de\/wp-json\/wp\/v2\/posts\/3426\/revisions"}],"wp:featuredmedia":[{"embeddable":true,"href":"https:\/\/blogs.uni-siegen.de\/fit-in-siegen\/de\/wp-json\/wp\/v2\/media\/3413"}],"wp:attachment":[{"href":"https:\/\/blogs.uni-siegen.de\/fit-in-siegen\/de\/wp-json\/wp\/v2\/media?parent=3426"}],"wp:term":[{"taxonomy":"category","embeddable":true,"href":"https:\/\/blogs.uni-siegen.de\/fit-in-siegen\/de\/wp-json\/wp\/v2\/categories?post=3426"},{"taxonomy":"post_tag","embeddable":true,"href":"https:\/\/blogs.uni-siegen.de\/fit-in-siegen\/de\/wp-json\/wp\/v2\/tags?post=3426"}],"curies":[{"name":"wp","href":"https:\/\/api.w.org\/{rel}","templated":true}]}}