{"id":3484,"date":"2025-04-10T13:28:19","date_gmt":"2025-04-10T11:28:19","guid":{"rendered":"https:\/\/blogs.uni-siegen.de\/fit-in-siegen\/2025\/04\/10\/recommendation-ab-juni-studententag-bei-viega-karriere-hautnah-erleben\/"},"modified":"2025-04-10T13:28:19","modified_gmt":"2025-04-10T11:28:19","slug":"recommendation-ab-juni-studententag-bei-viega-karriere-hautnah-erleben","status":"publish","type":"post","link":"https:\/\/blogs.uni-siegen.de\/fit-in-siegen\/de\/2025\/04\/10\/recommendation-ab-juni-studententag-bei-viega-karriere-hautnah-erleben\/","title":{"rendered":"Recommendation: ab Juni: Studententag bei Viega \u2013 Karriere hautnah erleben!"},"content":{"rendered":"<p class=\"\" data-start=\"144\" data-end=\"478\">\ud83d\udd0d <strong data-start=\"147\" data-end=\"253\">Du suchst spannende Karrierechancen, wertvolle Kontakte und echte Einblicke in die Unternehmenspraxis?<\/strong><br data-start=\"253\" data-end=\"256\" \/>Dann sei dabei und lerne Viega als Arbeitgeber kennen! Beim Studententag erwarten Dich interessante Fachvortr\u00e4ge, eine exklusive F\u00fchrung durch die Viega World und das Werk Ennest sowie viele M\u00f6glichkeiten zum Netzwerken.<\/p>\n<p class=\"\" data-start=\"480\" data-end=\"779\">\ud83d\udca1 <strong data-start=\"483\" data-end=\"521\">Das erwartet Dich am Studententag:<\/strong><br data-start=\"521\" data-end=\"524\" \/>\u2705 Vorstellung von Viega als Arbeitgeber<br data-start=\"563\" data-end=\"566\" \/>\u2705 Fachvortr\u00e4ge aus unterschiedlichen Unternehmensbereichen<br data-start=\"624\" data-end=\"627\" \/>\u2705 F\u00fchrung durch die <strong data-start=\"647\" data-end=\"662\">Viega World<\/strong> und unser Werk in <strong data-start=\"681\" data-end=\"691\">Ennest<\/strong><br data-start=\"691\" data-end=\"694\" \/>\u2705 Pers\u00f6nliche Gespr\u00e4che mit unseren Recruiter*innen<br data-start=\"745\" data-end=\"748\" \/>\u2705 Snacks &amp; Getr\u00e4nke inklusive<\/p>\n<p class=\"\" data-start=\"781\" data-end=\"935\">\ud83d\ude80 <strong data-start=\"784\" data-end=\"827\">Deine Einstiegsm\u00f6glichkeiten bei Viega (Achtung: Deutschkenntnisse auf C1-Niveau notwendig):<\/strong><br data-start=\"827\" data-end=\"830\" \/>\ud83c\udfaf Direkteinstieg<br data-start=\"847\" data-end=\"850\" \/>\ud83d\udd01 Traineeprogramm<br data-start=\"868\" data-end=\"871\" \/>\ud83d\udcda Abschlussarbeit<br data-start=\"889\" data-end=\"892\" \/>\ud83d\udee0\ufe0f Werkstudentent\u00e4tigkeit<br data-start=\"918\" data-end=\"921\" \/>\ud83c\udf93 Praktikum<\/p>\n<p class=\"\" data-start=\"937\" data-end=\"968\">\ud83d\udcc6 <strong data-start=\"940\" data-end=\"966\">Veranstaltungstermine:<\/strong><\/p>\n<ul data-start=\"969\" data-end=\"1105\">\n<li class=\"\" data-start=\"969\" data-end=\"1000\">\n<p class=\"\" data-start=\"971\" data-end=\"1000\">Mittwoch, <strong data-start=\"981\" data-end=\"998\">18. Juni 2025<\/strong><\/p>\n<\/li>\n<li class=\"\" data-start=\"1001\" data-end=\"1032\">\n<p class=\"\" data-start=\"1003\" data-end=\"1032\">Montag, <strong data-start=\"1011\" data-end=\"1030\">05. August 2025<\/strong><\/p>\n<\/li>\n<li class=\"\" data-start=\"1033\" data-end=\"1105\">\n<p class=\"\" data-start=\"1035\" data-end=\"1105\">Montag, <strong data-start=\"1043\" data-end=\"1064\">03. November 2025<\/strong><br data-start=\"1064\" data-end=\"1067\" \/>\ud83d\udd58 jeweils von <strong data-start=\"1082\" data-end=\"1105\">09:00 bis 16:00 Uhr<\/strong><\/p>\n<\/li>\n<\/ul>\n<p class=\"\" data-start=\"1107\" data-end=\"1176\">\ud83d\udccc <strong data-start=\"1110\" data-end=\"1129\">Anmeldeschluss:<\/strong> jeweils <strong data-start=\"1138\" data-end=\"1176\">3 Wochen vor dem jeweiligen Termin<\/strong><\/p>\n<p class=\"\" data-start=\"1178\" data-end=\"1237\">\u27a1\ufe0f F\u00fcr mehr Information und zur Anmeldung jetzt <a href=\"https:\/\/www.viega.de\/de\/unternehmen\/karriere\/studierende\/Studententag.html\"><strong>hier klicken<\/strong><\/a><\/p>\n","protected":false},"excerpt":{"rendered":"<p>\ud83d\udd0d Du suchst spannende Karrierechancen, wertvolle Kontakte und echte Einblicke in die Unternehmenspraxis?Dann sei dabei und lerne Viega als Arbeitgeber kennen! Beim Studententag erwarten Dich interessante Fachvortr\u00e4ge, eine exklusive F\u00fchrung durch die Viega World und das Werk Ennest sowie viele M\u00f6glichkeiten zum Netzwerken. \ud83d\udca1 Das erwartet Dich am Studententag:\u2705 Vorstellung von Viega als Arbeitgeber\u2705 Fachvortr\u00e4ge &hellip; <\/p>\n<p class=\"link-more\"><a href=\"https:\/\/blogs.uni-siegen.de\/fit-in-siegen\/de\/2025\/04\/10\/recommendation-ab-juni-studententag-bei-viega-karriere-hautnah-erleben\/\" class=\"more-link\"><span class=\"screen-reader-text\">\u201eRecommendation: ab Juni: Studententag bei Viega \u2013 Karriere hautnah erleben!\u201c <\/span>weiterlesen<\/a><\/p>\n","protected":false},"author":631,"featured_media":1691,"comment_status":"closed","ping_status":"open","sticky":false,"template":"","format":"standard","meta":{"footnotes":""},"categories":[103],"tags":[],"class_list":["post-3484","post","type-post","status-publish","format-standard","has-post-thumbnail","hentry","category-career-networking"],"_links":{"self":[{"href":"https:\/\/blogs.uni-siegen.de\/fit-in-siegen\/de\/wp-json\/wp\/v2\/posts\/3484","targetHints":{"allow":["GET"]}}],"collection":[{"href":"https:\/\/blogs.uni-siegen.de\/fit-in-siegen\/de\/wp-json\/wp\/v2\/posts"}],"about":[{"href":"https:\/\/blogs.uni-siegen.de\/fit-in-siegen\/de\/wp-json\/wp\/v2\/types\/post"}],"author":[{"embeddable":true,"href":"https:\/\/blogs.uni-siegen.de\/fit-in-siegen\/de\/wp-json\/wp\/v2\/users\/631"}],"replies":[{"embeddable":true,"href":"https:\/\/blogs.uni-siegen.de\/fit-in-siegen\/de\/wp-json\/wp\/v2\/comments?post=3484"}],"version-history":[{"count":0,"href":"https:\/\/blogs.uni-siegen.de\/fit-in-siegen\/de\/wp-json\/wp\/v2\/posts\/3484\/revisions"}],"wp:featuredmedia":[{"embeddable":true,"href":"https:\/\/blogs.uni-siegen.de\/fit-in-siegen\/de\/wp-json\/wp\/v2\/media\/1691"}],"wp:attachment":[{"href":"https:\/\/blogs.uni-siegen.de\/fit-in-siegen\/de\/wp-json\/wp\/v2\/media?parent=3484"}],"wp:term":[{"taxonomy":"category","embeddable":true,"href":"https:\/\/blogs.uni-siegen.de\/fit-in-siegen\/de\/wp-json\/wp\/v2\/categories?post=3484"},{"taxonomy":"post_tag","embeddable":true,"href":"https:\/\/blogs.uni-siegen.de\/fit-in-siegen\/de\/wp-json\/wp\/v2\/tags?post=3484"}],"curies":[{"name":"wp","href":"https:\/\/api.w.org\/{rel}","templated":true}]}}