{"id":2917,"date":"2026-03-26T10:35:20","date_gmt":"2026-03-26T09:35:20","guid":{"rendered":"https:\/\/blogs.uni-siegen.de\/fit-in-siegen\/?p=2917"},"modified":"2026-04-27T11:59:10","modified_gmt":"2026-04-27T09:59:10","slug":"08-05-26-starken-sichtbar-machen-scharfe-dein-bewerberprofil-fur-den-arbeitsmarkt-fit-soft-skills-employability","status":"publish","type":"post","link":"https:\/\/blogs.uni-siegen.de\/fit-in-siegen\/2026\/03\/26\/08-05-26-starken-sichtbar-machen-scharfe-dein-bewerberprofil-fur-den-arbeitsmarkt-fit-soft-skills-employability\/","title":{"rendered":"08.05.26 | St\u00e4rken sichtbar machen &#8211; Sch\u00e4rfe Dein Bewerberprofil f\u00fcr den Arbeitsmarkt | FIT: Soft Skills &amp; Employability"},"content":{"rendered":"<p>\ud83d\udcc5 <strong data-start=\"63\" data-end=\"73\">Datum:<\/strong> Fr., 08.05.2026<br data-start=\"89\" data-end=\"92\" \/>\ud83d\udd50 <strong data-start=\"95\" data-end=\"107\">Uhrzeit:<\/strong> 10:00\u201316:00 Uhr<br data-start=\"123\" data-end=\"126\" \/>\ud83d\udccd <strong data-start=\"129\" data-end=\"137\">Ort:<\/strong> tba<\/p>\n<p data-start=\"150\" data-end=\"327\"><strong>Du suchst aktuell einen Job, arbeitest an deinen Bewerbungsunterlagen oder bereitest dich auf ein Vorstellungsgespr\u00e4ch vor? Dann ist dieser Workshop genau das Richtige f\u00fcr dich.<\/strong><\/p>\n<ul data-start=\"329\" data-end=\"494\">\n<li data-section-id=\"1iiazo0\" data-start=\"329\" data-end=\"405\">Erkenne und formuliere deine St\u00e4rken im Hinblick auf konkrete Jobprofile<\/li>\n<li data-section-id=\"b0yv6k\" data-start=\"406\" data-end=\"494\">Optimiere deine Bewerbungsstrategie und gewinne mehr Orientierung f\u00fcr deine Karriere<\/li>\n<\/ul>\n<p data-start=\"496\" data-end=\"592\">\ud83d\udc49 Weitere Informationen sowie den Anmeldelink findest du <a href=\"https:\/\/career.uni-siegen.de\/staerken-sichtbar-machen-schaerfe-dein-bewerberprofil-fuer-den-arbeitsmarkt\/\">hier<\/a> auf der Seite des Career Service.<\/p>\n<p data-start=\"594\" data-end=\"747\"><strong data-start=\"594\" data-end=\"606\">Hinweis:<\/strong> Dieser Kurs findet auf Deutsch statt, Deutschkenntnisse auf B2-Niveau werden vorausgesetzt. Den englischsprachigen Workshop findest du <a href=\"https:\/\/en.career.uni-siegen.de\/make-your-strengths-visible-your-job-profile-as-key-to-the-job-market\/\">hier<\/a>.<\/p>\n<p data-start=\"754\" data-end=\"1047\">Dieser Workshop wird vom Career Service im Rahmen des FIT-Programms <em data-start=\"822\" data-end=\"870\">\u201ecareer competence Awareness Workshops (c2AW)\u201d<\/em> angeboten. Die c2AW-Reihe leistet einen wichtigen Beitrag zur Verkn\u00fcpfung pers\u00f6nlicher Kompetenzprofile von Studierenden mit arbeitsmarktbezogenen Anforderungen in Deutschland.<\/p>\n<p data-start=\"1049\" data-end=\"1182\" data-is-last-node=\"\" data-is-only-node=\"\">Diese Veranstaltung wird mit <strong data-start=\"1078\" data-end=\"1091\">3 Punkten<\/strong> in der Kategorie <em data-start=\"1109\" data-end=\"1142\">\u201eSoft Skills und Employability\u201c<\/em> f\u00fcr den <a href=\"https:\/\/blogs.uni-siegen.de\/fit-in-siegen\/willkommen\/the-employabilty-pass\/\">Employability Pass<\/a> angerechnet.<\/p>\n<p data-start=\"1049\" data-end=\"1182\" data-is-last-node=\"\" data-is-only-node=\"\">Featured Image von Skylar Kang auf Pexels.<\/p>\n","protected":false},"excerpt":{"rendered":"<p>\ud83d\udcc5 Datum: Fr., 08.05.2026\ud83d\udd50 Uhrzeit: 10:00\u201316:00 Uhr\ud83d\udccd Ort: tba Du suchst aktuell einen Job, arbeitest an deinen Bewerbungsunterlagen oder bereitest dich auf ein Vorstellungsgespr\u00e4ch vor? Dann ist dieser Workshop genau das Richtige f\u00fcr dich. Erkenne und formuliere deine St\u00e4rken im Hinblick auf konkrete Jobprofile Optimiere deine Bewerbungsstrategie und gewinne mehr Orientierung f\u00fcr deine Karriere \ud83d\udc49 &hellip; <\/p>\n<p class=\"link-more\"><a href=\"https:\/\/blogs.uni-siegen.de\/fit-in-siegen\/2026\/03\/26\/08-05-26-starken-sichtbar-machen-scharfe-dein-bewerberprofil-fur-den-arbeitsmarkt-fit-soft-skills-employability\/\" class=\"more-link\">Continue reading<span class=\"screen-reader-text\"> &#8220;08.05.26 | St\u00e4rken sichtbar machen &#8211; Sch\u00e4rfe Dein Bewerberprofil f\u00fcr den Arbeitsmarkt | FIT: Soft Skills &amp; Employability&#8221;<\/span><\/a><\/p>\n","protected":false},"author":659,"featured_media":2914,"comment_status":"closed","ping_status":"open","sticky":false,"template":"","format":"standard","meta":{"footnotes":""},"categories":[53,41],"tags":[],"class_list":["post-2917","post","type-post","status-publish","format-standard","has-post-thumbnail","hentry","category-c2aw","category-soft-skills-employability_"],"_links":{"self":[{"href":"https:\/\/blogs.uni-siegen.de\/fit-in-siegen\/wp-json\/wp\/v2\/posts\/2917","targetHints":{"allow":["GET"]}}],"collection":[{"href":"https:\/\/blogs.uni-siegen.de\/fit-in-siegen\/wp-json\/wp\/v2\/posts"}],"about":[{"href":"https:\/\/blogs.uni-siegen.de\/fit-in-siegen\/wp-json\/wp\/v2\/types\/post"}],"author":[{"embeddable":true,"href":"https:\/\/blogs.uni-siegen.de\/fit-in-siegen\/wp-json\/wp\/v2\/users\/659"}],"replies":[{"embeddable":true,"href":"https:\/\/blogs.uni-siegen.de\/fit-in-siegen\/wp-json\/wp\/v2\/comments?post=2917"}],"version-history":[{"count":4,"href":"https:\/\/blogs.uni-siegen.de\/fit-in-siegen\/wp-json\/wp\/v2\/posts\/2917\/revisions"}],"predecessor-version":[{"id":2934,"href":"https:\/\/blogs.uni-siegen.de\/fit-in-siegen\/wp-json\/wp\/v2\/posts\/2917\/revisions\/2934"}],"wp:featuredmedia":[{"embeddable":true,"href":"https:\/\/blogs.uni-siegen.de\/fit-in-siegen\/wp-json\/wp\/v2\/media\/2914"}],"wp:attachment":[{"href":"https:\/\/blogs.uni-siegen.de\/fit-in-siegen\/wp-json\/wp\/v2\/media?parent=2917"}],"wp:term":[{"taxonomy":"category","embeddable":true,"href":"https:\/\/blogs.uni-siegen.de\/fit-in-siegen\/wp-json\/wp\/v2\/categories?post=2917"},{"taxonomy":"post_tag","embeddable":true,"href":"https:\/\/blogs.uni-siegen.de\/fit-in-siegen\/wp-json\/wp\/v2\/tags?post=2917"}],"curies":[{"name":"wp","href":"https:\/\/api.w.org\/{rel}","templated":true}]}}