{"id":807,"date":"2023-02-28T20:59:22","date_gmt":"2023-02-28T19:59:22","guid":{"rendered":"https:\/\/blogs.uni-siegen.de\/gde\/?p=807"},"modified":"2023-02-28T22:28:04","modified_gmt":"2023-02-28T21:28:04","slug":"semesteruebung-wise-2022-23-gde-1-semester-2","status":"publish","type":"post","link":"https:\/\/blogs.uni-siegen.de\/gde\/2023\/02\/28\/semesteruebung-wise-2022-23-gde-1-semester-2\/","title":{"rendered":"Semester\u00fcbung WiSe 2022\/23 GdE 1. Semester"},"content":{"rendered":"<h2><i>(M)ein (T)raumhaus<\/i><\/h2>\n<p>Entwurf:\u00a0Merle Weth<\/p>\n<p>&nbsp;<\/p>\n<p><img loading=\"lazy\" decoding=\"async\" class=\"alignnone wp-image-855 size-full\" style=\"font-size: 1rem\" src=\"http:\/\/blogs.uni-siegen.de\/gde\/files\/2023\/02\/Bildschirm\u00adfoto-2023-02-28-um-22.18.28.png\" alt=\"\" width=\"1914\" height=\"1316\" srcset=\"https:\/\/blogs.uni-siegen.de\/gde\/files\/2023\/02\/Bildschirm\u00adfoto-2023-02-28-um-22.18.28.png 1914w, https:\/\/blogs.uni-siegen.de\/gde\/files\/2023\/02\/Bildschirm\u00adfoto-2023-02-28-um-22.18.28-300x206.png 300w, https:\/\/blogs.uni-siegen.de\/gde\/files\/2023\/02\/Bildschirm\u00adfoto-2023-02-28-um-22.18.28-1024x704.png 1024w, https:\/\/blogs.uni-siegen.de\/gde\/files\/2023\/02\/Bildschirm\u00adfoto-2023-02-28-um-22.18.28-768x528.png 768w, https:\/\/blogs.uni-siegen.de\/gde\/files\/2023\/02\/Bildschirm\u00adfoto-2023-02-28-um-22.18.28-1536x1056.png 1536w\" sizes=\"auto, (max-width: 706px) 89vw, (max-width: 767px) 82vw, 740px\" \/><\/p>\n<p><span style=\"font-size: 1rem\">In dem Entwurf wird das Thema B\u00fccherei fokussiert. Die Fassade dient nicht nur der \u00e4u\u00dferen Form und Gestaltung, sondern auch den inneren Funktionen. Einerseits bildet die auff\u00e4llige Struktur im Inneren Sitzbereiche, anderseits Stellfl\u00e4che f\u00fcr den thematischen Schwerpunkt B\u00fccher.<\/span><\/p>\n<p>&nbsp;<\/p>\n<p><img loading=\"lazy\" decoding=\"async\" class=\"alignnone wp-image-854 size-full\" style=\"font-size: 1rem\" src=\"http:\/\/blogs.uni-siegen.de\/gde\/files\/2023\/02\/Bildschirm\u00adfoto-2023-02-28-um-22.18.43.png\" alt=\"\" width=\"1913\" height=\"1324\" srcset=\"https:\/\/blogs.uni-siegen.de\/gde\/files\/2023\/02\/Bildschirm\u00adfoto-2023-02-28-um-22.18.43.png 1913w, https:\/\/blogs.uni-siegen.de\/gde\/files\/2023\/02\/Bildschirm\u00adfoto-2023-02-28-um-22.18.43-300x208.png 300w, https:\/\/blogs.uni-siegen.de\/gde\/files\/2023\/02\/Bildschirm\u00adfoto-2023-02-28-um-22.18.43-1024x709.png 1024w, https:\/\/blogs.uni-siegen.de\/gde\/files\/2023\/02\/Bildschirm\u00adfoto-2023-02-28-um-22.18.43-768x532.png 768w, https:\/\/blogs.uni-siegen.de\/gde\/files\/2023\/02\/Bildschirm\u00adfoto-2023-02-28-um-22.18.43-1536x1063.png 1536w\" sizes=\"auto, (max-width: 706px) 89vw, (max-width: 767px) 82vw, 740px\" \/><img loading=\"lazy\" decoding=\"async\" class=\"alignnone wp-image-853 size-full\" style=\"font-size: 1rem\" src=\"http:\/\/blogs.uni-siegen.de\/gde\/files\/2023\/02\/Bildschirm\u00adfoto-2023-02-28-um-22.18.56.png\" alt=\"\" width=\"1914\" height=\"1322\" srcset=\"https:\/\/blogs.uni-siegen.de\/gde\/files\/2023\/02\/Bildschirm\u00adfoto-2023-02-28-um-22.18.56.png 1914w, https:\/\/blogs.uni-siegen.de\/gde\/files\/2023\/02\/Bildschirm\u00adfoto-2023-02-28-um-22.18.56-300x207.png 300w, https:\/\/blogs.uni-siegen.de\/gde\/files\/2023\/02\/Bildschirm\u00adfoto-2023-02-28-um-22.18.56-1024x707.png 1024w, https:\/\/blogs.uni-siegen.de\/gde\/files\/2023\/02\/Bildschirm\u00adfoto-2023-02-28-um-22.18.56-768x530.png 768w, https:\/\/blogs.uni-siegen.de\/gde\/files\/2023\/02\/Bildschirm\u00adfoto-2023-02-28-um-22.18.56-1536x1061.png 1536w\" sizes=\"auto, (max-width: 706px) 89vw, (max-width: 767px) 82vw, 740px\" \/><img loading=\"lazy\" decoding=\"async\" class=\"alignnone wp-image-852 size-full\" style=\"font-size: 1rem\" src=\"http:\/\/blogs.uni-siegen.de\/gde\/files\/2023\/02\/Bildschirm\u00adfoto-2023-02-28-um-22.19.11.png\" alt=\"\" width=\"1913\" height=\"1322\" srcset=\"https:\/\/blogs.uni-siegen.de\/gde\/files\/2023\/02\/Bildschirm\u00adfoto-2023-02-28-um-22.19.11.png 1913w, https:\/\/blogs.uni-siegen.de\/gde\/files\/2023\/02\/Bildschirm\u00adfoto-2023-02-28-um-22.19.11-300x207.png 300w, https:\/\/blogs.uni-siegen.de\/gde\/files\/2023\/02\/Bildschirm\u00adfoto-2023-02-28-um-22.19.11-1024x708.png 1024w, https:\/\/blogs.uni-siegen.de\/gde\/files\/2023\/02\/Bildschirm\u00adfoto-2023-02-28-um-22.19.11-768x531.png 768w, https:\/\/blogs.uni-siegen.de\/gde\/files\/2023\/02\/Bildschirm\u00adfoto-2023-02-28-um-22.19.11-1536x1061.png 1536w\" sizes=\"auto, (max-width: 706px) 89vw, (max-width: 767px) 82vw, 740px\" \/><img loading=\"lazy\" decoding=\"async\" class=\"alignnone size-full wp-image-869\" style=\"font-size: 1rem\" src=\"http:\/\/blogs.uni-siegen.de\/gde\/files\/2023\/02\/Bildschirm\u00adfoto-2023-02-28-um-22.17.30.png\" alt=\"\" width=\"1898\" height=\"1302\" srcset=\"https:\/\/blogs.uni-siegen.de\/gde\/files\/2023\/02\/Bildschirm\u00adfoto-2023-02-28-um-22.17.30.png 1898w, https:\/\/blogs.uni-siegen.de\/gde\/files\/2023\/02\/Bildschirm\u00adfoto-2023-02-28-um-22.17.30-300x206.png 300w, https:\/\/blogs.uni-siegen.de\/gde\/files\/2023\/02\/Bildschirm\u00adfoto-2023-02-28-um-22.17.30-1024x702.png 1024w, https:\/\/blogs.uni-siegen.de\/gde\/files\/2023\/02\/Bildschirm\u00adfoto-2023-02-28-um-22.17.30-768x527.png 768w, https:\/\/blogs.uni-siegen.de\/gde\/files\/2023\/02\/Bildschirm\u00adfoto-2023-02-28-um-22.17.30-1536x1054.png 1536w\" sizes=\"auto, (max-width: 706px) 89vw, (max-width: 767px) 82vw, 740px\" \/><img loading=\"lazy\" decoding=\"async\" class=\"alignnone wp-image-856 size-full\" style=\"font-size: 1rem\" src=\"http:\/\/blogs.uni-siegen.de\/gde\/files\/2023\/02\/Bildschirm\u00adfoto-2023-02-28-um-22.18.14.png\" alt=\"\" width=\"1913\" height=\"1324\" srcset=\"https:\/\/blogs.uni-siegen.de\/gde\/files\/2023\/02\/Bildschirm\u00adfoto-2023-02-28-um-22.18.14.png 1913w, https:\/\/blogs.uni-siegen.de\/gde\/files\/2023\/02\/Bildschirm\u00adfoto-2023-02-28-um-22.18.14-300x208.png 300w, https:\/\/blogs.uni-siegen.de\/gde\/files\/2023\/02\/Bildschirm\u00adfoto-2023-02-28-um-22.18.14-1024x709.png 1024w, https:\/\/blogs.uni-siegen.de\/gde\/files\/2023\/02\/Bildschirm\u00adfoto-2023-02-28-um-22.18.14-768x532.png 768w, https:\/\/blogs.uni-siegen.de\/gde\/files\/2023\/02\/Bildschirm\u00adfoto-2023-02-28-um-22.18.14-1536x1063.png 1536w\" sizes=\"auto, (max-width: 706px) 89vw, (max-width: 767px) 82vw, 740px\" \/><img loading=\"lazy\" decoding=\"async\" class=\"alignnone wp-image-858 size-full\" style=\"font-size: 1rem\" src=\"http:\/\/blogs.uni-siegen.de\/gde\/files\/2023\/02\/Bildschirm\u00adfoto-2023-02-28-um-22.18.02.png\" alt=\"\" width=\"1914\" height=\"1324\" srcset=\"https:\/\/blogs.uni-siegen.de\/gde\/files\/2023\/02\/Bildschirm\u00adfoto-2023-02-28-um-22.18.02.png 1914w, https:\/\/blogs.uni-siegen.de\/gde\/files\/2023\/02\/Bildschirm\u00adfoto-2023-02-28-um-22.18.02-300x208.png 300w, https:\/\/blogs.uni-siegen.de\/gde\/files\/2023\/02\/Bildschirm\u00adfoto-2023-02-28-um-22.18.02-1024x708.png 1024w, https:\/\/blogs.uni-siegen.de\/gde\/files\/2023\/02\/Bildschirm\u00adfoto-2023-02-28-um-22.18.02-768x531.png 768w, https:\/\/blogs.uni-siegen.de\/gde\/files\/2023\/02\/Bildschirm\u00adfoto-2023-02-28-um-22.18.02-1536x1063.png 1536w\" sizes=\"auto, (max-width: 706px) 89vw, (max-width: 767px) 82vw, 740px\" \/> <img loading=\"lazy\" decoding=\"async\" class=\"alignnone wp-image-857 size-full\" style=\"font-size: 1rem\" src=\"http:\/\/blogs.uni-siegen.de\/gde\/files\/2023\/02\/Bildschirm\u00adfoto-2023-02-28-um-22.19.21.png\" alt=\"\" width=\"1910\" height=\"1318\" srcset=\"https:\/\/blogs.uni-siegen.de\/gde\/files\/2023\/02\/Bildschirm\u00adfoto-2023-02-28-um-22.19.21.png 1910w, https:\/\/blogs.uni-siegen.de\/gde\/files\/2023\/02\/Bildschirm\u00adfoto-2023-02-28-um-22.19.21-300x207.png 300w, https:\/\/blogs.uni-siegen.de\/gde\/files\/2023\/02\/Bildschirm\u00adfoto-2023-02-28-um-22.19.21-1024x707.png 1024w, https:\/\/blogs.uni-siegen.de\/gde\/files\/2023\/02\/Bildschirm\u00adfoto-2023-02-28-um-22.19.21-768x530.png 768w, https:\/\/blogs.uni-siegen.de\/gde\/files\/2023\/02\/Bildschirm\u00adfoto-2023-02-28-um-22.19.21-1536x1060.png 1536w\" sizes=\"auto, (max-width: 706px) 89vw, (max-width: 767px) 82vw, 740px\" \/><span style=\"font-size: 1rem\">\u00a0<\/span><\/p>\n<p>&nbsp;<\/p>\n","protected":false},"excerpt":{"rendered":"<p>(M)ein (T)raumhaus Entwurf:\u00a0Merle Weth &nbsp; In dem Entwurf wird das Thema B\u00fccherei fokussiert. Die Fassade dient nicht nur der \u00e4u\u00dferen Form und Gestaltung, sondern auch den inneren Funktionen. Einerseits bildet die auff\u00e4llige Struktur im Inneren Sitzbereiche, anderseits Stellfl\u00e4che f\u00fcr den thematischen Schwerpunkt B\u00fccher. &nbsp; \u00a0 &nbsp;<\/p>\n","protected":false},"author":440,"featured_media":0,"comment_status":"closed","ping_status":"closed","sticky":false,"template":"","format":"standard","meta":{"footnotes":""},"categories":[122084,46970],"tags":[],"class_list":["post-807","post","type-post","status-publish","format-standard","hentry","category-mein-traumhaus","category-grundlagen-des-entwerfens-i"],"_links":{"self":[{"href":"https:\/\/blogs.uni-siegen.de\/gde\/wp-json\/wp\/v2\/posts\/807","targetHints":{"allow":["GET"]}}],"collection":[{"href":"https:\/\/blogs.uni-siegen.de\/gde\/wp-json\/wp\/v2\/posts"}],"about":[{"href":"https:\/\/blogs.uni-siegen.de\/gde\/wp-json\/wp\/v2\/types\/post"}],"author":[{"embeddable":true,"href":"https:\/\/blogs.uni-siegen.de\/gde\/wp-json\/wp\/v2\/users\/440"}],"replies":[{"embeddable":true,"href":"https:\/\/blogs.uni-siegen.de\/gde\/wp-json\/wp\/v2\/comments?post=807"}],"version-history":[{"count":10,"href":"https:\/\/blogs.uni-siegen.de\/gde\/wp-json\/wp\/v2\/posts\/807\/revisions"}],"predecessor-version":[{"id":871,"href":"https:\/\/blogs.uni-siegen.de\/gde\/wp-json\/wp\/v2\/posts\/807\/revisions\/871"}],"wp:attachment":[{"href":"https:\/\/blogs.uni-siegen.de\/gde\/wp-json\/wp\/v2\/media?parent=807"}],"wp:term":[{"taxonomy":"category","embeddable":true,"href":"https:\/\/blogs.uni-siegen.de\/gde\/wp-json\/wp\/v2\/categories?post=807"},{"taxonomy":"post_tag","embeddable":true,"href":"https:\/\/blogs.uni-siegen.de\/gde\/wp-json\/wp\/v2\/tags?post=807"}],"curies":[{"name":"wp","href":"https:\/\/api.w.org\/{rel}","templated":true}]}}