{"id":225,"date":"2021-07-11T00:06:11","date_gmt":"2021-07-10T22:06:11","guid":{"rendered":"https:\/\/blogs.uni-siegen.de\/oase-lernwerkstatt\/?p=225"},"modified":"2021-07-12T19:07:07","modified_gmt":"2021-07-12T17:07:07","slug":"glueck-in-lehrplan-und-kompetenzen","status":"publish","type":"post","link":"https:\/\/blogs.uni-siegen.de\/oase-lernwerkstatt\/2021\/07\/11\/glueck-in-lehrplan-und-kompetenzen\/","title":{"rendered":"Gl\u00fcck im Lehrplan und Kompetenzen"},"content":{"rendered":"<p><span data-contrast=\"auto\">Gl\u00fcck als Lehrninhalt wirklich einzuordnen ist schwieriger, als man zun\u00e4chst vielleicht denkt. Insgesamt versuchen wir in dieser Blogreihe in verschiedenen F\u00e4chern einen Bezug zu den Lehrpl\u00e4nen und den Bildungsstandards herzustellen. Begonnen bei den beiden F\u00e4chern, die bei uns im Fokus stehen. Kunst und Religion. K\u00fcnstlerisch kann man das Thema Gl\u00fcck auf verschiedene Weisen aufgreifen. Dort kann jegliche Methode gew\u00e4hlt werden, darzustellen, was Gl\u00fcck f\u00fcr jeden einzelnen bedeutet. Dabei wird gef\u00f6rdert, dass die Kinder \u201cFantasien und Gef\u00fchle produktiv zum Ausdruck zu bringen\u201d k\u00f6nnen. M\u00f6glich ist eine Umsetzung dementsprechend durch r\u00e4umliche Gestaltung, farbiges Gestalten, grafisches Gestalten, textiles Gestalten, durch Gestaltung mit technisch-visuellen Medien und auch mittels einer szenischen Gestaltung. Denn so unterschiedlich Gl\u00fcck f\u00fcr jeden ist, so unterschiedlich kann es auch dargestellt werden. Wirklich verankert ist Gl\u00fcck und gl\u00fccklich sein vor allem in der Auseinandersetzung mit Bildern und Objekten. Dort sollen die Sch\u00fclerInnen bereits in der Schuleingangsphase \u201c\u00fcber Empfindungen und Gef\u00fchle bei der Betrachtung von Bildern und Objekten\u201d sprechen und in den folgenden Jahren bestimmte Bildinhalte auf eigene Erfahrungen und Situationen beziehen, sie vertreten und ihren eigenen Standpunkt \u00e4u\u00dfern.<\/span><br \/>\n<span data-contrast=\"auto\">Diese Auseinandersetzung mit Gef\u00fchlen aufgrund von Bildimpulsen kann ebenfalls im Religionsunterricht erfolgen. Dort sollen die Sch\u00fclerInnen erlernen \u201ceigene Lebensfragen und Gef\u00fchle zur Sprache zu bringen, mit denen anderer zu vergleichen und biblische Geschichten \u00fcber die Ereignisoberfl\u00e4che hinaus zu verstehen\u201d. In dem Bereich Gott sucht den Menschen, der Mensch sucht Gott sollen durch eine eigene religi\u00f6se Sprache Gef\u00fchle und Erfahrungen von Freundschaft und Zuwendung, Angst und Leid ge\u00e4u\u00dfert werden k\u00f6nnen. Gl\u00fcck im Religionsunterricht einbinden kann man in verschiedenen Bereichen, denn \u00fcberall sollen die Kinder ihre Identit\u00e4t entwickeln, \u00fcber sich und die Welt philosophieren, Verantwortungsbewusstsein entwickeln, Gemeinschaft leben und neue Hoffnung sch\u00f6pfen. Begonnen bei der Akzeptanz seiner eigenen Individualit\u00e4t und der von anderen ist auch die Individualit\u00e4t von Gl\u00fcck zu beachten. Nicht jeder empfindet gleich oder erhofft sich dasselbe. Dies zu akzeptieren und dass diese Individualit\u00e4t immer von Gott akzeptiert wird, ist eine wichtige Grundlage in Religionsunterricht. <\/span><br \/>\n<span data-contrast=\"auto\">In anderen F\u00e4chern kann man Gl\u00fcck ebenfalls aufgreifen. Im Deutschunterricht kann man unterschiedliche Bilder-\/Kinder- oder Jugendb\u00fccher die diese Thematik behandeln aufgreifen. Beispiele f\u00fcr solche B\u00fccher w\u00e4ren \u201cAnleitung zum gl\u00fccklich sein\u201d von Eva Eland, \u201cEin Rucksack voller Gl\u00fcck\u201d von Julia Volmert oder \u201cHerr Gl\u00fcck und Frau Ungl\u00fcck\u201d von Antonie Schneider. Dazu k\u00f6nnen Sch\u00fclerInnen ihre \u201cGedanken und Gef\u00fchle zu Texten\u201d \u00e4u\u00dfern und \u201czu Gedanken, Handlungen und Personen in Texten Stellung\u201d nehmen und Situationen m\u00f6glicherweise auf ihre Welt beziehen und eigene Geschichten zu Gl\u00fccksmomenten verfassen.<\/span><br \/>\n<span data-contrast=\"auto\">M\u00f6glich w\u00e4re auch eine Einbettung im Sachunterricht. Denn Gl\u00fcck ist ja eigentlich eine emotionale Sache, doch passiert dabei ja auch etwas in unseren K\u00f6rpern. Was genau passiert und wie Gef\u00fchle durch unterschiedliche Hormone entsteht, kann man im Bereich Natur und Leben behandeln. Dort sollen \u201cBeobachtung der eigenen Sinneserfahrungen und der Entwicklung des eigenen K\u00f6rpers im Mittelpunkt\u201d stehen. Dort kann bei K\u00f6rper, Sinne, Ern\u00e4hrung und Gesundheit und dem Erkl\u00e4ren des Baus und Grundfunktionen des menschlichen K\u00f6rpers angesetzt werden. \u00c4hnlich wie beim Religionsunterricht spielt auch die Gemeinschaft eine Rolle im Sachunterricht. Der Bereich\u201d Mensch und Gemeinschaft\u201d regt die Sch\u00fclerInnen dazu an, \u201ceigene Bed\u00fcrfnisse, Gef\u00fchle und Interessen\u201d zu formulieren und am Ende ihrer Grundschulzeit \u201csich in Bed\u00fcrfnisse, Gef\u00fchle und Interessen anderer\u201d hineinzuversetzen.<\/span><span data-ccp-props=\"{&quot;201341983&quot;:0,&quot;335559739&quot;:160,&quot;335559740&quot;:259}\">\u00a0<\/span><\/p>\n","protected":false},"excerpt":{"rendered":"<p>Gl\u00fcck als Lehrninhalt wirklich einzuordnen ist schwieriger, als man zun\u00e4chst vielleicht denkt. Insgesamt versuchen wir in dieser Blogreihe in verschiedenen F\u00e4chern einen Bezug zu den Lehrpl\u00e4nen und den Bildungsstandards herzustellen. Begonnen bei den beiden F\u00e4chern, die bei uns im Fokus stehen. Kunst und Religion. K\u00fcnstlerisch kann man das Thema Gl\u00fcck auf verschiedene Weisen aufgreifen. Dort &hellip; <a href=\"https:\/\/blogs.uni-siegen.de\/oase-lernwerkstatt\/2021\/07\/11\/glueck-in-lehrplan-und-kompetenzen\/\" class=\"more-link\"><span class=\"screen-reader-text\">Gl\u00fcck im Lehrplan und Kompetenzen<\/span> weiterlesen <span class=\"meta-nav\">&rarr;<\/span><\/a><\/p>\n","protected":false},"author":490,"featured_media":0,"comment_status":"open","ping_status":"open","sticky":false,"template":"","format":"standard","meta":{"footnotes":""},"categories":[123117],"tags":[],"class_list":["post-225","post","type-post","status-publish","format-standard","hentry","category-blogreihe"],"_links":{"self":[{"href":"https:\/\/blogs.uni-siegen.de\/oase-lernwerkstatt\/wp-json\/wp\/v2\/posts\/225","targetHints":{"allow":["GET"]}}],"collection":[{"href":"https:\/\/blogs.uni-siegen.de\/oase-lernwerkstatt\/wp-json\/wp\/v2\/posts"}],"about":[{"href":"https:\/\/blogs.uni-siegen.de\/oase-lernwerkstatt\/wp-json\/wp\/v2\/types\/post"}],"author":[{"embeddable":true,"href":"https:\/\/blogs.uni-siegen.de\/oase-lernwerkstatt\/wp-json\/wp\/v2\/users\/490"}],"replies":[{"embeddable":true,"href":"https:\/\/blogs.uni-siegen.de\/oase-lernwerkstatt\/wp-json\/wp\/v2\/comments?post=225"}],"version-history":[{"count":2,"href":"https:\/\/blogs.uni-siegen.de\/oase-lernwerkstatt\/wp-json\/wp\/v2\/posts\/225\/revisions"}],"predecessor-version":[{"id":230,"href":"https:\/\/blogs.uni-siegen.de\/oase-lernwerkstatt\/wp-json\/wp\/v2\/posts\/225\/revisions\/230"}],"wp:attachment":[{"href":"https:\/\/blogs.uni-siegen.de\/oase-lernwerkstatt\/wp-json\/wp\/v2\/media?parent=225"}],"wp:term":[{"taxonomy":"category","embeddable":true,"href":"https:\/\/blogs.uni-siegen.de\/oase-lernwerkstatt\/wp-json\/wp\/v2\/categories?post=225"},{"taxonomy":"post_tag","embeddable":true,"href":"https:\/\/blogs.uni-siegen.de\/oase-lernwerkstatt\/wp-json\/wp\/v2\/tags?post=225"}],"curies":[{"name":"wp","href":"https:\/\/api.w.org\/{rel}","templated":true}]}}