{"id":1615,"date":"2013-04-08T18:15:07","date_gmt":"2013-04-08T16:15:07","guid":{"rendered":"http:\/\/www.pop-zeitschrift.de\/?p=1615"},"modified":"2013-04-08T18:15:07","modified_gmt":"2013-04-08T16:15:07","slug":"hinweise-zum-zweiten-heft","status":"publish","type":"post","link":"https:\/\/blogs.uni-siegen.de\/pop-zeitschrift\/2013\/04\/08\/hinweise-zum-zweiten-heft\/","title":{"rendered":"Hinweise zum zweiten Heft8.4.2013"},"content":{"rendered":"<p><a href=\"http:\/\/blogs.uni-siegen.de\/pop-zeitschrift\/files\/2012\/08\/POP-2_Cover_Druck.jpg\"><img loading=\"lazy\" decoding=\"async\" class=\"alignleft  wp-image-1456\" title=\"POP 2_Cover_Druck\" src=\"http:\/\/blogs.uni-siegen.de\/pop-zeitschrift\/files\/2012\/08\/POP-2_Cover_Druck-710x1024.jpg\" alt=\"\" width=\"228\" height=\"329\" \/><\/a>Eine ganze Reihe an Texten und Hinweisen zum zweiten Heft steht nun online.<\/p>\n<p>Zwei Artikel aus dem zweiten Heft von \u00bbPop. Kultur und Kritik\u00ab (Fr\u00fchling 2013):<\/p>\n<p><a title=\"nadja geer soul\" href=\"http:\/\/www.pop-zeitschrift.de\/2013\/04\/08\/lasst-uns-zusammen-bleiben-soul-in-der-nachpostmodernevon-nadja-geer8-4-2013\/\" target=\"_blank\">Nadja Geer: Lass(t) uns zusammen bleiben: Soul in der Nachpostmoderne<\/a><\/p>\n<p><a title=\"theo r\u00f6hle google\" href=\"http:\/\/www.pop-zeitschrift.de\/2013\/03\/24\/wie-google-wirklichkeit-produziertvon-theo-rohle24-3-2013\/\" target=\"_blank\">Theo R\u00f6hle: Wie Google Wirklichkeit produziert<\/a><\/p>\n<p>Den Schwerpunkt des Heftes bilden Beitr\u00e4ge zu den \u00f6konomischen und kulturellen \u00c4nderungen, die durch Internet-Technologien bedingt sind. <!--more mehr-->Zus\u00e4tzlich gibt es Artikel zu verschiedenen Themen von Ai Weiwei bis De La Soul, von Familienserien bis Supermarkt-\u00c4sthetik. AutorInnen u.a.: Tom Holert, Katja Sabisch, Ken Hollings, Dave Tompkins, Eckhard Schumacher.<\/p>\n<p>Hier das <a title=\"inhalt heft zwei\" href=\"http:\/\/www.pop-zeitschrift.de\/2013\/03\/14\/pop-kultur-und-kritik-inhalt-heft-214-3-2013\/\" target=\"_blank\">komplette Inhaltsverzeichnis<\/a><\/p>\n<p><a title=\"abstracts heft zwei\" href=\"http:\/\/www.pop-zeitschrift.de\/2013\/04\/07\/abstracts-der-forschungsbeitrage-aus-heft-27-4-2013\/\" target=\"_blank\">Zusammenfassungen der Forschungsbeitr\u00e4ge<\/a> (Jens Gerrit Papenburg: Soundfile. Kultur und \u00c4sthetik einer H\u00f6rtechnologie; Fernand H\u00f6rner: Dandyismus und Popkultur) stehen auf Englisch bereit.<\/p>\n<p>N\u00e4here Hinweise zu allen Autorinnen und Autoren des zweiten Heftes finden Sie <a title=\"autorenverzeichnis &quot;pop. kultur und kritik&quot;\" href=\"http:\/\/www.pop-zeitschrift.de\/2012\/09\/09\/autorinnen-und-autoren-der-zeitschrift-pop-kultur-und-kritikstand-marz-2013\/\" target=\"_blank\">hier<\/a>.<\/p>\n<p>Neben allen Buchhandlungen kann man das Heft auch direkt <a title=\"bestellung einzelheft verlag transcript\" href=\"http:\/\/www.transcript-verlag.de\/main\/wkb_wkb.php?isbi=2299&amp;btit=POP+2&amp;preis=16.80\" target=\"_blank\">hier<\/a> \u00fcber den Verlag beziehen. Das Einzelheft kostet 16,80 Euro.<\/p>\n<p>Das Jahresabonnement (zwei Hefte: M\u00e4rz- und Septemberausgabe) kostet in Deutschland 30 Euro, international 40 Euro. <a title=\"bestellformular abo &quot;pop. kultur und kritik&quot;\" href=\"http:\/\/www.transcript-verlag.de\/main\/abo_kul_pkk.php\" target=\"_blank\">Bestellformular hier<\/a>.<\/p>\n","protected":false},"excerpt":{"rendered":"<p>Eine ganze Reihe an Texten und Hinweisen zum zweiten Heft steht nun online. Zwei Artikel aus dem zweiten Heft von \u00bbPop. Kultur und Kritik\u00ab (Fr\u00fchling 2013): Nadja Geer: Lass(t) uns zusammen bleiben: Soul in der Nachpostmoderne Theo R\u00f6hle: Wie Google Wirklichkeit produziert Den Schwerpunkt des Heftes bilden Beitr\u00e4ge zu den \u00f6konomischen und kulturellen \u00c4nderungen, die [&hellip;]<\/p>\n","protected":false},"author":391,"featured_media":0,"comment_status":"closed","ping_status":"closed","sticky":false,"template":"","format":"standard","meta":{"footnotes":""},"categories":[57],"tags":[801,963,992,1386,1840],"class_list":["post-1615","post","type-post","status-publish","format-standard","hentry","category-allgemein","tag-fruhling-2013","tag-heft-zwei","tag-hinweise","tag-links","tag-pop-kultur-und-kririk"],"_links":{"self":[{"href":"https:\/\/blogs.uni-siegen.de\/pop-zeitschrift\/wp-json\/wp\/v2\/posts\/1615","targetHints":{"allow":["GET"]}}],"collection":[{"href":"https:\/\/blogs.uni-siegen.de\/pop-zeitschrift\/wp-json\/wp\/v2\/posts"}],"about":[{"href":"https:\/\/blogs.uni-siegen.de\/pop-zeitschrift\/wp-json\/wp\/v2\/types\/post"}],"author":[{"embeddable":true,"href":"https:\/\/blogs.uni-siegen.de\/pop-zeitschrift\/wp-json\/wp\/v2\/users\/391"}],"replies":[{"embeddable":true,"href":"https:\/\/blogs.uni-siegen.de\/pop-zeitschrift\/wp-json\/wp\/v2\/comments?post=1615"}],"version-history":[{"count":0,"href":"https:\/\/blogs.uni-siegen.de\/pop-zeitschrift\/wp-json\/wp\/v2\/posts\/1615\/revisions"}],"wp:attachment":[{"href":"https:\/\/blogs.uni-siegen.de\/pop-zeitschrift\/wp-json\/wp\/v2\/media?parent=1615"}],"wp:term":[{"taxonomy":"category","embeddable":true,"href":"https:\/\/blogs.uni-siegen.de\/pop-zeitschrift\/wp-json\/wp\/v2\/categories?post=1615"},{"taxonomy":"post_tag","embeddable":true,"href":"https:\/\/blogs.uni-siegen.de\/pop-zeitschrift\/wp-json\/wp\/v2\/tags?post=1615"}],"curies":[{"name":"wp","href":"https:\/\/api.w.org\/{rel}","templated":true}]}}