{"id":232,"date":"2012-09-07T16:22:57","date_gmt":"2012-09-07T14:22:57","guid":{"rendered":"http:\/\/wp11048986.wp305.webpack.hosteurope.de\/?p=232"},"modified":"2012-09-07T16:22:57","modified_gmt":"2012-09-07T14:22:57","slug":"impressum","status":"publish","type":"post","link":"https:\/\/blogs.uni-siegen.de\/pop-zeitschrift\/2012\/09\/07\/impressum\/","title":{"rendered":"Impressum"},"content":{"rendered":"<p>Verlag<\/p>\n<p>Pop-Zeitschrift<br \/>\nStr.<br \/>\nOrt<br \/>\nFon:<br \/>\nFax:<br \/>\nMail: verlag [-at-] intro.de, vorname.nachname [-at-] intro.de<\/p>\n<p>Gesch\u00e4ftsf\u00fchrung<\/p>\n<p>Redaktion www.pop-zeitschrift.de<\/p>\n<p>(Online- und News-Redaktion)<br \/>\n(Volont\u00e4r)<br \/>\nVolont\u00e4r)<br \/>\n(Praktikant\/-in)<\/p>\n<p>Redaktion Pop-Zeitschrift<\/p>\n<p>(Chefredakteur, V.i.S.d.P.)<br \/>\n(Stellvertretender Chefredakteur)<br \/>\n(Musik, B\u00fccher, PvG)<br \/>\n(News)<br \/>\n(Bildredaktion)<br \/>\n(Textchef)<br \/>\n(Lektorat)<\/p>\n<p>Praktikant\/-in)<br \/>\n(Praktikant\/-in)<\/p>\n","protected":false},"excerpt":{"rendered":"<p>Verlag Pop-Zeitschrift Str. Ort Fon: Fax: Mail: verlag [-at-] intro.de, vorname.nachname [-at-] intro.de Gesch\u00e4ftsf\u00fchrung Redaktion www.pop-zeitschrift.de (Online- und News-Redaktion) (Volont\u00e4r) Volont\u00e4r) (Praktikant\/-in) Redaktion Pop-Zeitschrift (Chefredakteur, V.i.S.d.P.) (Stellvertretender Chefredakteur) (Musik, B\u00fccher, PvG) (News) (Bildredaktion) (Textchef) (Lektorat) Praktikant\/-in) (Praktikant\/-in)<\/p>\n","protected":false},"author":391,"featured_media":0,"comment_status":"closed","ping_status":"closed","sticky":false,"template":"","format":"standard","meta":{"footnotes":""},"categories":[15625],"tags":[1059,1309,1315,1816,2589],"class_list":["post-232","post","type-post","status-publish","format-standard","hentry","category-impressum","tag-impressum","tag-kritik","tag-kultur","tag-pop","tag-zeitschrift"],"_links":{"self":[{"href":"https:\/\/blogs.uni-siegen.de\/pop-zeitschrift\/wp-json\/wp\/v2\/posts\/232","targetHints":{"allow":["GET"]}}],"collection":[{"href":"https:\/\/blogs.uni-siegen.de\/pop-zeitschrift\/wp-json\/wp\/v2\/posts"}],"about":[{"href":"https:\/\/blogs.uni-siegen.de\/pop-zeitschrift\/wp-json\/wp\/v2\/types\/post"}],"author":[{"embeddable":true,"href":"https:\/\/blogs.uni-siegen.de\/pop-zeitschrift\/wp-json\/wp\/v2\/users\/391"}],"replies":[{"embeddable":true,"href":"https:\/\/blogs.uni-siegen.de\/pop-zeitschrift\/wp-json\/wp\/v2\/comments?post=232"}],"version-history":[{"count":0,"href":"https:\/\/blogs.uni-siegen.de\/pop-zeitschrift\/wp-json\/wp\/v2\/posts\/232\/revisions"}],"wp:attachment":[{"href":"https:\/\/blogs.uni-siegen.de\/pop-zeitschrift\/wp-json\/wp\/v2\/media?parent=232"}],"wp:term":[{"taxonomy":"category","embeddable":true,"href":"https:\/\/blogs.uni-siegen.de\/pop-zeitschrift\/wp-json\/wp\/v2\/categories?post=232"},{"taxonomy":"post_tag","embeddable":true,"href":"https:\/\/blogs.uni-siegen.de\/pop-zeitschrift\/wp-json\/wp\/v2\/tags?post=232"}],"curies":[{"name":"wp","href":"https:\/\/api.w.org\/{rel}","templated":true}]}}