{"id":3615,"date":"2014-09-26T08:51:59","date_gmt":"2014-09-26T06:51:59","guid":{"rendered":"http:\/\/www.pop-zeitschrift.de\/?p=3615"},"modified":"2014-09-26T08:51:59","modified_gmt":"2014-09-26T06:51:59","slug":"mode-septembervon-monica-titton26-9-2014","status":"publish","type":"post","link":"https:\/\/blogs.uni-siegen.de\/pop-zeitschrift\/2014\/09\/26\/mode-septembervon-monica-titton26-9-2014\/","title":{"rendered":"Mode Septembervon Monica Titton26.9.2014"},"content":{"rendered":"<p>Trendschau: anthropomorphe Mode<!--more mehr--><\/p>\n<p>Oft kommt ja nichts Gutes dabei heraus, wenn aktuelle Entwicklungen aus der Wissenschaft in der Mode ihren Ausdruck finden. Die Fortschritte der Bio- und Nanotechnologie f\u00fchren etwa zur Weiterentwicklung der \u201ewearable technology\u201c. Die meist in Nachtt\u00f6nen (schwarz, dunkelgrau, schwarzblau) gehaltenen Jacken, Westen, Rucks\u00e4cke oder Brillen k\u00f6nnen dann zum Beispiel Herzfrequenzen messen, den (selbst verursachten) Schwei\u00df regulieren, Wifi-Hotspots orten oder via Bluetooth Daten empfangen. Der modische Appeal dieser biopolitischen Klamotten und Accessoires auf halbem Weg zwischen tragbarer Thermoskanne und Smartphone-Ganzk\u00f6rperanzug h\u00e4lt sich allerdings in Grenzen, trotz hartn\u00e4ckiger PR-Arbeit der Hersteller.<\/p>\n<p>In letzter Zeit l\u00e4sst sich in Gestalt von anthropomorpher Mode endlich ein am\u00fcsanter Transfer zwischen wissenschaftlicher Theorie und Mode beobachten. Gesichter, Augen, Lippen, Finger, ja sogar Ohren, Zehen oder Nasen zieren Handtaschen, Schuhspitzen, R\u00f6cke Smartphone-H\u00fcllen oder gar Abendkleider und verleihen so den Modeobjekten menschliche Z\u00fcge.<\/p>\n<p style=\"text-align: center\"><a href=\"http:\/\/blogs.uni-siegen.de\/pop-zeitschrift\/files\/2014\/09\/mcm-craig-karl-eyes-on-horizon-1.jpg\"><img loading=\"lazy\" decoding=\"async\" class=\"aligncenter  wp-image-3620\" title=\"mcm-craig-karl-eyes-on-horizon-1\" src=\"http:\/\/blogs.uni-siegen.de\/pop-zeitschrift\/files\/2014\/09\/mcm-craig-karl-eyes-on-horizon-1.jpg\" alt=\"\" width=\"410\" height=\"429\" srcset=\"https:\/\/blogs.uni-siegen.de\/pop-zeitschrift\/files\/2014\/09\/mcm-craig-karl-eyes-on-horizon-1.jpg 640w, https:\/\/blogs.uni-siegen.de\/pop-zeitschrift\/files\/2014\/09\/mcm-craig-karl-eyes-on-horizon-1-287x300.jpg 287w\" sizes=\"auto, (max-width: 410px) 100vw, 410px\" \/><\/a><em>Clutchbag von MCM, Craig&amp;Karl-Kollektion \u201eEyes on the Horizon\u201c,<br \/>\nFr\u00fchjahr-Sommer 2014<\/em><\/p>\n<p style=\"text-align: center\"><a href=\"http:\/\/blogs.uni-siegen.de\/pop-zeitschrift\/files\/2014\/09\/PRADA-SS14_ON_0082.1366x2048.jpg\"><img loading=\"lazy\" decoding=\"async\" class=\"aligncenter  wp-image-3619\" title=\"PRADA SS14_ON_0082.1366x2048\" src=\"http:\/\/blogs.uni-siegen.de\/pop-zeitschrift\/files\/2014\/09\/PRADA-SS14_ON_0082.1366x2048-683x1024.jpg\" alt=\"\" width=\"437\" height=\"655\" srcset=\"https:\/\/blogs.uni-siegen.de\/pop-zeitschrift\/files\/2014\/09\/PRADA-SS14_ON_0082.1366x2048-683x1024.jpg 683w, https:\/\/blogs.uni-siegen.de\/pop-zeitschrift\/files\/2014\/09\/PRADA-SS14_ON_0082.1366x2048-200x300.jpg 200w, https:\/\/blogs.uni-siegen.de\/pop-zeitschrift\/files\/2014\/09\/PRADA-SS14_ON_0082.1366x2048-768x1151.jpg 768w, https:\/\/blogs.uni-siegen.de\/pop-zeitschrift\/files\/2014\/09\/PRADA-SS14_ON_0082.1366x2048.jpg 1366w\" sizes=\"auto, (max-width: 437px) 100vw, 437px\" \/><\/a> <em>Prada, Fr\u00fchjahr-Sommer-Kollektion 2014<\/em><\/p>\n<p style=\"text-align: center\"><a href=\"http:\/\/blogs.uni-siegen.de\/pop-zeitschrift\/files\/2014\/09\/d9ea951fc84ea91d7f8e4d60c48f0579.jpg\"><img loading=\"lazy\" decoding=\"async\" class=\"aligncenter  wp-image-3624\" title=\"d9ea951fc84ea91d7f8e4d60c48f0579\" src=\"http:\/\/blogs.uni-siegen.de\/pop-zeitschrift\/files\/2014\/09\/d9ea951fc84ea91d7f8e4d60c48f0579.jpg\" alt=\"\" width=\"454\" height=\"384\" srcset=\"https:\/\/blogs.uni-siegen.de\/pop-zeitschrift\/files\/2014\/09\/d9ea951fc84ea91d7f8e4d60c48f0579.jpg 710w, https:\/\/blogs.uni-siegen.de\/pop-zeitschrift\/files\/2014\/09\/d9ea951fc84ea91d7f8e4d60c48f0579-300x254.jpg 300w\" sizes=\"auto, (max-width: 454px) 100vw, 454px\" \/><\/a><em>Stiletto von Pierre Hardy, Herbst-Winter-Kollektion 2014\/15<\/em> <a href=\"http:\/\/blogs.uni-siegen.de\/pop-zeitschrift\/files\/2014\/09\/Jeremy-Scott-x-Longchamp-x-Mad-Balls-Pliage-01.jpg\"><img loading=\"lazy\" decoding=\"async\" class=\"aligncenter  wp-image-3621\" title=\"Jeremy-Scott-x-Longchamp-x-Mad-Balls-Pliage-01\" src=\"http:\/\/blogs.uni-siegen.de\/pop-zeitschrift\/files\/2014\/09\/Jeremy-Scott-x-Longchamp-x-Mad-Balls-Pliage-01.jpg\" alt=\"\" width=\"461\" height=\"307\" srcset=\"https:\/\/blogs.uni-siegen.de\/pop-zeitschrift\/files\/2014\/09\/Jeremy-Scott-x-Longchamp-x-Mad-Balls-Pliage-01.jpg 960w, https:\/\/blogs.uni-siegen.de\/pop-zeitschrift\/files\/2014\/09\/Jeremy-Scott-x-Longchamp-x-Mad-Balls-Pliage-01-300x200.jpg 300w, https:\/\/blogs.uni-siegen.de\/pop-zeitschrift\/files\/2014\/09\/Jeremy-Scott-x-Longchamp-x-Mad-Balls-Pliage-01-768x512.jpg 768w\" sizes=\"auto, (max-width: 461px) 100vw, 461px\" \/><\/a><em>Handtasche von Jeremy Scott x Longchamp, Fr\u00fchjahr-Sommer-Kollektion 2014<\/em><\/p>\n<p style=\"text-align: center\"><a href=\"http:\/\/blogs.uni-siegen.de\/pop-zeitschrift\/files\/2014\/09\/Au-jour-le-jour-ss-15_UMB3902.jpg\"><img loading=\"lazy\" decoding=\"async\" class=\"aligncenter  wp-image-3618\" title=\"Au jour le jour ss 15_UMB3902\" src=\"http:\/\/blogs.uni-siegen.de\/pop-zeitschrift\/files\/2014\/09\/Au-jour-le-jour-ss-15_UMB3902-683x1024.jpg\" alt=\"\" width=\"442\" height=\"663\" srcset=\"https:\/\/blogs.uni-siegen.de\/pop-zeitschrift\/files\/2014\/09\/Au-jour-le-jour-ss-15_UMB3902-683x1024.jpg 683w, https:\/\/blogs.uni-siegen.de\/pop-zeitschrift\/files\/2014\/09\/Au-jour-le-jour-ss-15_UMB3902-200x300.jpg 200w, https:\/\/blogs.uni-siegen.de\/pop-zeitschrift\/files\/2014\/09\/Au-jour-le-jour-ss-15_UMB3902-768x1151.jpg 768w, https:\/\/blogs.uni-siegen.de\/pop-zeitschrift\/files\/2014\/09\/Au-jour-le-jour-ss-15_UMB3902.jpg 1366w\" sizes=\"auto, (max-width: 442px) 100vw, 442px\" \/><\/a><em>Au jour le jour, Fr\u00fchjahr-Sommer-Kollektion 2015<\/em><\/p>\n<p>Die Mode wird also gewisserma\u00dfen zum Leben erweckt und sie grinst, zwinkert und haucht uns K\u00fcsse zu, will uns also verf\u00fchren (was wiederum nichts Neues ist).<\/p>\n<p>In den Sozial- und Geisteswissenschaften haben sich ja schon seit L\u00e4ngerem Theorien etabliert, welche die <em>agency<\/em> von Objekten hervorheben. Der Soziologe Bruno Latour etwa pl\u00e4diert daf\u00fcr, nicht-menschlichen Dingen den Status von den Menschen gleichberechtigen Akteuren anzuerkennen und verhandelt in seiner Akteur-Netzwerk-Theorie die Grenzen zwischen Natur und Gesellschaft neu, also auch die Differenz zwischen Mensch, Tier und Handtasche. Der Literaturwissenschaftler Bill Brown (<em>A Sense of Things: The Object Matter of American Literature)<\/em> dagegen theoretisiert in Anschluss an Heideggers Dingbegriff die Rolle von Dingen und Objekten in der Moderne und erschlie\u00dft alternative Perspektiven auf das Verh\u00e4ltnis zwischen Dingen, Ideen und Kultur.<\/p>\n<p>In der Mode wird schon seit den 1930er Jahren mit anthropomorphen Designs experimentiert:<\/p>\n<p style=\"text-align: center\"><a href=\"http:\/\/blogs.uni-siegen.de\/pop-zeitschrift\/files\/2014\/09\/h2_2009.300.1227.jpg\"><img loading=\"lazy\" decoding=\"async\" class=\"aligncenter size-full wp-image-3622\" title=\"h2_2009.300.1227\" src=\"http:\/\/blogs.uni-siegen.de\/pop-zeitschrift\/files\/2014\/09\/h2_2009.300.1227.jpg\" alt=\"\" width=\"499\" height=\"208\" srcset=\"https:\/\/blogs.uni-siegen.de\/pop-zeitschrift\/files\/2014\/09\/h2_2009.300.1227.jpg 499w, https:\/\/blogs.uni-siegen.de\/pop-zeitschrift\/files\/2014\/09\/h2_2009.300.1227-300x125.jpg 300w\" sizes=\"auto, (max-width: 499px) 100vw, 499px\" \/><\/a> <em>G\u00fcrtel von Elsa Schiaparelli aus Seidentaft und Plastik, Herbst-Winter-Kollektion 1934,<br \/>\naus der Sammlung des Metropolitan Museum of Art, New <\/em> York<\/p>\n<p style=\"text-align: center\"><a href=\"http:\/\/blogs.uni-siegen.de\/pop-zeitschrift\/files\/2014\/09\/eyesp.jpg\"><img loading=\"lazy\" decoding=\"async\" class=\"aligncenter  wp-image-3623\" title=\"eyesp\" src=\"http:\/\/blogs.uni-siegen.de\/pop-zeitschrift\/files\/2014\/09\/eyesp-700x1024.jpg\" alt=\"\" width=\"389\" height=\"569\" \/><\/a><em>Pumps von Tokio Kumaga\u00ef, 1984,<br \/>\naus der Sammlung des Kyoto Costume Institute, Kyoto<\/em><\/p>\n<p>Kleidungsst\u00fccke und Accessoires werden mit menschlichen Eigenschaften dekoriert und materialisieren damit auf ironische Weise die aus feministischer Sicht schwierigsten Motive der Mode, n\u00e4mlich die Fetischisierung des weiblichen K\u00f6rpers und den Hang zur Infantilisierung. Gleichzeitig zitiert der aktuelle Micro-Trend des anthropomorphen Modedesigns die \u00c4sthetik der Pop Art und Manga-Kultur, wo das menschliche Antlitz gleichsam als Ikone wie als reine Oberfl\u00e4che massenhaft reproduziert wird.<\/p>\n<p>&nbsp;<\/p>\n<p><a title=\"homepage titton\" href=\"http:\/\/about.me\/monicatitton\" target=\"_blank\">Monica Titton<\/a> arbeitet als Soziologin und freie Autorin in Wien.<br \/>\nJ\u00fcngste Ver\u00f6ffentlichung zusammen mit Elke Gaugele u.a.: &#8222;<a title=\"buchhinweis\" href=\"http:\/\/www.sternberg-press.com\/index.php?pageId=1531&amp;l=en&amp;bookId=425&amp;sort=year\" target=\"_blank\">Aesthetic Politics in Fashion<\/a>&#8222;:<br class=\"\u201dclear\u201d\/\" \/><br \/>\n<em>&#8222;<\/em>&#8218;Aesthetic Politics in Fashion&#8216; outlines critical studies in the present cross-sections of fashion, art, politics, and global capitalism. Critically examining contemporary collaborations of artists, media, and fashion labels, this groundbreaking anthology locates fashion within ecological and ethical discourses, postcolonial styles, and critical reflections on whiteness. Contributions from a distinguished group of international scholars debate fashion as a cultural phenomenon at the intersection of artistic, creative, economic, and everyday practices.<br \/>\nAesthetic economies, the production of space, and alternative aesthetic politics are explored from interdisciplinary angles: art history, cultural science, sociology, design, and fashion studies. Aesthetic Politics in Fashion advances theorizing of fashion as an aesthetic metapolitics.<br class=\"\u201dclear\u201d\/\" \/><br \/>\nTexts by Endora Comer-Arldt, Ilka Becker, Tanja Bradaric, Martina Fineder, Eva Flicker, Elke Gaugele, Birgit Haehnel, Alicia Ku\u0308hl, Michael R. Mu\u0308ller, Sabina Muriale, Taro Ohmae, Barbara Schr\u00f6dl, Ruby Sircar, Birke Sturm, Monica Titton&#8220;<br class=\"\u201dclear\u201d\/\" \/><br \/>\nPublication Series of the Academy of Fine Arts Vienna, vol. 14<br \/>\nAugust 2014, English<br \/>\n16.5 x 22 cm, 260 pages, 27 b\/w and 47 color ill., softcover<br \/>\nISBN 978-3-95679-079-9<br \/>\n\u20ac22.00<\/p>\n","protected":false},"excerpt":{"rendered":"<p>Trendschau: anthropomorphe Mode<\/p>\n","protected":false},"author":391,"featured_media":0,"comment_status":"closed","ping_status":"closed","sticky":false,"template":"","format":"standard","meta":{"footnotes":""},"categories":[57],"tags":[201,1250,1541,1555,1838,1842,2507],"class_list":["post-3615","post","type-post","status-publish","format-standard","hentry","category-allgemein","tag-anthropomorphe-mode","tag-kolumne","tag-mode","tag-monica-titton","tag-pop-zeitschrift-de","tag-pop-kulur-und-kritik","tag-wearable-technology"],"_links":{"self":[{"href":"https:\/\/blogs.uni-siegen.de\/pop-zeitschrift\/wp-json\/wp\/v2\/posts\/3615","targetHints":{"allow":["GET"]}}],"collection":[{"href":"https:\/\/blogs.uni-siegen.de\/pop-zeitschrift\/wp-json\/wp\/v2\/posts"}],"about":[{"href":"https:\/\/blogs.uni-siegen.de\/pop-zeitschrift\/wp-json\/wp\/v2\/types\/post"}],"author":[{"embeddable":true,"href":"https:\/\/blogs.uni-siegen.de\/pop-zeitschrift\/wp-json\/wp\/v2\/users\/391"}],"replies":[{"embeddable":true,"href":"https:\/\/blogs.uni-siegen.de\/pop-zeitschrift\/wp-json\/wp\/v2\/comments?post=3615"}],"version-history":[{"count":0,"href":"https:\/\/blogs.uni-siegen.de\/pop-zeitschrift\/wp-json\/wp\/v2\/posts\/3615\/revisions"}],"wp:attachment":[{"href":"https:\/\/blogs.uni-siegen.de\/pop-zeitschrift\/wp-json\/wp\/v2\/media?parent=3615"}],"wp:term":[{"taxonomy":"category","embeddable":true,"href":"https:\/\/blogs.uni-siegen.de\/pop-zeitschrift\/wp-json\/wp\/v2\/categories?post=3615"},{"taxonomy":"post_tag","embeddable":true,"href":"https:\/\/blogs.uni-siegen.de\/pop-zeitschrift\/wp-json\/wp\/v2\/tags?post=3615"}],"curies":[{"name":"wp","href":"https:\/\/api.w.org\/{rel}","templated":true}]}}