{"id":4097,"date":"2015-02-22T18:51:59","date_gmt":"2015-02-22T16:51:59","guid":{"rendered":"http:\/\/www.pop-zeitschrift.de\/?p=4097"},"modified":"2015-02-22T18:51:59","modified_gmt":"2015-02-22T16:51:59","slug":"mode-februarvon-volker-orthmann22-2-2015","status":"publish","type":"post","link":"https:\/\/blogs.uni-siegen.de\/pop-zeitschrift\/2015\/02\/22\/mode-februarvon-volker-orthmann22-2-2015\/","title":{"rendered":"Mode Februarvon Volker Orthmann22.2.2015"},"content":{"rendered":"<p>Klassik und Sportswear: Eklektizismus als Stilprinzip in der M\u00e4nnermode\u00ad\u00ad\u00ad\u00ad<!--more mehr--><\/p>\n<p>Der Sport z\u00e4hlt zu den wichtigsten Einflussgr\u00f6\u00dfen im aktuellen Modegeschehen. Fest im Lifestyle-Urbanismus verankert, wird Sportswear im medialen und kommerziellen Kontext gerne mit seinen technologischen, funktionalen oder leistungsf\u00f6rdernden Aspekten in Verbindung gebracht.<\/p>\n<p>Besonders wenn es um M\u00e4nnermode geht, kommen textile Performance, Fortschrittlichkeit und Bequemlichkeit meistens st\u00e4rker zum Tragen als \u00e4sthetische Kategorien. Dabei ist die stilistische Verbindung von traditionellen Kleidungsst\u00fccken und Sportswear-Elementen der interessantere Aspekt, denn die Verschmelzung von Korrektheit und kalkulierter Nachl\u00e4ssigkeit bildet eines der m\u00e4chtigsten und nachhaltigsten Stilprinzipien innerhalb der M\u00e4nnermode des 20. und bisherigen 21. Jahrhunderts.<\/p>\n<p>Immerhin hat Sportkleidung in den 1920er Jahren nicht nur die weibliche Emanzipation bef\u00f6rdert, sondern auch der M\u00e4nnermode Alternativen zur strengen Etikette der viktorianischen \u00c4ra aufgezeigt. Wichtig sind in diesem Zusammenhang weniger die Wahlm\u00f6glichkeiten zwischen Freizeitkleidung und dem geforderten Habit des Berufslebens (die gab es auch schon vorher), sondern Momente, in denen die Grenzen zwischen beiden Bereichen durchl\u00e4ssig werden.<\/p>\n<p>Pers\u00f6nlichkeiten wie Edward VIII oder die gro\u00dfen Tennisspieler der 20er und 30er Jahre waren so etwas wie Pioniere der \u201eCasualisierung\u201c und des subtilen Regelbruches, indem sie g\u00e4ngige Alltagskleidung mit Elementen aus Sport und Freizeit zusammenbrachten.<\/p>\n<p>In den Dekaden des sich zuspitzenden Generationskonfliktes, den 60er und 70er Jahren, waren solche subtilen Stilmixturen eher selten, da die Mode entweder einem klassischen Regelwerk gehorchte oder sich betont offensiv gegen solche Konventionen stemmte.<\/p>\n<p>Erst in den von Hedonismus und K\u00f6rperbezogenheit gepr\u00e4gten 1980er und 90er Jahren wird die Durchmischung von Klassik und Sportswear wieder ein wichtiges Gestaltungsmittel. Giorgio Armani und Jil Sander, deren Modeauffassungen durchaus \u00e4hnlich gelagert sind, setzten in ihren fr\u00fchen M\u00e4nnerkollektionen den Standard f\u00fcr einen raffinierten Eklektizismus, der sich irgendwo zwischen sartorialem Anspruch und Wellness-Gef\u00fchl bewegt.<\/p>\n<p>Inzwischen ist die Menswear wieder an diesem Punkt angekommen. Kaum eine der k\u00fcrzlich f\u00fcr den Winter 2015 vorgestellten Kollektionen l\u00e4sst sich die M\u00f6glichkeit entgehen, das reizvolle Zusammenspiel von Formellem und Informellem auszuloten und einmal mehr zu belegen, dass die Formel Eklektizismus=Zeitgeist stimmt.<\/p>\n<p><a href=\"http:\/\/blogs.uni-siegen.de\/pop-zeitschrift\/files\/2015\/02\/rene_lacoste.jpg\"><img loading=\"lazy\" decoding=\"async\" class=\"size-large wp-image-4107\" src=\"http:\/\/blogs.uni-siegen.de\/pop-zeitschrift\/files\/2015\/02\/rene_lacoste-1024x776.jpg\" alt=\"Ren\u00e9 Lacoste\" width=\"695\" height=\"527\" srcset=\"https:\/\/blogs.uni-siegen.de\/pop-zeitschrift\/files\/2015\/02\/rene_lacoste-1024x776.jpg 1024w, https:\/\/blogs.uni-siegen.de\/pop-zeitschrift\/files\/2015\/02\/rene_lacoste-300x227.jpg 300w, https:\/\/blogs.uni-siegen.de\/pop-zeitschrift\/files\/2015\/02\/rene_lacoste-768x582.jpg 768w, https:\/\/blogs.uni-siegen.de\/pop-zeitschrift\/files\/2015\/02\/rene_lacoste.jpg 1600w\" sizes=\"auto, (max-width: 695px) 100vw, 695px\" \/><\/a><\/p>\n<p>Tennis wurde ab den 1870er Jahren popul\u00e4r. Die aristokratischen Wurzeln der Sportart sorgten daf\u00fcr, dass die Spieler auch auf dem Court in gepflegter, durchweg heller Kleidung agierten. Die Kombination aus hellen Flanellhosen und einem hoch gekn\u00f6pften wei\u00dfen Hemd war lange Standard. Das Bild zeigt <em>Ren\u00e9 Lacoste<\/em>. Im Jahr 1922 wurde die Idee f\u00fcr das ber\u00fchmte Krokodil-Logo geboren. Lacoste wurde somit nicht nur als gro\u00dfer Spieler bekannt, sondern auch als Impulsgeber f\u00fcr einen individuellen Stil innerhalb des wei\u00dfen Sports. Die Idee f\u00fcr ein bequemes, kurz\u00e4rmeliges, heute als Polo-Shirt bekanntes Hemd wird ihm ebenfalls zugeschrieben.<\/p>\n<p>&nbsp;<\/p>\n<p><a href=\"http:\/\/blogs.uni-siegen.de\/pop-zeitschrift\/files\/2015\/02\/Armani_1986.jpg\"><img loading=\"lazy\" decoding=\"async\" class=\"size-large wp-image-4099\" src=\"http:\/\/blogs.uni-siegen.de\/pop-zeitschrift\/files\/2015\/02\/Armani_1986-722x1024.jpg\" alt=\"Giorgio Armani \" width=\"695\" height=\"986\" srcset=\"https:\/\/blogs.uni-siegen.de\/pop-zeitschrift\/files\/2015\/02\/Armani_1986-722x1024.jpg 722w, https:\/\/blogs.uni-siegen.de\/pop-zeitschrift\/files\/2015\/02\/Armani_1986-212x300.jpg 212w, https:\/\/blogs.uni-siegen.de\/pop-zeitschrift\/files\/2015\/02\/Armani_1986-768x1089.jpg 768w\" sizes=\"auto, (max-width: 695px) 100vw, 695px\" \/><\/a><\/p>\n<p>&nbsp;<\/p>\n<p><em>Giorgio Armanis<\/em> M\u00e4nnerkollektionen gelten heute nicht mehr als wegweisend. In den 1980er Jahren war das noch ganz anders. Der \u201eArmani-Look\u201c \u2013 durch etliche Filmausstattungen auch einem gr\u00f6\u00dferen Publikum bekannt geworden \u2013 beeinflusste eine ganze Generation nachhaltig. Seine weich konstruierten, in indifferentes \u201eGreige\u201c getauchten Looks und die raffinierte Mischung aus Eleganz und verfeinerter Sportswear machten Armani zu einem der einflussreichsten Designer innerhalb der M\u00e4nnermode. Das Motiv ist Teil der f\u00fcr die Saison Herbst\/ Winter 1986 fotografierten Kampagne.<\/p>\n<p>&nbsp;<\/p>\n<p><a href=\"http:\/\/blogs.uni-siegen.de\/pop-zeitschrift\/files\/2015\/02\/KIM_0490.jpg\"><img loading=\"lazy\" decoding=\"async\" class=\"size-large wp-image-4101\" src=\"http:\/\/blogs.uni-siegen.de\/pop-zeitschrift\/files\/2015\/02\/KIM_0490-683x1024.jpg\" alt=\"Liam Hodges\" width=\"683\" height=\"1024\" srcset=\"https:\/\/blogs.uni-siegen.de\/pop-zeitschrift\/files\/2015\/02\/KIM_0490-683x1024.jpg 683w, https:\/\/blogs.uni-siegen.de\/pop-zeitschrift\/files\/2015\/02\/KIM_0490-200x300.jpg 200w, https:\/\/blogs.uni-siegen.de\/pop-zeitschrift\/files\/2015\/02\/KIM_0490-768x1151.jpg 768w, https:\/\/blogs.uni-siegen.de\/pop-zeitschrift\/files\/2015\/02\/KIM_0490.jpg 1366w\" sizes=\"auto, (max-width: 683px) 100vw, 683px\" \/><\/a><\/p>\n<p>&nbsp;<\/p>\n<p>Die Menswear-Kollektionen f\u00fcr den Winter 2015\/16 sind voll von Klassik-Sport-Mixturen. <em>Liam Hodges<\/em> geh\u00f6rt zur Generation junger Londoner Designer, die sich im Rahmen der MAN Show pr\u00e4sentieren. Bekannt f\u00fcr seine markante, aus unterschiedlichen Quellen gespeiste Stilistik, zeigt Hodges eine Kollektion, die sich in weiten Teilen eindeutig auf Sportswear bezieht. Das komplett in Cr\u00e8me-Wei\u00df gestaltete Unterthema erinnert an Workwear oder die Kleidung von Degenfechtern.<\/p>\n<p>&nbsp;<\/p>\n<p><a href=\"http:\/\/blogs.uni-siegen.de\/pop-zeitschrift\/files\/2015\/02\/ONP_8076.jpg\"><img loading=\"lazy\" decoding=\"async\" class=\"size-large wp-image-4102\" src=\"http:\/\/blogs.uni-siegen.de\/pop-zeitschrift\/files\/2015\/02\/ONP_8076-683x1024.jpg\" alt=\"Hood by Air\" width=\"683\" height=\"1024\" srcset=\"https:\/\/blogs.uni-siegen.de\/pop-zeitschrift\/files\/2015\/02\/ONP_8076-683x1024.jpg 683w, https:\/\/blogs.uni-siegen.de\/pop-zeitschrift\/files\/2015\/02\/ONP_8076-200x300.jpg 200w, https:\/\/blogs.uni-siegen.de\/pop-zeitschrift\/files\/2015\/02\/ONP_8076-768x1151.jpg 768w, https:\/\/blogs.uni-siegen.de\/pop-zeitschrift\/files\/2015\/02\/ONP_8076.jpg 1366w\" sizes=\"auto, (max-width: 683px) 100vw, 683px\" \/><\/a><\/p>\n<p>&nbsp;<\/p>\n<p>Das Label <em>Hood by Air<\/em> \u2013 im Moment \u201eso hip it hurts\u201c \u2013 macht das Hybride, Alienm\u00e4\u00dfige zur konzeptionellen Basis der aktuellen Kollektion. Die Looks changieren zwischen maskulin und feminin, gew\u00f6hnlich und theatralisch und nat\u00fcrlich zwischen klassischer Konfektion und Sportlichkeit.<\/p>\n<p>&nbsp;<\/p>\n<p><a href=\"http:\/\/blogs.uni-siegen.de\/pop-zeitschrift\/files\/2015\/02\/Our_Legacy_004_1366.jpg\"><img loading=\"lazy\" decoding=\"async\" class=\"size-large wp-image-4103\" src=\"http:\/\/blogs.uni-siegen.de\/pop-zeitschrift\/files\/2015\/02\/Our_Legacy_004_1366-683x1024.jpg\" alt=\"Our Legacy\" width=\"683\" height=\"1024\" srcset=\"https:\/\/blogs.uni-siegen.de\/pop-zeitschrift\/files\/2015\/02\/Our_Legacy_004_1366-683x1024.jpg 683w, https:\/\/blogs.uni-siegen.de\/pop-zeitschrift\/files\/2015\/02\/Our_Legacy_004_1366-200x300.jpg 200w, https:\/\/blogs.uni-siegen.de\/pop-zeitschrift\/files\/2015\/02\/Our_Legacy_004_1366-768x1151.jpg 768w, https:\/\/blogs.uni-siegen.de\/pop-zeitschrift\/files\/2015\/02\/Our_Legacy_004_1366.jpg 1366w\" sizes=\"auto, (max-width: 683px) 100vw, 683px\" \/><\/a><\/p>\n<p>&nbsp;<\/p>\n<p>Dass in der neuesten Darbietung des schwedischen Kultlabels <em>Our Legacy<\/em> Stile gemixt werden, hat mit der Geschichte der Marke zu tun. Sie wird in diesem Jahr zehn Jahre alt und hat das zum Anlass genommen, Inspirationen aus Gegenwart und Vergangenheit ein einer Art stilistischem Mixtape aufzubereiten. Nat\u00fcrlich prallen dabei vor allem klassische Elemente und Sportswear Einfl\u00fcsse aufeinander. Die Kombination aus technischem Top, farbigem Glencheck und konfektionierter Hose mit B\u00fcgelfalte ist eines der extremeren Beispiele aus der Kollektion.<\/p>\n<p>&nbsp;<\/p>\n<p><a href=\"http:\/\/blogs.uni-siegen.de\/pop-zeitschrift\/files\/2015\/02\/juun-j-mens-autumn-fall-winter-2015-pfw19.jpg\"><img loading=\"lazy\" decoding=\"async\" class=\"size-full wp-image-4100\" src=\"http:\/\/blogs.uni-siegen.de\/pop-zeitschrift\/files\/2015\/02\/juun-j-mens-autumn-fall-winter-2015-pfw19.jpg\" alt=\"Juun J.\" width=\"620\" height=\"933\" srcset=\"https:\/\/blogs.uni-siegen.de\/pop-zeitschrift\/files\/2015\/02\/juun-j-mens-autumn-fall-winter-2015-pfw19.jpg 620w, https:\/\/blogs.uni-siegen.de\/pop-zeitschrift\/files\/2015\/02\/juun-j-mens-autumn-fall-winter-2015-pfw19-199x300.jpg 199w\" sizes=\"auto, (max-width: 620px) 100vw, 620px\" \/><\/a><\/p>\n<p>&nbsp;<\/p>\n<p>Der koreanische Designer <em>Juun J.<\/em> ist vor allem f\u00fcr seinen kompromisslosen Einsatz von Oversize-Silhouetten bekannt. Insofern ist das Beispiel eher untypisch, zeigt aber deutlich die Kernbotschaft der aktuellen Winterkollektion: das Zusammenspiel von pr\u00e4zisem Tailoring, strengen Uniformelementen und funktionaler Sportswear.<\/p>\n<p>&nbsp;<\/p>\n<p><a href=\"http:\/\/blogs.uni-siegen.de\/pop-zeitschrift\/files\/2015\/02\/Undercover_09_1366.jpg\"><img loading=\"lazy\" decoding=\"async\" class=\"size-large wp-image-4104\" src=\"http:\/\/blogs.uni-siegen.de\/pop-zeitschrift\/files\/2015\/02\/Undercover_09_1366-683x1024.jpg\" alt=\"Undercover\" width=\"683\" height=\"1024\" srcset=\"https:\/\/blogs.uni-siegen.de\/pop-zeitschrift\/files\/2015\/02\/Undercover_09_1366-683x1024.jpg 683w, https:\/\/blogs.uni-siegen.de\/pop-zeitschrift\/files\/2015\/02\/Undercover_09_1366-200x300.jpg 200w, https:\/\/blogs.uni-siegen.de\/pop-zeitschrift\/files\/2015\/02\/Undercover_09_1366-768x1151.jpg 768w, https:\/\/blogs.uni-siegen.de\/pop-zeitschrift\/files\/2015\/02\/Undercover_09_1366.jpg 1366w\" sizes=\"auto, (max-width: 683px) 100vw, 683px\" \/><\/a><\/p>\n<p>&nbsp;<\/p>\n<p>Hinter der Marke <em>Undercover<\/em> steckt der japanische Designer Jun Takahashi. Tailoring, Workwear und Sport bilden die S\u00e4ulen seiner neuen Winterkollektion. Was hier wie eine formelle, schmal geschnittene Hose aussieht, ist in Wirklichkeit eine extrem elastische Sporthose aus Baumwoll-Stretch. Dar\u00fcber hinaus wurden Jacken und M\u00e4ntel mit Taschen f\u00fcr das neue iPhone 6 aufger\u00fcstet.<\/p>\n<p>&nbsp;<\/p>\n<p>Volker Orthmann ist Consultant f\u00fcr die Mode- und Lifestylebranche und Dozent am <a title=\"website design department\" href=\"http:\/\/www.designdept.de\/\" target=\"_blank\">Design Department<\/a> Akademie f\u00fcr Mode und Kommunikation D\u00fcsseldorf.<\/p>\n","protected":false},"excerpt":{"rendered":"<p>Klassik und Sportswear: Eklektizismus als Stilprinzip in der M\u00e4nnermode\u00ad\u00ad\u00ad\u00ad<\/p>\n","protected":false},"author":391,"featured_media":0,"comment_status":"closed","ping_status":"closed","sticky":false,"template":"","format":"standard","meta":{"footnotes":""},"categories":[57],"tags":[877,1023,1541,1837,2209,2423,2478,2545],"class_list":["post-4097","post","type-post","status-publish","format-standard","hentry","category-allgemein","tag-giorgio-armani","tag-hood-by-air","tag-mode","tag-pop-zeitschrift-2","tag-sportswear","tag-undercover","tag-volker-orthmann","tag-winterkollektion-maenner-201415"],"_links":{"self":[{"href":"https:\/\/blogs.uni-siegen.de\/pop-zeitschrift\/wp-json\/wp\/v2\/posts\/4097","targetHints":{"allow":["GET"]}}],"collection":[{"href":"https:\/\/blogs.uni-siegen.de\/pop-zeitschrift\/wp-json\/wp\/v2\/posts"}],"about":[{"href":"https:\/\/blogs.uni-siegen.de\/pop-zeitschrift\/wp-json\/wp\/v2\/types\/post"}],"author":[{"embeddable":true,"href":"https:\/\/blogs.uni-siegen.de\/pop-zeitschrift\/wp-json\/wp\/v2\/users\/391"}],"replies":[{"embeddable":true,"href":"https:\/\/blogs.uni-siegen.de\/pop-zeitschrift\/wp-json\/wp\/v2\/comments?post=4097"}],"version-history":[{"count":0,"href":"https:\/\/blogs.uni-siegen.de\/pop-zeitschrift\/wp-json\/wp\/v2\/posts\/4097\/revisions"}],"wp:attachment":[{"href":"https:\/\/blogs.uni-siegen.de\/pop-zeitschrift\/wp-json\/wp\/v2\/media?parent=4097"}],"wp:term":[{"taxonomy":"category","embeddable":true,"href":"https:\/\/blogs.uni-siegen.de\/pop-zeitschrift\/wp-json\/wp\/v2\/categories?post=4097"},{"taxonomy":"post_tag","embeddable":true,"href":"https:\/\/blogs.uni-siegen.de\/pop-zeitschrift\/wp-json\/wp\/v2\/tags?post=4097"}],"curies":[{"name":"wp","href":"https:\/\/api.w.org\/{rel}","templated":true}]}}