{"id":5615,"date":"2016-04-03T18:21:03","date_gmt":"2016-04-03T16:21:03","guid":{"rendered":"http:\/\/www.pop-zeitschrift.de\/?p=5615"},"modified":"2016-04-03T18:21:03","modified_gmt":"2016-04-03T16:21:03","slug":"popmusik-april-von-thomas-hecken3-4-2016","status":"publish","type":"post","link":"https:\/\/blogs.uni-siegen.de\/pop-zeitschrift\/2016\/04\/03\/popmusik-april-von-thomas-hecken3-4-2016\/","title":{"rendered":"Popmusik April von Thomas Hecken3.4.2016"},"content":{"rendered":"<p>Gwen Stefani, Poppy, That Poppy, N-Prolenta, Tyler Mitchell<!--more --><\/p>\n<p>Die neue Single von Gwen Stefani, wie nicht anders zu erwarten, ein fantastischer Popsong.<\/p>\n<p>[youtube id=&#8220;NXJqvmSIps4&#8243; autoplay=&#8220;no&#8220;]<\/p>\n<p>Nun wei\u00df ich aber aus vielen fr\u00fcheren Popmusik-Kolumnen, dass hier sonst wenig Popmusik empfohlen und Stefani darum wahrscheinlich auf wenig Gnade sto\u00dfen wird. Um diesen Geschmack nicht zu entt\u00e4uschen, einige Angebote zur G\u00fcte: Zuerst jemand, der Gwen Stefani als Einfluss angibt (in der aktuellen <span class=\"\">\u00bb<\/span>Teen Vogue<span class=\"\">\u00ab<\/span>), aber auch dem Minimalismus huldigt, Poppy:<\/p>\n<p>[youtube id=&#8220;IkNFODZY3C8&#8243; autoplay=&#8220;no&#8220;]<\/p>\n<p>Poppy ist auch bekannt unter dem K\u00fcnstlernamen <a title=\"interview that poppy\" href=\"https:\/\/www.youtube.com\/watch?v=_8XSVlDkhPQ\" target=\"_blank\">That Poppy<\/a>. wei\u00df aber ebenfalls um Punk-Prinzipien:<\/p>\n<p>[youtube id=&#8220;EyCrmk9c3H8&#8243; autoplay=&#8220;no&#8220;]<\/p>\n<p>Und noch einmal Avantgardismus leichtgemacht: Einfach am Radioregler drehen, ein paar Programme hintereinanderschieben, bisschen verzerren:<\/p>\n<div id=\"attachment_5622\" style=\"width: 310px\" class=\"wp-caption aligncenter\"><a href=\"http:\/\/blogs.uni-siegen.de\/pop-zeitschrift\/files\/2016\/04\/CYUNgXQWYAAr4Ir.jpg\"><img loading=\"lazy\" decoding=\"async\" aria-describedby=\"caption-attachment-5622\" class=\"wp-image-5622 size-medium\" src=\"http:\/\/blogs.uni-siegen.de\/pop-zeitschrift\/files\/2016\/04\/CYUNgXQWYAAr4Ir-300x300.jpg\" alt=\"n-prolenta (Quelle: instagram - https:\/\/www.instagram.com\/p\/BAVkm62nMgZ\/)\" width=\"300\" height=\"300\" srcset=\"https:\/\/blogs.uni-siegen.de\/pop-zeitschrift\/files\/2016\/04\/CYUNgXQWYAAr4Ir-300x300.jpg 300w, https:\/\/blogs.uni-siegen.de\/pop-zeitschrift\/files\/2016\/04\/CYUNgXQWYAAr4Ir-150x150.jpg 150w, https:\/\/blogs.uni-siegen.de\/pop-zeitschrift\/files\/2016\/04\/CYUNgXQWYAAr4Ir-100x100.jpg 100w, https:\/\/blogs.uni-siegen.de\/pop-zeitschrift\/files\/2016\/04\/CYUNgXQWYAAr4Ir.jpg 600w\" sizes=\"auto, (max-width: 300px) 100vw, 300px\" \/><\/a><p id=\"caption-attachment-5622\" class=\"wp-caption-text\">N-Prolenta (Quelle: instagram &#8211; https:\/\/www.instagram.com\/p\/BAVkm62nMgZ\/)<\/p><\/div>\n<p><span class=\"soundTitle__title sc-font g-type-shrinkwrap-inline g-type-shrinkwrap-large-primary\">N-Prolenta, <span class=\"\">\u00bb<\/span>Get Me Bodied<span class=\"\">\u00ab<\/span> (2016) &#8211; bitte unbedingt <a title=\"n-prolenta soundcloud\" href=\"https:\/\/soundcloud.com\/aqnb\/n-prolenta-get-me-bodied-2016-mix-courtesy-the-artist\" target=\"_blank\">hier<\/a> draufklicken und die ganzen 26 Minuten anh\u00f6ren (eignet sich auch bestens, um nebenher all die Sachen zu machen, die gerade anliegen).<\/span><\/p>\n<p>N-Prolenta empfiehlt (auf <a title=\"twitter n-prolenta\" href=\"https:\/\/twitter.com\/molten_ego\" target=\"_blank\">Twitter<\/a>, 28.3.2016) <span class=\"soundTitle__title sc-font g-type-shrinkwrap-inline g-type-shrinkwrap-large-primary\"><span class=\"\">\u00bb<\/span><\/span>Wish This Was Real<span class=\"soundTitle__title sc-font g-type-shrinkwrap-inline g-type-shrinkwrap-large-primary\"><span class=\"\">\u00ab<\/span><\/span> von Tyler Mitchell (Musik: Romil Hemnani):<\/p>\n<p>[vimeo id=&#8220;160522048&#8243; autoplay=&#8220;no&#8220;]<\/p>\n<p>&nbsp;<\/p>\n","protected":false},"excerpt":{"rendered":"<p>Gwen Stefani, Poppy, That Poppy, N-Prolenta, Tyler Mitchell<\/p>\n","protected":false},"author":391,"featured_media":0,"comment_status":"closed","ping_status":"closed","sticky":false,"template":"","format":"standard","meta":{"footnotes":""},"categories":[57],"tags":[922,1604,1848,1855,2304],"class_list":["post-5615","post","type-post","status-publish","format-standard","hentry","category-allgemein","tag-gwen-stefani","tag-n-prolenta","tag-popmusik","tag-poppy","tag-that-poppy"],"_links":{"self":[{"href":"https:\/\/blogs.uni-siegen.de\/pop-zeitschrift\/wp-json\/wp\/v2\/posts\/5615","targetHints":{"allow":["GET"]}}],"collection":[{"href":"https:\/\/blogs.uni-siegen.de\/pop-zeitschrift\/wp-json\/wp\/v2\/posts"}],"about":[{"href":"https:\/\/blogs.uni-siegen.de\/pop-zeitschrift\/wp-json\/wp\/v2\/types\/post"}],"author":[{"embeddable":true,"href":"https:\/\/blogs.uni-siegen.de\/pop-zeitschrift\/wp-json\/wp\/v2\/users\/391"}],"replies":[{"embeddable":true,"href":"https:\/\/blogs.uni-siegen.de\/pop-zeitschrift\/wp-json\/wp\/v2\/comments?post=5615"}],"version-history":[{"count":0,"href":"https:\/\/blogs.uni-siegen.de\/pop-zeitschrift\/wp-json\/wp\/v2\/posts\/5615\/revisions"}],"wp:attachment":[{"href":"https:\/\/blogs.uni-siegen.de\/pop-zeitschrift\/wp-json\/wp\/v2\/media?parent=5615"}],"wp:term":[{"taxonomy":"category","embeddable":true,"href":"https:\/\/blogs.uni-siegen.de\/pop-zeitschrift\/wp-json\/wp\/v2\/categories?post=5615"},{"taxonomy":"post_tag","embeddable":true,"href":"https:\/\/blogs.uni-siegen.de\/pop-zeitschrift\/wp-json\/wp\/v2\/tags?post=5615"}],"curies":[{"name":"wp","href":"https:\/\/api.w.org\/{rel}","templated":true}]}}