{"id":6307,"date":"2016-11-12T14:51:33","date_gmt":"2016-11-12T12:51:33","guid":{"rendered":"http:\/\/www.pop-zeitschrift.de\/?p=6307"},"modified":"2016-11-12T14:51:33","modified_gmt":"2016-11-12T12:51:33","slug":"mode-novembervon-sarah-eliasz12-11-2016","status":"publish","type":"post","link":"https:\/\/blogs.uni-siegen.de\/pop-zeitschrift\/2016\/11\/12\/mode-novembervon-sarah-eliasz12-11-2016\/","title":{"rendered":"Mode Novembervon Sarah Eliasz12.11.2016"},"content":{"rendered":"<p>Kurzlebige Mode?<!--more --><\/p>\n<p>Der rasche Modewechsel ist ein Ph\u00e4nomen, das wir seit der Industrialisierung beobachten k\u00f6nnen. Ein schneller Ablauf, der aus etwas Neuem, dessen zunehmender Nachahmung und der darauffolgenden Absonderung durch wieder Neues besteht. Doch w\u00e4hrend man sich fr\u00fcher darauf verlassen konnte, dass etwas zumindest eine Saison lang <em>en vogue<\/em> ist, sieht das mittlerweile anders aus.<\/p>\n<p>Modemagazine informieren nicht im Jahres-, sondern im Monatsrhythmus dar\u00fcber, was die <em>It-pieces<\/em> sind, Blogger zeigen uns auf der Social-Media-Plattform Instagram, was ihre <em>Lovelies of the week<\/em> sind, und Modelabels laden per Email-Newsletter w\u00f6chentlich dazu ein, die neue Kollektion zu shoppen. Es stellt sich die Frage, ob man diese ganzen Minitrends \u00fcberhaupt noch als Mode bezeichnen kann.<\/p>\n<p>[youtube id=&#8220;IvDwsQgPOSg&#8220; autoplay=&#8220;no&#8220;]<\/p>\n<p>Die einen bevorzugen Schlaghosen, die anderen Skinny Jeans, wieder andere Ripped Jeans und seit neustem werden nun auch <a title=\"artikel cosmopolitan\" href=\"http:\/\/www.cosmopolitan.de\/denim-trend-patchwork-diesen-herbst-tragen-alle-jeans-fans-diesen-trend-67112.html\" target=\"_blank\">Patchwork Jeans<\/a> wieder getragen. Die einen setzen auf Minimalismus, die anderen auf Maximalismus. Was denn nun? Existiert der Kreislauf der Mode \u00fcberhaupt noch oder ist er in dieser globalisierten, schnellen Welt gar nicht mehr anwendbar?<\/p>\n<p>Es ist schwierig, sich in diesem wirren Chaos einen \u00dcberblick zu verschaffen, sich nicht von der Flut an Informationen verunsichert zu f\u00fchlen. Auf Neues folgt Neues, ohne die Gelegenheit zu haben, es nachzuahmen. Um up to date zu bleiben, m\u00fcssen wir beinahe im Stundentakt online sein und Modenews abrufen. Heute schw\u00f6rt die \u201eVogue\u201c auf schulterfreie Pullover, \u201eHarpers Bazaar\u201c setzt aber auf Pullis mit Stehkragen, und \u201eTaff\u201c zeigt, dass Oversize-Pullover mit \u00fcberlangen \u00c4rmeln total im Trend sind.<\/p>\n<p>Modetrends verlaufen heutzutage parallel, jeder tr\u00e4gt alles und das sorgt f\u00fcr Verwirrung. Gibt es noch Mode, die sich durchsetzt, die die Mehrheit tr\u00e4gt? Noch vor einiger Zeit konnte man festlegen, was nun<em> in<\/em> oder <em>out<\/em> ist. Eine Zeit lang trug jeder Hotpants, w\u00e4hrend Minir\u00f6cke nicht in Frage kamen. Heute aber schaut man in die Menge und stellt fest, dass kein Kleidungsst\u00fcck wirklich dominant ist. Nat\u00fcrlich tragen manche Personen noch den Parka, andere daf\u00fcr aber Daunenjacken und wieder andere gef\u00fctterte Jeans oder Bomberjacken.<\/p>\n<p>Auf die Frage, welche Farben diese Saison getragen werden, ist die Antwort &#8218;alle&#8216;. Kann man diesen Herbst\/Winter auch Bl\u00fcmchenmuster tragen? Ja, genauso wie Karomuster, Hahnentrittmuster, Fischgr\u00e4tenmuster, Punkte und Streifen, sowohl senkrecht als auch waagerecht.<\/p>\n<p>[youtube id=&#8220;8GVob4FtiOg&#8220; autoplay=&#8220;no&#8220;]<\/p>\n<p>Welche L\u00e4nge ein Rock hat, ob Mini, Midi oder Maxi, spielt \u00fcbrigens auch keine Rolle. Wenn es wenigstens etwas g\u00e4be, das wirklich als absolut <em>out<\/em> gilt, aber sogar Adiletten mit wei\u00dfen Tennissocken werden propagiert.<\/p>\n<p>Ein wichtiger Grund daf\u00fcr sind neue Vermittlungsinstanzen, die schneller und individueller auf Entwicklungen in der Modeszene reagieren k\u00f6nnen als klassische Printmedien. Die unz\u00e4hligen Modeblogger pr\u00e4sentieren die Vielfalt an neuen Trends mehrmals t\u00e4glich, so dass die Konsumenten jederzeit Zugriff auf aktuelle Neuigkeiten haben und sich so nonstop von verschiedensten Pers\u00f6nlichkeiten \u201ainspirieren\u2018 lassen k\u00f6nnen.<\/p>\n<p>Darum k\u00f6nnen wir zumindest selber entscheiden, wem wir folgen, ob wir diesen Winter lieber Samt, Nieten oder Leder tragen, ob wir Overknee-Stiefel, Halbstiefel oder doch Schn\u00fcrboots bevorzugen und ob diese dann spitz oder eckig sein sollen. Die Entscheidung, welchen der vielen \u201aTrends\u2018 wir in unseren Kleiderschrank aufnehmen, bleibt uns \u00fcberlassen. Die eine ahmt nur noch das nach, was ihr momentan gef\u00e4llt, der andere jenes.<\/p>\n<p>So sagen wir ade zur Uniformierung und Nivellierung des Geschmacks. Mode kann man das aber nicht mehr nennen, was jetzt noch bleibt, \u00fcberdauert l\u00e4nger, der Anzug, die Jeans, der Turnschuh, die R\u00fcschenbluse etc., da greifen andere Begriffe besser, fr\u00fcher h\u00e4tte man von \u201aTracht\u2018 gesprochen, heute von \u201aKultur\u2018.<\/p>\n","protected":false},"excerpt":{"rendered":"<p>Kurzlebige Mode?<\/p>\n","protected":false},"author":391,"featured_media":0,"comment_status":"closed","ping_status":"closed","sticky":false,"template":"","format":"standard","meta":{"footnotes":""},"categories":[57],"tags":[1315,1541,1548,1606],"class_list":["post-6307","post","type-post","status-publish","format-standard","hentry","category-allgemein","tag-kultur","tag-mode","tag-modetheorie","tag-nachahmung"],"_links":{"self":[{"href":"https:\/\/blogs.uni-siegen.de\/pop-zeitschrift\/wp-json\/wp\/v2\/posts\/6307","targetHints":{"allow":["GET"]}}],"collection":[{"href":"https:\/\/blogs.uni-siegen.de\/pop-zeitschrift\/wp-json\/wp\/v2\/posts"}],"about":[{"href":"https:\/\/blogs.uni-siegen.de\/pop-zeitschrift\/wp-json\/wp\/v2\/types\/post"}],"author":[{"embeddable":true,"href":"https:\/\/blogs.uni-siegen.de\/pop-zeitschrift\/wp-json\/wp\/v2\/users\/391"}],"replies":[{"embeddable":true,"href":"https:\/\/blogs.uni-siegen.de\/pop-zeitschrift\/wp-json\/wp\/v2\/comments?post=6307"}],"version-history":[{"count":0,"href":"https:\/\/blogs.uni-siegen.de\/pop-zeitschrift\/wp-json\/wp\/v2\/posts\/6307\/revisions"}],"wp:attachment":[{"href":"https:\/\/blogs.uni-siegen.de\/pop-zeitschrift\/wp-json\/wp\/v2\/media?parent=6307"}],"wp:term":[{"taxonomy":"category","embeddable":true,"href":"https:\/\/blogs.uni-siegen.de\/pop-zeitschrift\/wp-json\/wp\/v2\/categories?post=6307"},{"taxonomy":"post_tag","embeddable":true,"href":"https:\/\/blogs.uni-siegen.de\/pop-zeitschrift\/wp-json\/wp\/v2\/tags?post=6307"}],"curies":[{"name":"wp","href":"https:\/\/api.w.org\/{rel}","templated":true}]}}