{"id":6447,"date":"2016-12-26T11:15:46","date_gmt":"2016-12-26T09:15:46","guid":{"rendered":"http:\/\/www.pop-zeitschrift.de\/?p=6447"},"modified":"2016-12-26T11:15:46","modified_gmt":"2016-12-26T09:15:46","slug":"mode-dezembervon-thomas-hecken26-12-2016","status":"publish","type":"post","link":"https:\/\/blogs.uni-siegen.de\/pop-zeitschrift\/2016\/12\/26\/mode-dezembervon-thomas-hecken26-12-2016\/","title":{"rendered":"Mode Dezembervon Thomas Hecken26.12.2016"},"content":{"rendered":"<p>Bilanz<!--more --><\/p>\n<p>Die Mode-Rubrik wird im neuen Jahr in ver\u00e4nderter Form mit aktuellen \u00dcberblicken erscheinen, dann einmal im Quartal oder Halbjahr. Eine gute Gelegenheit, um auf die ersten Jahre dieser Rubrik zur\u00fcckzublicken und eine kleine Bilanz der bisherigen monatlichen Artikel zu ziehen.<\/p>\n<p>Die Berichterstattung \u00fcber Kleidermoden ist in Deutschland fest in Hand der werbetreibenden Firmen. Artikel (bekannterma\u00dfen oft auch auf Blog-Internetseiten) bilden den Zierrat oder den Ausgangspunkt f\u00fcr Anzeigen oder Promotion. Auch die Illustrierten-Beilagen der Zeitungen der sog. Qualit\u00e4tspresse (Faz, Die Zeit etc.) sind lediglich Vehikel, um Modefirmen das passende Werbeumfeld zur Verf\u00fcgung zu stellen.<\/p>\n<p>Eine feuilletonistische Tradition der Modereflexion hat sich in Deutschland bis heute nicht einmal ansatzweise entwickelt, eine universit\u00e4re ebenfalls nicht. Unter unseren Autor*innen waren deshalb vorwiegend j\u00fcngere Leute zu finden, die an Mode-Akademien einen Abschluss erworben haben oder an Universit\u00e4ten zu Mode-Themen promovieren. Dazu kamen einige teilweise \u00e4ltere Dozent*innen von Akademien und relativ jungen Universit\u00e4ten.<\/p>\n<p>Nicht \u00fcberraschend war f\u00fcr mich, dass eine ganze Reihe gerade der j\u00fcngeren Autor*innen ihre Artikel mit gesellschaftskritischem, anti-kommerziellem Anspruch schrieben. Aus Gespr\u00e4chen mit sehr vielen Mode-Sch\u00fcler*innen in den letzten Jahren war mir gut bekannt, dass sie fast alle einen \u00e4u\u00dferst pessimistischen Blick auf die gegenw\u00e4rtige Lage (noch vor Trump) werfen: Konformismus, sozialer Druck durch Social Media, Zerst\u00f6rung der nat\u00fcrlichen Lebensgrundlage, Verlust kultureller Vielfalt, kapitalistische Zw\u00e4nge &#8211; davon scheint ihnen die Gegenwart auf schlechte Weise gepr\u00e4gt, und f\u00fcr die Zukunft erwarten sie keine Besserung, im Gegenteil.<\/p>\n<p>Dennoch k\u00e4men sie nie auf die Idee, dass sie mit diesen Ansichten in der Modebranche sehr schlecht aufgehoben sind. Auch die kulturwissenschaftlichen Beitr\u00e4ger*innen scheint der Gedanke, dass ihre zumindest teilweise Modebegeisterung sich nicht gut mit ihren anti-kommerziellen und linksalternativen Haltungen vertragen k\u00f6nnte, kaum oder gar nicht umzutreiben.<\/p>\n<p>Irgendwie sehen sie offenkundig eine M\u00f6glichkeit, dass ihre Weltsicht sich mit dem Inbegriff ruhelosen Kapitalumschlags, der Mode, verbinden lasse. Vielleicht ist es der nach wie vor h\u00e4ufig anzutreffende Glaube an die alles l\u00f6sende Macht und Bedeutung der Kreativit\u00e4t, der dies bewirkt. (Man darf wohl auch prognostizieren, dass sie, wenn sie in der Modeindustrie unter den bekannterma\u00dfen oftmals miserablen Arbeitsbedingungen eine Besch\u00e4ftigung finden sollten, sicherlich nicht versuchen werden, sich gewerkschaftlich zu organisieren; auch da machen sich die Originalit\u00e4ts- und Kreativit\u00e4tsgedanken bemerkbar.)<\/p>\n<p>Ein anderer Punkt, der mir bei der Lekt\u00fcre der Artikel unserer Mode-Rubrik aufgefallen ist, hat mich in gr\u00f6\u00dferem Ma\u00dfe \u00fcberrascht. Die Konzentration auf bekannte Designernamen war sehr stark ausgepr\u00e4gt, seien es die alten H\u00e4user (Chanel etc.) in den neuen Luxusg\u00fcterkonzernen (LVMH etc.), seien es die gerade jeweils angesagten kleineren Firmen, die man f\u00fcr besonders kreativ, experimentell und &#8211; aus dieser Perspektive: &#8211; hoffentlich Trend-setzend hielt.<\/p>\n<p>Der Gebrauch der Kleidung &#8211; wie etwas tats\u00e4chlich getragen und kombiniert wird &#8211; und die Shopping-Mall-Gesch\u00e4ft- und Kaufhaus-Kleidung spielte folgerichtig als Thema kaum eine oder gar keine Rolle. Auch das nun allgegenw\u00e4rtige Social-Media-Marketing und die Alltagskommunikation via Instagram blieb weitgehend uner\u00f6rtert. Stattdessen gab es folgende Themen &#8211; hier die Link-Liste fr\u00fcherer Beitr\u00e4ge:<\/p>\n<p><strong>Themen fr\u00fcherer Mode-Kolumnen:<\/strong><br \/>\nKurzlebige Mode? (<a title=\"Mode 11\/2016\" href=\"http:\/\/www.pop-zeitschrift.de\/2016\/11\/12\/mode-novembervon-sarah-eliasz12-11-2016\/\" target=\"_blank\">November 2016<\/a>)<br \/>\nSee Now Buy Now (<a title=\"Mode 10\/2016\" href=\"http:\/\/www.pop-zeitschrift.de\/2016\/10\/05\/mode-oktobervon-mario-keine5-10-2016\/\" target=\"_blank\">Oktober 2016<\/a>)<br \/>\nFashionable Feminism?\/Riot Grrrl Retro (<a title=\"Mode 9\/2016\" href=\"http:\/\/www.pop-zeitschrift.de\/2016\/09\/10\/mode-septembervon-sarah-held10-9-2016\/\" target=\"_blank\">September 2016<\/a>)<br \/>\nAlles Rose! \u00dcber Susanne Bisovsky (<a title=\"Mode 7\/2016\" href=\"http:\/\/www.pop-zeitschrift.de\/2016\/07\/18\/mode-julivon-ursula-graf18-7-2016\/\" target=\"_blank\">Juli 2016<\/a>)<br \/>\nMetalliclook (<a title=\"Mode 6\/2016\" href=\"http:\/\/www.pop-zeitschrift.de\/2016\/06\/20\/mode-junivon-viola-hofmann20-6-2016\/\" target=\"_blank\">Juni 2016<\/a>)<br \/>\nChanel-Schauen (<a title=\"Mode 5\/2016\" href=\"http:\/\/www.pop-zeitschrift.de\/2016\/05\/17\/mode-maivon-marie-helbing17-5-2016\/\" target=\"_blank\">Mai 2016<\/a>)<br \/>\nSneaker-Kult (<a title=\"Mode 4\/2016\" href=\"http:\/\/www.pop-zeitschrift.de\/2016\/04\/22\/mode-aprilvon-volker-orthmann22-4-2016\/\" target=\"_blank\">April 2016<\/a>)<br \/>\nWestern Boots (<a title=\"Mode 3\/2016\" href=\"http:\/\/www.pop-zeitschrift.de\/2016\/03\/13\/mode-maerzvon-viola-hofmann13-3-2016\/\" target=\"_blank\">M\u00e4rz 2016<\/a>)<br \/>\nSkinny Jeans\/Culotte (<a title=\"februar 16\" href=\"http:\/\/www.pop-zeitschrift.de\/2016\/03\/13\/mode-maerzvon-viola-hofmann13-3-2016\/%20%E2%80%9E8%20Fashion-Forward%20Pairs%20to%20Buy%20Now%E2%80%9C\" target=\"_blank\">Februar 2016<\/a>)<br \/>\nDaunenjacke (<a title=\"januar 16\" href=\"http:\/\/www.pop-zeitschrift.de\/2016\/01\/28\/mode-januarvon-jan-c-watzlawik28-1-2016\/\" target=\"_blank\">Januar 2016<\/a>)<br \/>\nK\u00f6rpertrends (<a title=\"dez 15\" href=\"http:\/\/www.pop-zeitschrift.de\/2015\/12\/23\/mode-dezembervon-stefanie-roenneke23-12-2015\/\" target=\"_blank\">Dezember 2015<\/a>)<br \/>\nModel- und Musikstars (<a title=\"nov 15\" href=\"http:\/\/www.pop-zeitschrift.de\/2016\/03\/13\/mode-maerzvon-viola-hofmann13-3-2016\/Model-%20und%20Musikstars\" target=\"_blank\">November 2015<\/a>)<br \/>\nVorgaben individualisierter Mode (<a title=\"okt 15\" href=\"http:\/\/www.pop-zeitschrift.de\/2015\/10\/13\/mode-oktobervon-jil-anders\/\" target=\"_blank\">Oktober 2015<\/a>)<br \/>\nMilit\u00e4risches in der M\u00e4nnermode (<a title=\"sept 15\" href=\"http:\/\/www.pop-zeitschrift.de\/2015\/09\/21\/mode-septembervon-volker-orthmann21-9-2015\/\" target=\"_blank\">September 2015<\/a>)<br \/>\nAlexander McQueen-Retrospektive (<a title=\"august 15\" href=\"http:\/\/www.pop-zeitschrift.de\/2015\/08\/23\/mode-augustvon-viola-hofmann23-8-2015\/\" target=\"_blank\">August 2015<\/a>)<br \/>\nBerluti (<a title=\"juli 15\" href=\"http:\/\/www.pop-zeitschrift.de\/2015\/07\/19\/mode-julidirk-hohnstraeter19-7-2015\/\" target=\"_blank\">Juli 2015<\/a>)<br \/>\nMonokel (<a title=\"juni 15\" href=\"http:\/\/www.pop-zeitschrift.de\/2015\/06\/21\/mode-junijan-c-watzlawik21-6-2015\/\" target=\"_blank\">Juni 2015<\/a>)<br \/>\nWinter 15\/16 Frauen (<a title=\"mai 15\" href=\"http:\/\/www.pop-zeitschrift.de\/2015\/05\/28\/mode-maivon-gabriele-orsech28-5-2015\/\" target=\"_blank\">Mai 2015<\/a>)<br \/>\nHealth Goth (<a title=\"m\u00e4rz 15\" href=\"http:\/\/www.pop-zeitschrift.de\/2015\/03\/29\/mode-maerzvon-patricia-und-sabina-muriale29-3-2015\/\" target=\"_blank\">M\u00e4rz 2015<\/a>)<br \/>\nSportswear M\u00e4nner (<a title=\"februar 15\" href=\"http:\/\/www.pop-zeitschrift.de\/2015\/02\/22\/mode-februarvon-volker-orthmann22-2-2015\/\" target=\"_blank\">Februar 2015<\/a>)<br \/>\nNormcore (<a title=\"januar 15\" href=\"http:\/\/www.pop-zeitschrift.de\/2015\/01\/18\/mode-januarvon-mario-keine18-1-2015\/\" target=\"_blank\">Januar 2015<\/a>)<br \/>\nSchirme (<a title=\"dez 14\" href=\"http:\/\/www.pop-zeitschrift.de\/2014\/12\/08\/mode-dezembervon-jan-c-watzlawik8-12-2014\/\" target=\"_blank\">Dezember 2014<\/a>)<br \/>\nDesigner-Kollaborationen H&amp;M (<a title=\"nov 14\" href=\"http:\/\/www.pop-zeitschrift.de\/2014\/11\/15\/mode-novembervon-mahret-kupka15-11-2014\/\" target=\"_blank\">November 2014<\/a>)<br \/>\nMode und Politik (<a title=\"okt 14\" href=\"http:\/\/www.pop-zeitschrift.de\/2014\/10\/12\/mode-oktobervon-sabina-muriale12-10-2014\/\" target=\"_blank\">Oktober 2014<\/a>)<br \/>\nAnthropomorphe Mode (<a title=\"sept 14\" href=\"http:\/\/www.pop-zeitschrift.de\/2014\/09\/26\/mode-septembervon-monica-titton26-9-2014\/\" target=\"_blank\">September 2014<\/a>)<br \/>\nWinter 14\/15 Frauen (<a title=\"august 14\" href=\"http:\/\/www.pop-zeitschrift.de\/2014\/08\/20\/mode-augustvon-gabriele-orsech20-8-2014\/\" target=\"_blank\">August 2014<\/a>)<br \/>\nHosen M\u00e4nner (<a title=\"juli 14\" href=\"http:\/\/www.pop-zeitschrift.de\/2014\/07\/14\/mode-julivon-volker-orthmann15-7-2014\/\" target=\"_blank\">Juli 2014<\/a>)<\/p>\n<p>&nbsp;<\/p>\n","protected":false},"excerpt":{"rendered":"<p>Bilanz<\/p>\n","protected":false},"author":391,"featured_media":0,"comment_status":"closed","ping_status":"closed","sticky":false,"template":"","format":"standard","meta":{"footnotes":""},"categories":[57],"tags":[1541,1542,1543],"class_list":["post-6447","post","type-post","status-publish","format-standard","hentry","category-allgemein","tag-mode","tag-mode-feuilleton","tag-mode-rubrik"],"_links":{"self":[{"href":"https:\/\/blogs.uni-siegen.de\/pop-zeitschrift\/wp-json\/wp\/v2\/posts\/6447","targetHints":{"allow":["GET"]}}],"collection":[{"href":"https:\/\/blogs.uni-siegen.de\/pop-zeitschrift\/wp-json\/wp\/v2\/posts"}],"about":[{"href":"https:\/\/blogs.uni-siegen.de\/pop-zeitschrift\/wp-json\/wp\/v2\/types\/post"}],"author":[{"embeddable":true,"href":"https:\/\/blogs.uni-siegen.de\/pop-zeitschrift\/wp-json\/wp\/v2\/users\/391"}],"replies":[{"embeddable":true,"href":"https:\/\/blogs.uni-siegen.de\/pop-zeitschrift\/wp-json\/wp\/v2\/comments?post=6447"}],"version-history":[{"count":0,"href":"https:\/\/blogs.uni-siegen.de\/pop-zeitschrift\/wp-json\/wp\/v2\/posts\/6447\/revisions"}],"wp:attachment":[{"href":"https:\/\/blogs.uni-siegen.de\/pop-zeitschrift\/wp-json\/wp\/v2\/media?parent=6447"}],"wp:term":[{"taxonomy":"category","embeddable":true,"href":"https:\/\/blogs.uni-siegen.de\/pop-zeitschrift\/wp-json\/wp\/v2\/categories?post=6447"},{"taxonomy":"post_tag","embeddable":true,"href":"https:\/\/blogs.uni-siegen.de\/pop-zeitschrift\/wp-json\/wp\/v2\/tags?post=6447"}],"curies":[{"name":"wp","href":"https:\/\/api.w.org\/{rel}","templated":true}]}}