{"id":90,"date":"2012-08-28T18:18:24","date_gmt":"2012-08-28T16:18:24","guid":{"rendered":"http:\/\/wp11048986.wp305.webpack.hosteurope.de\/?p=90"},"modified":"2012-08-28T18:18:24","modified_gmt":"2012-08-28T16:18:24","slug":"zur-zeitschrift-pop-kultur-und-kritik","status":"publish","type":"post","link":"https:\/\/blogs.uni-siegen.de\/pop-zeitschrift\/2012\/08\/28\/zur-zeitschrift-pop-kultur-und-kritik\/","title":{"rendered":"Zur Zeitschrift \u00bbPop. Kultur und Kritik\u00abvon Thomas Hecken10.9.2012"},"content":{"rendered":"<p><a href=\"http:\/\/blogs.uni-siegen.de\/pop-zeitschrift\/files\/2012\/08\/ts2153g.jpg\"><img loading=\"lazy\" decoding=\"async\" class=\"alignright wp-image-91 size-full\" title=\"Pop Kultur und Kritik Cover Ausgabe 1\" src=\"http:\/\/blogs.uni-siegen.de\/pop-zeitschrift\/files\/2012\/08\/ts2153g.jpg\" alt=\"\" width=\"260\" height=\"379\" srcset=\"https:\/\/blogs.uni-siegen.de\/pop-zeitschrift\/files\/2012\/08\/ts2153g.jpg 260w, https:\/\/blogs.uni-siegen.de\/pop-zeitschrift\/files\/2012\/08\/ts2153g-206x300.jpg 206w\" sizes=\"auto, (max-width: 260px) 100vw, 260px\" \/><\/a>Die erste Ausgabe der neuen Pop-Zeitschrift wird Mitte September auf den Markt kommen. \u00bbPop. Kultur und Kritik\u00ab (hg. v. Moritz Ba\u00dfler et al.) ist eine Print-Zeitschrift, die sich der essayistischen und wissenschaftlichen Betrachtung der Pop- und Massenkultur widmet. Sie erscheint von nun an halbj\u00e4hrlich, jeweils im September und M\u00e4rz.<\/p>\n<p>Die neue Zeitschrift \u00bbPop. Kultur und Kritik\u00ab analysiert und kommentiert die wichtigsten Tendenzen der aktuellen Popkultur in den Bereichen von Musik und Mode, Politik und \u00d6konomie, Internet und Fernsehen, Literatur und Kunst.<\/p>\n<p>\u00bbPop\u00ab liefert feuilletonistische Artikel und Essays mit kritisch pointierten Zeitdiagnosen. \u00bbPop\u00ab bietet wissenschaftliche Aufs\u00e4tze, die sich in \u00dcberblicksdarstellungen zentralen Themen der zeitgen\u00f6ssischen Popkultur widmen.<\/p>\n<p>Die Zeitschrift richtet sich sowohl an Wissenschaftler und Studenten als auch an Journalisten und alle Leser mit Interesse an der Pop- und Gegenwartskultur.<\/p>\n<p>Im aktuellen \u2013 ersten \u2013 Heft geht es u.a. um Morrissey und Hebdige, Kriegsbilder, Energie und Burnout, Gedenken auf Facebook, Lady Gaga, Staat und Wall Street.<\/p>\n<p>Beitr\u00e4ger\/innen sind u.a. Moritz Ba\u00dfler, Dick Hebdige, Ruth Mayer, Nadja Geer, Mascha Jacobs, Marcus S. Kleiner, Georg See\u00dflen, Detlef Siegfried, Wolfgang Ullrich.<\/p>\n<p>N\u00e4here Hinweise zur Zeitschrift finden Sie <a title=\"Transcript Verlag\" href=\"http:\/\/www.transcript-verlag.de\/ts2153\/ts2153.php\" target=\"_blank\" rel=\"noopener\">hier<\/a>.<\/p>\n<p>Das Heft bestellen oder ein Jahresabonnement abschlie\u00dfen k\u00f6nnen Sie <a title=\"Transcript Verlag Abo\" href=\"http:\/\/www.transcript-verlag.de\/main\/abo_kul_pkk.php\" target=\"_blank\" rel=\"noopener\">hier<\/a>.<\/p>\n<p>Die Zeitschrift kann auch \u00fcber jede Buchhandlung und jeden Internetbuchversand bestellt werden.<\/p>\n<p>Das sch\u00f6ne Coverfoto ist von Sina Michalskaja. Ein Ausschnitt daraus er\u00f6ffnet auch diese Internetseite. Die Website von Sina Michalskaja mit weiteren Fotos: <a href=\"http:\/\/www.sinamichalskaja.de\/projects\/start\/\" target=\"_blank\" rel=\"noopener\">hier<\/a>.<\/p>\n<p>Das Cover und das Layout der Zeitschrift haben <a title=\"Charlotte Cassel\" href=\"http:\/\/www.charlottecassel.de\/\" target=\"_blank\" rel=\"noopener\">Charlotte Cassel<\/a> und Sina Michalskaja gestaltet.<\/p>\n","protected":false},"excerpt":{"rendered":"<p>Die erste Ausgabe der neuen Pop-Zeitschrift wird Mitte September auf den Markt kommen. \u00bbPop. Kultur und Kritik\u00ab (hg. v. Moritz Ba\u00dfler et al.) ist eine Print-Zeitschrift, die sich der essayistischen und wissenschaftlichen Betrachtung der Pop- und Massenkultur widmet. Sie erscheint von nun an halbj\u00e4hrlich, jeweils im September und M\u00e4rz. Die neue Zeitschrift \u00bbPop. Kultur und [&hellip;]<\/p>\n","protected":false},"author":391,"featured_media":0,"comment_status":"closed","ping_status":"closed","sticky":false,"template":"","format":"standard","meta":{"footnotes":""},"categories":[57],"tags":[947,1309,1315,1816,2335,2589],"class_list":["post-90","post","type-post","status-publish","format-standard","hentry","category-allgemein","tag-hecken","tag-kritik","tag-kultur","tag-pop","tag-thomas","tag-zeitschrift"],"_links":{"self":[{"href":"https:\/\/blogs.uni-siegen.de\/pop-zeitschrift\/wp-json\/wp\/v2\/posts\/90","targetHints":{"allow":["GET"]}}],"collection":[{"href":"https:\/\/blogs.uni-siegen.de\/pop-zeitschrift\/wp-json\/wp\/v2\/posts"}],"about":[{"href":"https:\/\/blogs.uni-siegen.de\/pop-zeitschrift\/wp-json\/wp\/v2\/types\/post"}],"author":[{"embeddable":true,"href":"https:\/\/blogs.uni-siegen.de\/pop-zeitschrift\/wp-json\/wp\/v2\/users\/391"}],"replies":[{"embeddable":true,"href":"https:\/\/blogs.uni-siegen.de\/pop-zeitschrift\/wp-json\/wp\/v2\/comments?post=90"}],"version-history":[{"count":0,"href":"https:\/\/blogs.uni-siegen.de\/pop-zeitschrift\/wp-json\/wp\/v2\/posts\/90\/revisions"}],"wp:attachment":[{"href":"https:\/\/blogs.uni-siegen.de\/pop-zeitschrift\/wp-json\/wp\/v2\/media?parent=90"}],"wp:term":[{"taxonomy":"category","embeddable":true,"href":"https:\/\/blogs.uni-siegen.de\/pop-zeitschrift\/wp-json\/wp\/v2\/categories?post=90"},{"taxonomy":"post_tag","embeddable":true,"href":"https:\/\/blogs.uni-siegen.de\/pop-zeitschrift\/wp-json\/wp\/v2\/tags?post=90"}],"curies":[{"name":"wp","href":"https:\/\/api.w.org\/{rel}","templated":true}]}}