{"id":9571,"date":"2019-10-14T11:00:30","date_gmt":"2019-10-14T09:00:30","guid":{"rendered":"http:\/\/www.pop-zeitschrift.de\/?p=9571"},"modified":"2019-10-14T11:00:30","modified_gmt":"2019-10-14T09:00:30","slug":"heft-15-von-pop-kultur-und-kritik14-10-2019","status":"publish","type":"post","link":"https:\/\/blogs.uni-siegen.de\/pop-zeitschrift\/2019\/10\/14\/heft-15-von-pop-kultur-und-kritik14-10-2019\/","title":{"rendered":"Heft 15 von \u00bbPop. Kultur und Kritik\u00ab14.10.2019"},"content":{"rendered":"<div>\n<div>\n<div>\n<div>\n<p>Die neue Ausgabe der \u00bbPop\u00ab-Zeitschrift ist erschienen.<\/p>\n<p>Insgesamt 19 Aufs\u00e4tze <a href=\"http:\/\/blogs.uni-siegen.de\/pop-zeitschrift\/files\/2019\/09\/Pop-15-cover.jpg\"><img loading=\"lazy\" decoding=\"async\" class=\"alignright\" src=\"http:\/\/blogs.uni-siegen.de\/pop-zeitschrift\/files\/2019\/09\/Pop-15-cover-208x300.jpg\" alt=\"\" width=\"208\" height=\"300\" \/><\/a><\/p>\n<p>\u2013 etwa zu Autos, K-Pop, Nerds, ASMR, Enteignungen, Rezo, Skippen, geschrieben von u.a. Elena Beregow, Annekathrin Kohout, Maren Lickhardt, Niels Werber, Johannes Pa\u00dfmann und J\u00f6rg Scheller.<\/p>\n<p>Das komplette Inhaltsverzeichnis steht <a href=\"http:\/\/www.pop-zeitschrift.de\/2019\/09\/29\/pop-kultur-und-kritik-heft-15-herbst-2019inhaltsuebersicht-und-weitere-hinweise29-9-2019\/\" target=\"_blank\" rel=\"noopener\">hier<\/a>.<\/p>\n<p>Neben allen Buchhandlungen kann man das Heft auch direkt <a href=\"https:\/\/www.transcript-verlag.de\/978-3-8376-4457-9\/pop\/?c=312000158\" target=\"_blank\" rel=\"noopener\">hier<\/a> \u00fcber den Verlag beziehen. Das Einzelheft kostet 16,80 Euro.<\/p>\n<p>Das Jahresabonnement (zwei Hefte: Fr\u00fchling- und Herbstausgabe) kostet in Deutschland 30 Euro, international 40 Euro.<br \/>\nSolange der Vorrat reicht, gibt es ein \u00e4lteres Heft gratis dazu. Abo <a href=\"https:\/\/www.transcript-verlag.de\/zeitschriften\/pop.-kultur-und-kritik\/?f=12320&amp;p=1\" target=\"_blank\" rel=\"noopener\">hier<\/a>.<\/p>\n<\/div>\n<\/div>\n<\/div>\n<\/div>\n","protected":false},"excerpt":{"rendered":"<p>Die neue Ausgabe der \u00bbPop\u00ab-Zeitschrift ist erschienen. Insgesamt 19 Aufs\u00e4tze \u2013 etwa zu Autos, K-Pop, Nerds, ASMR, Enteignungen, Rezo, Skippen, geschrieben von u.a. Elena Beregow, Annekathrin Kohout, Maren Lickhardt, Niels Werber, Johannes Pa\u00dfmann und J\u00f6rg Scheller. Das komplette Inhaltsverzeichnis steht hier. Neben allen Buchhandlungen kann man das Heft auch direkt hier \u00fcber den Verlag beziehen. [&hellip;]<\/p>\n","protected":false},"author":391,"featured_media":0,"comment_status":"closed","ping_status":"closed","sticky":false,"template":"","format":"standard","meta":{"footnotes":""},"categories":[57],"tags":[193,379,474,628,953,984,1074,1143,1159,1186,1446,1563,1641,1675,1738,1841,1976,1996,2148,2265,2337],"class_list":["post-9571","post","type-post","status-publish","format-standard","hentry","category-allgemein","tag-annekathrin-kohout","tag-boygroup","tag-cover","tag-elena-beregow","tag-heft-15","tag-herbst-2019","tag-inhalt","tag-johanns-passmann","tag-jorg-scheller","tag-k-pop","tag-maren-lickhardt","tag-moritz-basler","tag-nerd","tag-niels-werber","tag-parfuem","tag-pop-kultur-und-kritik","tag-relotius","tag-rezo","tag-skippen","tag-suv","tag-thomas-hecken"],"_links":{"self":[{"href":"https:\/\/blogs.uni-siegen.de\/pop-zeitschrift\/wp-json\/wp\/v2\/posts\/9571","targetHints":{"allow":["GET"]}}],"collection":[{"href":"https:\/\/blogs.uni-siegen.de\/pop-zeitschrift\/wp-json\/wp\/v2\/posts"}],"about":[{"href":"https:\/\/blogs.uni-siegen.de\/pop-zeitschrift\/wp-json\/wp\/v2\/types\/post"}],"author":[{"embeddable":true,"href":"https:\/\/blogs.uni-siegen.de\/pop-zeitschrift\/wp-json\/wp\/v2\/users\/391"}],"replies":[{"embeddable":true,"href":"https:\/\/blogs.uni-siegen.de\/pop-zeitschrift\/wp-json\/wp\/v2\/comments?post=9571"}],"version-history":[{"count":0,"href":"https:\/\/blogs.uni-siegen.de\/pop-zeitschrift\/wp-json\/wp\/v2\/posts\/9571\/revisions"}],"wp:attachment":[{"href":"https:\/\/blogs.uni-siegen.de\/pop-zeitschrift\/wp-json\/wp\/v2\/media?parent=9571"}],"wp:term":[{"taxonomy":"category","embeddable":true,"href":"https:\/\/blogs.uni-siegen.de\/pop-zeitschrift\/wp-json\/wp\/v2\/categories?post=9571"},{"taxonomy":"post_tag","embeddable":true,"href":"https:\/\/blogs.uni-siegen.de\/pop-zeitschrift\/wp-json\/wp\/v2\/tags?post=9571"}],"curies":[{"name":"wp","href":"https:\/\/api.w.org\/{rel}","templated":true}]}}